{"id":56684,"date":"2022-06-10T11:56:51","date_gmt":"2022-06-10T15:56:51","guid":{"rendered":"https:\/\/icleicanada.org\/?p=56684\/"},"modified":"2022-06-16T16:42:57","modified_gmt":"2022-06-16T20:42:57","slug":"infolettre-de-juin-2022","status":"publish","type":"post","link":"https:\/\/icleicanada.org\/fr\/infolettre-de-juin-2022\/","title":{"rendered":"Infolettre de juin 2022"},"content":{"rendered":"<p>[et_pb_section fb_built=\u00a0\u00bb1&Prime; _builder_version=\u00a0\u00bb4.4.0&Prime; background_color=\u00a0\u00bb#ffffff\u00a0\u00bb custom_padding=\u00a0\u00bb0px||0px||false|false\u00a0\u00bb][et_pb_row _builder_version=\u00a0\u00bb4.4.0&Prime; custom_padding=\u00a0\u00bb0px||0px||false|false\u00a0\u00bb][et_pb_column type=\u00a0\u00bb4_4&Prime; _builder_version=\u00a0\u00bb4.4.0&Prime;][et_pb_text admin_label=\u00a0\u00bbTitle\u00a0\u00bb _builder_version=\u00a0\u00bb4.4.0&Prime; text_font=\u00a0\u00bbNoto Sans|700|||||||\u00a0\u00bb text_text_color=\u00a0\u00bb#747d88&Prime; text_font_size=\u00a0\u00bb15px\u00a0\u00bb text_line_height=\u00a0\u00bb1.9em\u00a0\u00bb header_font=\u00a0\u00bb||||||||\u00a0\u00bb header_2_font=\u00a0\u00bbNoto Sans|700|||||||\u00a0\u00bb header_2_text_align=\u00a0\u00bbleft\u00a0\u00bb header_2_font_size=\u00a0\u00bb42px\u00a0\u00bb max_width=\u00a0\u00bb700px\u00a0\u00bb module_alignment=\u00a0\u00bbcenter\u00a0\u00bb custom_margin=\u00a0\u00bb||||false|false\u00a0\u00bb custom_padding=\u00a0\u00bb0px||0px|0px|false|false\u00a0\u00bb animation_style=\u00a0\u00bbslide\u00a0\u00bb animation_direction=\u00a0\u00bbbottom\u00a0\u00bb animation_intensity_slide=\u00a0\u00bb4%\u00a0\u00bb locked=\u00a0\u00bboff\u00a0\u00bb]<\/p>\n<h2><span size=\"6\" style=\"font-size: xx-large;\">Points forts du sommet de Malm\u00f6<\/span><\/h2>\n<p>[\/et_pb_text][\/et_pb_column][\/et_pb_row][et_pb_row column_structure=\u00a0\u00bb2_5,3_5&Prime; _builder_version=\u00a0\u00bb4.4.0&Prime; custom_padding=\u00a0\u00bb||0px||false|false\u00a0\u00bb][et_pb_column type=\u00a0\u00bb2_5&Prime; _builder_version=\u00a0\u00bb4.4.0&Prime;][et_pb_image src=\u00a0\u00bbhttps:\/\/icleicanada.org\/wp-content\/uploads\/2022\/06\/10.png\u00a0\u00bb _builder_version=\u00a0\u00bb4.4.0&Prime;][\/et_pb_image][et_pb_image src=\u00a0\u00bbhttps:\/\/icleicanada.org\/wp-content\/uploads\/2022\/06\/11.png\u00a0\u00bb _builder_version=\u00a0\u00bb4.4.0&Prime;][\/et_pb_image][et_pb_image src=\u00a0\u00bbhttps:\/\/icleicanada.org\/wp-content\/uploads\/2022\/06\/13.png\u00a0\u00bb _builder_version=\u00a0\u00bb4.4.0&Prime;][\/et_pb_image][\/et_pb_column][et_pb_column type=\u00a0\u00bb3_5&Prime; _builder_version=\u00a0\u00bb4.4.0&Prime;][et_pb_text _builder_version=\u00a0\u00bb4.4.0&Prime; text_font=\u00a0\u00bbNoto Sans||||||||\u00a0\u00bb text_text_color=\u00a0\u00bb#0a0a0a\u00a0\u00bb header_3_line_height=\u00a0\u00bb1.1em\u00a0\u00bb header_4_line_height=\u00a0\u00bb1.2em\u00a0\u00bb custom_padding=\u00a0\u00bb||0px||false|false\u00a0\u00bb]<\/p>\n<h4>Le sommet de Malm\u00f6, qui s&rsquo;est tenu du 11 au 13 mai 2022, a conclu le congr\u00e8s mondial d&rsquo;ICLEI. L&rsquo;\u00e9v\u00e9nement a \u00e9t\u00e9 une source d&rsquo;inspiration, fournissant une exp\u00e9rience de premi\u00e8re main du parcours de durabilit\u00e9 de Malm\u00f6.<\/h4>\n<p>[\/et_pb_text][et_pb_text _builder_version=\u00a0\u00bb4.4.0&Prime; text_font=\u00a0\u00bbNoto Sans||||||||\u00a0\u00bb text_text_color=\u00a0\u00bb#0a0a0a\u00a0\u00bb link_font=\u00a0\u00bbNoto Sans||||||||\u00a0\u00bb link_text_color=\u00a0\u00bb#eb5e28&Prime; header_3_line_height=\u00a0\u00bb1.1em\u00a0\u00bb header_4_line_height=\u00a0\u00bb1.2em\u00a0\u00bb]<\/p>\n<p>Tous les trois ans, ICLEI organise un congr\u00e8s mondial pour rassembler ce vaste r\u00e9seau et partager le progr\u00e8s des gouvernements locaux en d\u00e9veloppement urbain durable dans le monde entier. Le Congr\u00e8s mondial d&rsquo;ICLEI permet d&rsquo;entrer en contact avec des pairs et des partenaires strat\u00e9giques, ainsi que le partage d&rsquo;informations sur diverses initiatives.<\/p>\n<p>[\/et_pb_text][et_pb_text _builder_version=\u00a0\u00bb4.4.0&Prime; text_font=\u00a0\u00bbNoto Sans||||||||\u00a0\u00bb text_text_color=\u00a0\u00bb#0a0a0a\u00a0\u00bb link_font=\u00a0\u00bbNoto Sans||||||||\u00a0\u00bb link_text_color=\u00a0\u00bb#eb5e28&Prime; header_3_line_height=\u00a0\u00bb1.1em\u00a0\u00bb header_4_line_height=\u00a0\u00bb1.2em\u00a0\u00bb module_alignment=\u00a0\u00bbleft\u00a0\u00bb custom_padding=\u00a0\u00bb|||5px|false|false\u00a0\u00bb]<\/p>\n<ul>\n<li><span style=\"font-weight: 400;\"><a href=\"https:\/\/worldcongress.iclei.org\/malmo-commitment\/\"><span>L&rsquo;engagement de Malm\u00f6 sur les communaut\u00e9s inclusives et \u00e9quitables<\/span><\/a>\u00a0(en anglais).<\/span><\/li>\n<li><a href=\"https:\/\/www.flickr.com\/photos\/icleiglobal\/albums\/with\/72157697656322714\"><span style=\"font-weight: 400;\">Photos et vid\u00e9os<\/span><\/a><span style=\"font-weight: 400;\"> <span>(en anglais)\u00a0des sessions, des pr\u00e9-\u00e9v\u00e9nements et des visites de terrain.<\/span><\/span><\/li>\n<li><span style=\"font-weight: 400;\">R\u00e9sum\u00e9s quotidiens du congr\u00e8s pour les jours <\/span><a href=\"https:\/\/mailchi.mp\/iclei.org\/malmo-summit-day-one\"><span style=\"font-weight: 400;\">1<\/span><\/a><span style=\"font-weight: 400;\">, <\/span><a href=\"https:\/\/mailchi.mp\/iclei.org\/malmo-summit-day-two\"><span style=\"font-weight: 400;\">2<\/span><\/a><span style=\"font-weight: 400;\">, et\u00a0<\/span><a href=\"https:\/\/mailchi.mp\/iclei.org\/malmo-summit-day-three\"><span style=\"font-weight: 400;\">Day 3<\/span><\/a>\u00a0(en anglais).<\/li>\n<\/ul>\n<p>[\/et_pb_text][\/et_pb_column][\/et_pb_row][\/et_pb_section][et_pb_section fb_built=\u00a0\u00bb1&Prime; _builder_version=\u00a0\u00bb4.4.0&Prime; background_color=\u00a0\u00bb#f9f9f9&Prime; custom_padding=\u00a0\u00bb10px||10px||false|false\u00a0\u00bb][et_pb_row _builder_version=\u00a0\u00bb4.4.0&Prime; custom_padding=\u00a0\u00bb0px||0px||false|false\u00a0\u00bb][et_pb_column type=\u00a0\u00bb4_4&Prime; _builder_version=\u00a0\u00bb4.4.0&Prime;][et_pb_text admin_label=\u00a0\u00bbTitle\u00a0\u00bb _builder_version=\u00a0\u00bb4.4.0&Prime; text_font=\u00a0\u00bbNoto Sans|700|||||||\u00a0\u00bb text_text_color=\u00a0\u00bb#747d88&Prime; text_font_size=\u00a0\u00bb15px\u00a0\u00bb text_line_height=\u00a0\u00bb1.9em\u00a0\u00bb header_font=\u00a0\u00bb||||||||\u00a0\u00bb header_2_font=\u00a0\u00bbNoto Sans|700|||||||\u00a0\u00bb header_2_text_align=\u00a0\u00bbcenter\u00a0\u00bb header_2_font_size=\u00a0\u00bb42px\u00a0\u00bb max_width=\u00a0\u00bb700px\u00a0\u00bb module_alignment=\u00a0\u00bbcenter\u00a0\u00bb custom_margin=\u00a0\u00bb||||false|false\u00a0\u00bb custom_padding=\u00a0\u00bb0px||0px|0px|false|false\u00a0\u00bb animation_style=\u00a0\u00bbslide\u00a0\u00bb animation_direction=\u00a0\u00bbbottom\u00a0\u00bb animation_intensity_slide=\u00a0\u00bb4%\u00a0\u00bb locked=\u00a0\u00bboff\u00a0\u00bb]<\/p>\n<h2 style=\"text-align: left;\"><span size=\"6\" style=\"font-size: xx-large;\">Strat\u00e9gie nationale d\u2019adaptation du Canada<\/span><\/h2>\n<p>[\/et_pb_text][\/et_pb_column][\/et_pb_row][et_pb_row _builder_version=\u00a0\u00bb4.4.0&Prime; background_color=\u00a0\u00bbrgba(0,0,0,0)\u00a0\u00bb custom_padding=\u00a0\u00bb20px||||false|false\u00a0\u00bb][et_pb_column type=\u00a0\u00bb4_4&Prime; _builder_version=\u00a0\u00bb4.4.0&Prime;][et_pb_text _builder_version=\u00a0\u00bb4.4.0&Prime; text_font=\u00a0\u00bbNoto Sans||||||||\u00a0\u00bb text_text_color=\u00a0\u00bb#0a0a0a\u00a0\u00bb header_3_line_height=\u00a0\u00bb1.1em\u00a0\u00bb header_4_line_height=\u00a0\u00bb1.2em\u00a0\u00bb custom_padding=\u00a0\u00bb||10px||false|false\u00a0\u00bb]<\/p>\n<h4>Partagez vos id\u00e9es sur la Strat\u00e9gie nationale d&rsquo;adaptation du Canada\u00a0 en ligne\u00a0jusqu&rsquo;au 15 juillet 2022.<\/h4>\n<p>[\/et_pb_text][et_pb_text _builder_version=\u00a0\u00bb4.4.0&Prime; text_font=\u00a0\u00bbNoto Sans||||||||\u00a0\u00bb text_text_color=\u00a0\u00bb#0a0a0a\u00a0\u00bb link_font=\u00a0\u00bbNoto Sans||||||||\u00a0\u00bb link_text_color=\u00a0\u00bb#eb5e28&Prime; header_3_line_height=\u00a0\u00bb1.1em\u00a0\u00bb header_4_line_height=\u00a0\u00bb1.2em\u00a0\u00bb]<\/p>\n<p>aLe gouvernement du Canada demande aux Canadiens de s&rsquo;impliquer en identifiant des actions dans 5 domaines prioritaires d&rsquo;adaptation :<\/p>\n<ul>\n<li>Environnement naturel florissant<\/li>\n<li>R\u00e9silience et s\u00e9curit\u00e9 en cas de catastrophe<\/li>\n<li>Sant\u00e9 et bien-\u00eatre<\/li>\n<li>Infrastructures naturelles et b\u00e2ties r\u00e9silientes<\/li>\n<li>\u00c9conomie forte et r\u00e9siliente<\/li>\n<\/ul>\n<p>Le gouvernement sollicite \u00e9galement des exp\u00e9riences et apprentissages ainsi que des commentaires suppl\u00e9mentaires. Vous pouvez partager vos id\u00e9es et vos commentaires sur le\u00a0<a href=\"https:\/\/parlonsadaptation.ca\/\" target=\"_blank\" rel=\"noopener noreferrer\">site web de la Strat\u00e9gie nationale d&rsquo;adaptation<\/a>\u00a0jusqu&rsquo;au 15 juillet.<\/p>\n<p>[\/et_pb_text][\/et_pb_column][\/et_pb_row][\/et_pb_section][et_pb_section fb_built=\u00a0\u00bb1&Prime; _builder_version=\u00a0\u00bb4.4.0&Prime; background_color=\u00a0\u00bb#c9e9eb\u00a0\u00bb custom_padding=\u00a0\u00bb20px|10px|20px|10px|false|false\u00a0\u00bb link_option_url_new_window=\u00a0\u00bbon\u00a0\u00bb][et_pb_row _builder_version=\u00a0\u00bb4.4.0&Prime; custom_padding=\u00a0\u00bb||||false|false\u00a0\u00bb][et_pb_column type=\u00a0\u00bb4_4&Prime; _builder_version=\u00a0\u00bb4.4.0&Prime;][et_pb_text admin_label=\u00a0\u00bbTitle\u00a0\u00bb _builder_version=\u00a0\u00bb4.4.0&Prime; text_font=\u00a0\u00bbNoto Sans|700|||||||\u00a0\u00bb text_text_color=\u00a0\u00bb#747d88&Prime; text_font_size=\u00a0\u00bb15px\u00a0\u00bb text_line_height=\u00a0\u00bb1.9em\u00a0\u00bb header_font=\u00a0\u00bb||||||||\u00a0\u00bb header_text_align=\u00a0\u00bbleft\u00a0\u00bb header_2_font=\u00a0\u00bbNoto Sans|700|||||||\u00a0\u00bb header_2_text_align=\u00a0\u00bbcenter\u00a0\u00bb header_2_font_size=\u00a0\u00bb44px\u00a0\u00bb max_width=\u00a0\u00bb700px\u00a0\u00bb module_alignment=\u00a0\u00bbcenter\u00a0\u00bb custom_margin=\u00a0\u00bb||||false|false\u00a0\u00bb custom_padding=\u00a0\u00bb0px||0px|0px|false|false\u00a0\u00bb animation_style=\u00a0\u00bbslide\u00a0\u00bb animation_direction=\u00a0\u00bbbottom\u00a0\u00bb animation_intensity_slide=\u00a0\u00bb4%\u00a0\u00bb locked=\u00a0\u00bboff\u00a0\u00bb]<\/p>\n<h2><span size=\"6\" style=\"font-size: xx-large;\">Nouvelles ressources<\/span><\/h2>\n<p>[\/et_pb_text][\/et_pb_column][\/et_pb_row][et_pb_row column_structure=\u00a0\u00bb1_2,1_2&Prime; _builder_version=\u00a0\u00bb4.4.0&Prime; custom_margin=\u00a0\u00bb0px||||false|false\u00a0\u00bb custom_padding=\u00a0\u00bb0px||||false|false\u00a0\u00bb][et_pb_column type=\u00a0\u00bb1_2&Prime; _builder_version=\u00a0\u00bb4.4.0&Prime;][et_pb_blurb title=\u00a0\u00bbDossier de recherche Les villes et le changement climatique Canada &#8211; Allemagne\u00a0\u00bb url_new_window=\u00a0\u00bbon\u00a0\u00bb image=\u00a0\u00bbhttps:\/\/icleicanada.org\/wp-content\/uploads\/2022\/06\/Untitled-design-1.png\u00a0\u00bb icon_alignment=\u00a0\u00bbleft\u00a0\u00bb _builder_version=\u00a0\u00bb4.4.0&Prime; header_font=\u00a0\u00bbNoto Sans|700|||||||\u00a0\u00bb header_text_color=\u00a0\u00bb#0a0a0a\u00a0\u00bb header_line_height=\u00a0\u00bb1.1em\u00a0\u00bb body_font=\u00a0\u00bbNoto Sans||||||||\u00a0\u00bb body_text_color=\u00a0\u00bb#0a0a0a\u00a0\u00bb link_option_url_new_window=\u00a0\u00bbon\u00a0\u00bb]<\/p>\n<p><span style=\"font-weight: 400;\">Le dossier de recherche met en \u00e9vidence les principaux m\u00e9canismes de politique et de programmation th\u00e9matiques utilis\u00e9s par les collectivit\u00e9s locales au Canada et en Allemagne pour faire face aux changements climatiques.<\/span><\/p>\n<p>[\/et_pb_blurb][et_pb_button button_url=\u00a0\u00bbhttps:\/\/icleicanada.org\/canada-germany-cities-and-climate-change-research-brief\/\u00a0\u00bb url_new_window=\u00a0\u00bbon\u00a0\u00bb button_text=\u00a0\u00bbT\u00e9l\u00e9charger le dossier de recherche (en anglais)\u00a0\u00bb _builder_version=\u00a0\u00bb4.4.0&Prime; custom_button=\u00a0\u00bbon\u00a0\u00bb button_text_size=\u00a0\u00bb18px\u00a0\u00bb button_bg_color=\u00a0\u00bb#eb5e28&Prime; button_border_width=\u00a0\u00bb0px\u00a0\u00bb button_font=\u00a0\u00bbNoto Sans||||||||\u00a0\u00bb button_use_icon=\u00a0\u00bboff\u00a0\u00bb][\/et_pb_button][\/et_pb_column][et_pb_column type=\u00a0\u00bb1_2&Prime; _builder_version=\u00a0\u00bb4.4.0&Prime;][et_pb_blurb title=\u00a0\u00bbIntroduction sur les indicateurs\u00a0\u00bb image=\u00a0\u00bbhttps:\/\/icleicanada.org\/wp-content\/uploads\/2022\/06\/Introducing-Indicators_FINAL.png\u00a0\u00bb icon_alignment=\u00a0\u00bbleft\u00a0\u00bb _builder_version=\u00a0\u00bb4.4.0&Prime; header_font=\u00a0\u00bbNoto Sans|700|||||||\u00a0\u00bb header_text_color=\u00a0\u00bb#0a0a0a\u00a0\u00bb header_line_height=\u00a0\u00bb1.1em\u00a0\u00bb body_font=\u00a0\u00bbNoto Sans||||||||\u00a0\u00bb body_text_color=\u00a0\u00bb#0a0a0a\u00a0\u00bb background_color=\u00a0\u00bbrgba(0,0,0,0)\u00a0\u00bb module_alignment=\u00a0\u00bbleft\u00a0\u00bb]<\/p>\n<p>Ce guide offre un point de d\u00e9part aux municipalit\u00e9s et aux communaut\u00e9s qui \u00e9laborent ou mettent \u00e0 jour des plans d&rsquo;adaptation au climat et doivent identifier des indicateurs pertinents et mesurables.\u00a0<span style=\"font-weight: 400;\">Il comprend des informations pour aider \u00e0 s\u00e9lectionner et utiliser les indicateurs ainsi que plus de 70 exemples d&rsquo;indicateurs.\u00a0<\/span><\/p>\n<p>[\/et_pb_blurb][et_pb_button button_url=\u00a0\u00bbhttps:\/\/icleicanada.org\/project\/introducing-indicators\/\u00a0\u00bb url_new_window=\u00a0\u00bbon\u00a0\u00bb button_text=\u00a0\u00bbT\u00e9l\u00e9charger le guide (en anglais)\u00a0\u00bb _builder_version=\u00a0\u00bb4.4.0&Prime; custom_button=\u00a0\u00bbon\u00a0\u00bb button_text_size=\u00a0\u00bb18px\u00a0\u00bb button_bg_color=\u00a0\u00bb#eb5e28&Prime; button_border_width=\u00a0\u00bb0px\u00a0\u00bb button_font=\u00a0\u00bbNoto Sans||||||||\u00a0\u00bb button_use_icon=\u00a0\u00bboff\u00a0\u00bb][\/et_pb_button][\/et_pb_column][\/et_pb_row][\/et_pb_section][et_pb_section fb_built=\u00a0\u00bb1&Prime; _builder_version=\u00a0\u00bb4.4.0&Prime; background_color=\u00a0\u00bbrgba(0,0,0,0)\u00a0\u00bb custom_padding=\u00a0\u00bb20px|10px|20px|10px|false|false\u00a0\u00bb link_option_url_new_window=\u00a0\u00bbon\u00a0\u00bb][et_pb_row _builder_version=\u00a0\u00bb4.4.0&Prime; custom_padding=\u00a0\u00bb||||false|false\u00a0\u00bb][et_pb_column type=\u00a0\u00bb4_4&Prime; _builder_version=\u00a0\u00bb4.4.0&Prime;][et_pb_text admin_label=\u00a0\u00bbTitle\u00a0\u00bb _builder_version=\u00a0\u00bb4.4.0&Prime; text_font=\u00a0\u00bbNoto Sans|700|||||||\u00a0\u00bb text_text_color=\u00a0\u00bb#747d88&Prime; text_font_size=\u00a0\u00bb15px\u00a0\u00bb text_line_height=\u00a0\u00bb1.9em\u00a0\u00bb header_font=\u00a0\u00bb||||||||\u00a0\u00bb header_text_align=\u00a0\u00bbleft\u00a0\u00bb header_2_font=\u00a0\u00bbNoto Sans|700|||||||\u00a0\u00bb header_2_text_align=\u00a0\u00bbcenter\u00a0\u00bb header_2_font_size=\u00a0\u00bb42px\u00a0\u00bb max_width=\u00a0\u00bb700px\u00a0\u00bb module_alignment=\u00a0\u00bbcenter\u00a0\u00bb custom_margin=\u00a0\u00bb||||false|false\u00a0\u00bb custom_padding=\u00a0\u00bb0px||0px|0px|false|false\u00a0\u00bb animation_style=\u00a0\u00bbslide\u00a0\u00bb animation_direction=\u00a0\u00bbbottom\u00a0\u00bb animation_intensity_slide=\u00a0\u00bb4%\u00a0\u00bb locked=\u00a0\u00bboff\u00a0\u00bb]<\/p>\n<h2><span size=\"6\" style=\"font-size: xx-large;\">Mises \u00e0 jour des projets<\/span><\/h2>\n<p>[\/et_pb_text][\/et_pb_column][\/et_pb_row][et_pb_row column_structure=\u00a0\u00bb1_2,1_2&Prime; _builder_version=\u00a0\u00bb4.4.0&Prime; custom_margin=\u00a0\u00bb0px||||false|false\u00a0\u00bb custom_padding=\u00a0\u00bb0px||||false|false\u00a0\u00bb][et_pb_column type=\u00a0\u00bb1_2&Prime; _builder_version=\u00a0\u00bb4.4.0&Prime;][et_pb_blurb title=\u00a0\u00bbPromouvoir l\u2019adaptation\u00a0\u00bb url_new_window=\u00a0\u00bbon\u00a0\u00bb image=\u00a0\u00bbhttps:\/\/icleicanada.org\/wp-content\/uploads\/2022\/06\/7.png\u00a0\u00bb icon_alignment=\u00a0\u00bbleft\u00a0\u00bb _builder_version=\u00a0\u00bb4.4.0&Prime; header_font=\u00a0\u00bbNoto Sans|700|||||||\u00a0\u00bb header_text_color=\u00a0\u00bb#0a0a0a\u00a0\u00bb header_line_height=\u00a0\u00bb1.1em\u00a0\u00bb body_font=\u00a0\u00bbNoto Sans||||||||\u00a0\u00bb body_text_color=\u00a0\u00bb#0a0a0a\u00a0\u00bb link_option_url_new_window=\u00a0\u00bbon\u00a0\u00bb]<\/p>\n<p>La planification et la mise en \u0153uvre d&rsquo;initiatives d&rsquo;adaptation aux changements climatiques au niveau local repr\u00e9sentent un d\u00e9fi pour de nombreuses municipalit\u00e9s, en particulier les petites municipalit\u00e9s et les municipalit\u00e9s rurales. Le projet Promouvoir l\u2019adaptation vise \u00e0 accro\u00eetre la r\u00e9silience des municipalit\u00e9s ontariennes face aux changements climatiques par le biais de trois cohortes :<\/p>\n<ul>\n<li>\u00c9valuation de la vuln\u00e9rabilit\u00e9 et des risques<\/li>\n<li>Planification de l\u2019adaptation<\/li>\n<li>Mise en \u0153uvre par la collaboration<\/li>\n<\/ul>\n<p>30 municipalit\u00e9s participent au projet. Restez \u00e0 l&rsquo;\u00e9coute des mises \u00e0 jour et des \u00e9tudes de cas des cohortes du projet Promouvoir l\u2019adaptation. <\/p>\n<p>Ce projet est soutenu par le minist\u00e8re de l\u2019Environnement, de la Conservation et des Parcs de l\u2019Ontario et par le gouvernement f\u00e9d\u00e9ral par l\u2019entremise d\u2019Environnement et Changement climatique Canada.<\/p>\n<p>[\/et_pb_blurb][\/et_pb_column][et_pb_column type=\u00a0\u00bb1_2&Prime; _builder_version=\u00a0\u00bb4.4.0&Prime;][et_pb_blurb title=\u00a0\u00bbAgents du changement\u00a0\u00bb image=\u00a0\u00bbhttps:\/\/icleicanada.org\/wp-content\/uploads\/2022\/06\/6.png\u00a0\u00bb icon_alignment=\u00a0\u00bbleft\u00a0\u00bb _builder_version=\u00a0\u00bb4.4.0&Prime; header_font=\u00a0\u00bbNoto Sans|700|||||||\u00a0\u00bb header_text_color=\u00a0\u00bb#0a0a0a\u00a0\u00bb header_line_height=\u00a0\u00bb1.1em\u00a0\u00bb body_font=\u00a0\u00bbNoto Sans||||||||\u00a0\u00bb body_text_color=\u00a0\u00bb#0a0a0a\u00a0\u00bb body_link_font=\u00a0\u00bbNoto Sans||||||||\u00a0\u00bb body_link_text_color=\u00a0\u00bb#eb5e28&Prime; background_color=\u00a0\u00bbrgba(0,0,0,0)\u00a0\u00bb module_alignment=\u00a0\u00bbleft\u00a0\u00bb]<\/p>\n<p><span style=\"font-weight: 400;\">La mobilisation des r\u00e9sidents de la communaut\u00e9 pour atteindre les objectifs de z\u00e9ro \u00e9mission et de r\u00e9silience climatique est un \u00e9l\u00e9ment crucial des plans d\u2019action climatique des municipalit\u00e9s et des communaut\u00e9s. Nous sommes ravis d\u2019aider 11 municipalit\u00e9s du Canada \u00e0 \u00e9laborer des programmes pour mobiliser des b\u00e9n\u00e9voles.<\/span><\/p>\n<p><span style=\"font-weight: 400;\">La cohorte des Agents de changement est en place et fonctionne \u00e0 plein r\u00e9gime. Guid\u00e9e par des plans d&rsquo;action locaux et des objectifs climatiques ambitieux, chaque municipalit\u00e9 con\u00e7oit des programmes adapt\u00e9s aux besoins de sa communaut\u00e9.\u00a0 La cohorte nationale se r\u00e9unit r\u00e9guli\u00e8rement pour co-cr\u00e9er avec ses pairs tout en s&rsquo;appuyant sur des experts en mati\u00e8re.\u00a0<\/span><\/p>\n<p><span style=\"font-weight: 400;\">Restez \u00e0 l&rsquo;aff\u00fbt pour d&rsquo;autres mises \u00e0 jour et le partage de ressources de renforcement des capacit\u00e9s au fur et \u00e0 mesure que le projet Agents de changement se poursuit.\u00a0<span>Ce projet est r\u00e9alis\u00e9 avec le soutien financier du gouvernement du Canada.\u00a0<\/span><\/span><\/p>\n<p><a href=\"https:\/\/icleicanada.org\/project\/agents-of-change\/\" target=\"_blank\" rel=\"noopener noreferrer\">En savoir plus sur le projet Agents du changement<\/a>\u00a0(en anglais).<\/p>\n<p>[\/et_pb_blurb][\/et_pb_column][\/et_pb_row][\/et_pb_section][et_pb_section fb_built=\u00a0\u00bb1&Prime; _builder_version=\u00a0\u00bb4.4.0&Prime; background_color=\u00a0\u00bb#f9f9f9&Prime; custom_padding=\u00a0\u00bb20px|10px|20px|10px|false|false\u00a0\u00bb][et_pb_row _builder_version=\u00a0\u00bb4.4.0&Prime; background_color=\u00a0\u00bbrgba(0,0,0,0)\u00a0\u00bb custom_padding=\u00a0\u00bb|20px|0px|20px|false|false\u00a0\u00bb][et_pb_column type=\u00a0\u00bb4_4&Prime; _builder_version=\u00a0\u00bb4.4.0&Prime;][et_pb_text admin_label=\u00a0\u00bbTitle\u00a0\u00bb _builder_version=\u00a0\u00bb4.4.0&Prime; text_font=\u00a0\u00bbNoto Sans|700|||||||\u00a0\u00bb text_text_color=\u00a0\u00bb#747d88&Prime; text_font_size=\u00a0\u00bb15px\u00a0\u00bb text_line_height=\u00a0\u00bb1.9em\u00a0\u00bb header_font=\u00a0\u00bb||||||||\u00a0\u00bb header_text_align=\u00a0\u00bbleft\u00a0\u00bb header_2_font=\u00a0\u00bbNoto Sans|700|||||||\u00a0\u00bb header_2_text_align=\u00a0\u00bbcenter\u00a0\u00bb header_2_font_size=\u00a0\u00bb42px\u00a0\u00bb max_width=\u00a0\u00bb700px\u00a0\u00bb module_alignment=\u00a0\u00bbcenter\u00a0\u00bb custom_margin=\u00a0\u00bb||||false|false\u00a0\u00bb custom_padding=\u00a0\u00bb0px||0px|0px|false|false\u00a0\u00bb animation_style=\u00a0\u00bbslide\u00a0\u00bb animation_direction=\u00a0\u00bbbottom\u00a0\u00bb animation_intensity_slide=\u00a0\u00bb4%\u00a0\u00bb locked=\u00a0\u00bboff\u00a0\u00bb]<\/p>\n<h2><span size=\"6\" style=\"font-size: xx-large;\">Ressources en communication sur les changements climatiques<\/span><\/h2>\n<p>[\/et_pb_text][et_pb_blurb image=\u00a0\u00bbhttps:\/\/icleicanada.org\/wp-content\/uploads\/2022\/06\/2022-June-Newsletter-Images-1.png\u00a0\u00bb _builder_version=\u00a0\u00bb4.4.0&Prime;][\/et_pb_blurb][et_pb_text _builder_version=\u00a0\u00bb4.4.0&Prime; text_font=\u00a0\u00bbNoto Sans||||||||\u00a0\u00bb text_text_color=\u00a0\u00bb#0a0a0a\u00a0\u00bb custom_padding=\u00a0\u00bb||||false|false\u00a0\u00bb]<\/p>\n<p><span>Souhaitez-vous utiliser des graphiques et des messages de m\u00e9dias sociaux pr\u00eats \u00e0 l&#8217;emploi sur les impacts des changements climatiques au Canada? Nous avons cr\u00e9\u00e9 des douzaines de graphiques et de messages pour les m\u00e9dias sociaux pour Ressources naturelles Canada et nous voulons les partager avec vous. Nos tableaux Trello sont remplis de contenu sur les impacts des changements climatiques et les approches d&rsquo;adaptation au Canada. Jetez-y un coup d&rsquo;\u0153il, t\u00e9l\u00e9chargez ce qui vous int\u00e9resse et partagez-les largement. <\/span><\/p>\n<p><span><\/span><\/p>\n<p>[\/et_pb_text][\/et_pb_column][\/et_pb_row][et_pb_row column_structure=\u00a0\u00bb1_3,1_3,1_3&Prime; _builder_version=\u00a0\u00bb4.4.0&Prime; background_color=\u00a0\u00bbrgba(0,0,0,0)\u00a0\u00bb custom_padding=\u00a0\u00bb|20px||20px|false|false\u00a0\u00bb][et_pb_column type=\u00a0\u00bb1_3&Prime; _builder_version=\u00a0\u00bb4.4.0&Prime;][et_pb_blurb title=\u00a0\u00bbLe rapport sur les enjeux nationaux\u00a0\u00bb url_new_window=\u00a0\u00bbon\u00a0\u00bb icon_alignment=\u00a0\u00bbleft\u00a0\u00bb image_max_width=\u00a0\u00bb75%\u00a0\u00bb _builder_version=\u00a0\u00bb4.4.0&Prime; header_font=\u00a0\u00bbNoto Sans|700|||||||\u00a0\u00bb header_line_height=\u00a0\u00bb1.2em\u00a0\u00bb link_option_url_new_window=\u00a0\u00bbon\u00a0\u00bb][\/et_pb_blurb][et_pb_button button_url=\u00a0\u00bbhttps:\/\/trello.com\/b\/gRuZZMvQ\/canada-in-a-changing-climate-national-issues-report\u00a0\u00bb url_new_window=\u00a0\u00bbon\u00a0\u00bb button_text=\u00a0\u00bbTableau Trello \u00a0\u00bb _builder_version=\u00a0\u00bb4.4.0&Prime; custom_button=\u00a0\u00bbon\u00a0\u00bb button_text_size=\u00a0\u00bb18px\u00a0\u00bb button_bg_color=\u00a0\u00bb#eb5e28&Prime; button_border_width=\u00a0\u00bb0px\u00a0\u00bb button_font=\u00a0\u00bbNoto Sans||||||||\u00a0\u00bb button_use_icon=\u00a0\u00bboff\u00a0\u00bb][\/et_pb_button][\/et_pb_column][et_pb_column type=\u00a0\u00bb1_3&Prime; _builder_version=\u00a0\u00bb4.4.0&Prime;][et_pb_blurb title=\u00a0\u00bbLa sant\u00e9 des Canadiens et des Canadiennes dans un climat en changement\u00a0\u00bb url_new_window=\u00a0\u00bbon\u00a0\u00bb icon_alignment=\u00a0\u00bbleft\u00a0\u00bb image_max_width=\u00a0\u00bb75%\u00a0\u00bb _builder_version=\u00a0\u00bb4.4.0&Prime; header_font=\u00a0\u00bbNoto Sans|700|||||||\u00a0\u00bb header_line_height=\u00a0\u00bb1.2em\u00a0\u00bb link_option_url_new_window=\u00a0\u00bbon\u00a0\u00bb][\/et_pb_blurb][et_pb_button button_url=\u00a0\u00bbhttps:\/\/trello.com\/b\/CBWexNZ0\/the-health-of-canadians-in-a-changing-climate-advancing-our-knowledge-for-action\u00a0\u00bb url_new_window=\u00a0\u00bbon\u00a0\u00bb button_text=\u00a0\u00bbTableau Trello \u00a0\u00bb _builder_version=\u00a0\u00bb4.4.0&Prime; custom_button=\u00a0\u00bbon\u00a0\u00bb button_text_size=\u00a0\u00bb18px\u00a0\u00bb button_bg_color=\u00a0\u00bb#eb5e28&Prime; button_border_width=\u00a0\u00bb0px\u00a0\u00bb button_font=\u00a0\u00bbNoto Sans||||||||\u00a0\u00bb button_use_icon=\u00a0\u00bboff\u00a0\u00bb][\/et_pb_button][\/et_pb_column][et_pb_column type=\u00a0\u00bb1_3&Prime; _builder_version=\u00a0\u00bb4.4.0&Prime;][et_pb_blurb title=\u00a0\u00bbLe rapport sur les perspectives r\u00e9gionales\u00a0\u00bb url_new_window=\u00a0\u00bbon\u00a0\u00bb icon_alignment=\u00a0\u00bbleft\u00a0\u00bb image_max_width=\u00a0\u00bb75%\u00a0\u00bb _builder_version=\u00a0\u00bb4.4.0&Prime; header_font=\u00a0\u00bbNoto Sans|700|||||||\u00a0\u00bb header_line_height=\u00a0\u00bb1.2em\u00a0\u00bb link_option_url_new_window=\u00a0\u00bbon\u00a0\u00bb][\/et_pb_blurb][et_pb_button button_url=\u00a0\u00bbhttps:\/\/trello.com\/b\/RPhaUCd6\/canada-in-a-changing-climate-regional-perspectives-report\u00a0\u00bb url_new_window=\u00a0\u00bbon\u00a0\u00bb button_text=\u00a0\u00bbTableau Trello \u00a0\u00bb _builder_version=\u00a0\u00bb4.4.0&Prime; custom_button=\u00a0\u00bbon\u00a0\u00bb button_text_size=\u00a0\u00bb18px\u00a0\u00bb button_bg_color=\u00a0\u00bb#eb5e28&Prime; button_border_width=\u00a0\u00bb0px\u00a0\u00bb button_font=\u00a0\u00bbNoto Sans||||||||\u00a0\u00bb button_use_icon=\u00a0\u00bboff\u00a0\u00bb][\/et_pb_button][\/et_pb_column][\/et_pb_row][\/et_pb_section][et_pb_section fb_built=\u00a0\u00bb1&Prime; _builder_version=\u00a0\u00bb4.4.0&Prime; background_color=\u00a0\u00bb#c9e9eb\u00a0\u00bb custom_padding=\u00a0\u00bb20px|10px|20px|10px|false|false\u00a0\u00bb][et_pb_row _builder_version=\u00a0\u00bb4.4.0&Prime; background_color=\u00a0\u00bbrgba(0,0,0,0)\u00a0\u00bb custom_padding=\u00a0\u00bb20px|20px|20px|20px|false|false\u00a0\u00bb][et_pb_column type=\u00a0\u00bb4_4&Prime; _builder_version=\u00a0\u00bb4.4.0&Prime;][et_pb_text admin_label=\u00a0\u00bbTitle\u00a0\u00bb _builder_version=\u00a0\u00bb4.4.0&Prime; text_font=\u00a0\u00bbNoto Sans|700|||||||\u00a0\u00bb text_text_color=\u00a0\u00bb#747d88&Prime; text_font_size=\u00a0\u00bb15px\u00a0\u00bb text_line_height=\u00a0\u00bb1.9em\u00a0\u00bb header_font=\u00a0\u00bb||||||||\u00a0\u00bb header_2_font=\u00a0\u00bbNoto Sans|700|||||||\u00a0\u00bb header_2_text_align=\u00a0\u00bbcenter\u00a0\u00bb header_2_font_size=\u00a0\u00bb42px\u00a0\u00bb max_width=\u00a0\u00bb700px\u00a0\u00bb module_alignment=\u00a0\u00bbcenter\u00a0\u00bb custom_margin=\u00a0\u00bb||||false|false\u00a0\u00bb custom_padding=\u00a0\u00bb0px||0px|0px|false|false\u00a0\u00bb animation_style=\u00a0\u00bbslide\u00a0\u00bb animation_direction=\u00a0\u00bbbottom\u00a0\u00bb animation_intensity_slide=\u00a0\u00bb4%\u00a0\u00bb locked=\u00a0\u00bboff\u00a0\u00bb]<\/p>\n<h2 style=\"text-align: left;\"><span size=\"6\" style=\"font-size: xx-large;\">\u00c9v\u00e9nements \u00e0 venir<\/span><\/h2>\n<p>[\/et_pb_text][et_pb_blurb title=\u00a0\u00bbLe 10e Forum Villes viables d&rsquo;ICLEI Canada sur l&rsquo;\u00e9quit\u00e9 et l&rsquo;action climatique\u00a0\u00bb url_new_window=\u00a0\u00bbon\u00a0\u00bb icon_alignment=\u00a0\u00bbleft\u00a0\u00bb image_max_width=\u00a0\u00bb85%\u00a0\u00bb content_max_width=\u00a0\u00bb1100px\u00a0\u00bb _builder_version=\u00a0\u00bb4.4.0&Prime; header_font=\u00a0\u00bbNoto Sans|700|||||||\u00a0\u00bb header_text_color=\u00a0\u00bb#0a0a0a\u00a0\u00bb header_line_height=\u00a0\u00bb1.1em\u00a0\u00bb body_font=\u00a0\u00bbNoto Sans||||||||\u00a0\u00bb body_text_color=\u00a0\u00bb#0a0a0a\u00a0\u00bb custom_margin=\u00a0\u00bb||||false|false\u00a0\u00bb custom_padding=\u00a0\u00bb||||false|false\u00a0\u00bb link_option_url_new_window=\u00a0\u00bbon\u00a0\u00bb]<\/p>\n<p><span style=\"font-weight: 400;\">Soyez des n\u00f4tres pour le 10e Forum Villes viables \u00e0 Victoria (C.-B.), du 3 au 5 octobre, 2022. Le Forum 2022, organis\u00e9 par la Ville de Victoria en partenariat avec ICLEI Canada et l&rsquo;Institut urbain du Canada, mettra de l\u2019avant les th\u00e8mes de l&rsquo;\u00e9quit\u00e9 et de l&rsquo;action climatique. Vous ne voulez pas manquer cet \u00e9v\u00e9nement national sp\u00e9cialis\u00e9 largement reconnu pour ses sessions pratiques de haut calibre et ses conf\u00e9renciers diversifi\u00e9s dans le domaine de l\u2019action climatique au Canada.<\/span><\/p>\n<p>Les inscriptions seront disponibles la semaine prochaine.<\/p>\n<p>[\/et_pb_blurb][et_pb_button button_url=\u00a0\u00bbhttps:\/\/livablecitiesforum.com\/?lang=fr\u00a0\u00bb url_new_window=\u00a0\u00bbon\u00a0\u00bb button_text=\u00a0\u00bbEn savoir plus et s&rsquo;inscrire\u00a0\u00bb _builder_version=\u00a0\u00bb4.4.0&Prime; custom_button=\u00a0\u00bbon\u00a0\u00bb button_text_size=\u00a0\u00bb18px\u00a0\u00bb button_bg_color=\u00a0\u00bb#eb5e28&Prime; button_border_width=\u00a0\u00bb0px\u00a0\u00bb button_font=\u00a0\u00bbNoto Sans||||||||\u00a0\u00bb button_use_icon=\u00a0\u00bboff\u00a0\u00bb][\/et_pb_button][et_pb_divider color=\u00a0\u00bb#0a0101&Prime; divider_position=\u00a0\u00bbcenter\u00a0\u00bb _builder_version=\u00a0\u00bb4.4.0&Prime; width=\u00a0\u00bb40%\u00a0\u00bb][\/et_pb_divider][et_pb_blurb title=\u00a0\u00bb2e conf\u00e9rence annuelle Retrofit Canada, 23-24 juin 2022&Prime; url_new_window=\u00a0\u00bbon\u00a0\u00bb icon_alignment=\u00a0\u00bbleft\u00a0\u00bb image_max_width=\u00a0\u00bb85%\u00a0\u00bb content_max_width=\u00a0\u00bb1100px\u00a0\u00bb _builder_version=\u00a0\u00bb4.4.0&Prime; header_font=\u00a0\u00bbNoto Sans|700|||||||\u00a0\u00bb header_text_color=\u00a0\u00bb#0a0a0a\u00a0\u00bb header_line_height=\u00a0\u00bb1.1em\u00a0\u00bb body_font=\u00a0\u00bbNoto Sans||||||||\u00a0\u00bb body_text_color=\u00a0\u00bb#0a0a0a\u00a0\u00bb custom_margin=\u00a0\u00bb||||false|false\u00a0\u00bb custom_padding=\u00a0\u00bb||||false|false\u00a0\u00bb link_option_url_new_window=\u00a0\u00bbon\u00a0\u00bb]<\/p>\n<p><span style=\"font-weight: 400;\">Nous sommes ravis d&rsquo;\u00eatre un commanditaire d&rsquo;association \u00e0 la 2e conf\u00e9rence annuelle de Retrofit Canada, qui aura lieu les 23 et 24 juin \u00e0 Toronto. Joignez-vous \u00e0 nous et des repr\u00e9sentants gouvernementaux, municipalit\u00e9s et autorit\u00e9s, propri\u00e9taires de projets, gestionnaires d&rsquo;installations, financiers, experts en durabilit\u00e9, fournisseurs de technologie et consultants.\u00a0<\/span><\/p>\n<p><span style=\"font-weight: 400;\">\u00c9conomisez 20 % sur la participation en personne ou virtuellement en direct en utilisant le code de promotion : ICLEI20.<\/span><\/p>\n<p>[\/et_pb_blurb][et_pb_button button_url=\u00a0\u00bbhttps:\/\/retrofitcanadaconference.energyconferencenetwork.com\/\u00a0\u00bb url_new_window=\u00a0\u00bbon\u00a0\u00bb button_text=\u00a0\u00bbEn savoir plus et s&rsquo;inscrire (en anglais)\u00a0\u00bb _builder_version=\u00a0\u00bb4.4.0&Prime; custom_button=\u00a0\u00bbon\u00a0\u00bb button_text_size=\u00a0\u00bb18px\u00a0\u00bb button_bg_color=\u00a0\u00bb#eb5e28&Prime; button_border_width=\u00a0\u00bb0px\u00a0\u00bb button_font=\u00a0\u00bbNoto Sans||||||||\u00a0\u00bb button_use_icon=\u00a0\u00bboff\u00a0\u00bb][\/et_pb_button][et_pb_divider color=\u00a0\u00bb#0a0101&Prime; divider_position=\u00a0\u00bbcenter\u00a0\u00bb _builder_version=\u00a0\u00bb4.4.0&Prime; width=\u00a0\u00bb40%\u00a0\u00bb][\/et_pb_divider][et_pb_blurb title=\u00a0\u00bbR\u00e9unions mensuelles des Partenaires dans la protection du climat (PPC)\u00a0\u00bb url_new_window=\u00a0\u00bbon\u00a0\u00bb icon_alignment=\u00a0\u00bbleft\u00a0\u00bb image_max_width=\u00a0\u00bb85%\u00a0\u00bb content_max_width=\u00a0\u00bb1100px\u00a0\u00bb _builder_version=\u00a0\u00bb4.4.0&Prime; header_font=\u00a0\u00bbNoto Sans|700|||||||\u00a0\u00bb header_text_color=\u00a0\u00bb#0a0a0a\u00a0\u00bb header_line_height=\u00a0\u00bb1.1em\u00a0\u00bb body_font=\u00a0\u00bbNoto Sans||||||||\u00a0\u00bb body_text_color=\u00a0\u00bb#0a0a0a\u00a0\u00bb custom_margin=\u00a0\u00bb||||false|false\u00a0\u00bb custom_padding=\u00a0\u00bb||||false|false\u00a0\u00bb link_option_url_new_window=\u00a0\u00bbon\u00a0\u00bb]<\/p>\n<p><span><span style=\"font-weight: 400;\">Participez aux rencontres mensuelles des Partenaires dans la protection du climat. <\/span><\/span><\/p>\n<p><span><\/span><\/p>\n<ul>\n<li style=\"font-weight: 400;\" aria-level=\"1\"><span style=\"font-weight: 400;\">7 juillet &#8211; 13 h \u00e0 14 h, heure avanc\u00e9e de l&rsquo;Est (en anglais)<\/span><\/li>\n<li style=\"font-weight: 400;\" aria-level=\"1\"><span style=\"font-weight: 400;\">4 ao\u00fbt &#8211; 13 h \u00e0 14 h, heure avanc\u00e9e de l&rsquo;Est (en fran\u00e7ais)<\/span><\/li>\n<\/ul>\n<p><span>Notre r\u00e9seau de pairs en ligne permet aux employ\u00e9s municipaux et aux repr\u00e9sentants \u00e9lus de consulter les meilleures ressources et les meilleurs sp\u00e9cialistes sur les initiatives face aux changements climatiques \u00e0 l\u2019\u00e9chelle locale. La plateforme des PPC constitue un excellent moyen de se renseigner sur les toutes derni\u00e8res ressources concernant le climat et l\u2019\u00e9nergie ainsi que les possibilit\u00e9s de financement.<\/span><\/p>\n<p>[\/et_pb_blurb][et_pb_button button_url=\u00a0\u00bbhttps:\/\/fr.pcp-ppc.ca\/events\u00a0\u00bb url_new_window=\u00a0\u00bbon\u00a0\u00bb button_text=\u00a0\u00bbEn savoir plus et s&rsquo;inscrire\u00a0\u00bb _builder_version=\u00a0\u00bb4.4.0&Prime; custom_button=\u00a0\u00bbon\u00a0\u00bb button_text_size=\u00a0\u00bb18px\u00a0\u00bb button_bg_color=\u00a0\u00bb#eb5e28&Prime; button_border_width=\u00a0\u00bb0px\u00a0\u00bb button_font=\u00a0\u00bbNoto Sans||||||||\u00a0\u00bb button_use_icon=\u00a0\u00bboff\u00a0\u00bb][\/et_pb_button][\/et_pb_column][\/et_pb_row][\/et_pb_section][et_pb_section fb_built=\u00a0\u00bb1&Prime; _builder_version=\u00a0\u00bb4.4.0&Prime; background_color=\u00a0\u00bb#ffffff\u00a0\u00bb custom_padding=\u00a0\u00bb20px|10px||10px|false|false\u00a0\u00bb][et_pb_row _builder_version=\u00a0\u00bb4.4.0&Prime; custom_padding=\u00a0\u00bb1px||0px||false|false\u00a0\u00bb][et_pb_column type=\u00a0\u00bb4_4&Prime; _builder_version=\u00a0\u00bb4.4.0&Prime;][et_pb_text admin_label=\u00a0\u00bbTitle\u00a0\u00bb _builder_version=\u00a0\u00bb4.4.0&Prime; text_font=\u00a0\u00bbNoto Sans|700|||||||\u00a0\u00bb text_text_color=\u00a0\u00bb#747d88&Prime; text_font_size=\u00a0\u00bb15px\u00a0\u00bb text_line_height=\u00a0\u00bb1.9em\u00a0\u00bb header_font=\u00a0\u00bb||||||||\u00a0\u00bb header_text_align=\u00a0\u00bbleft\u00a0\u00bb header_2_font=\u00a0\u00bbNoto Sans|700|||||||\u00a0\u00bb header_2_text_align=\u00a0\u00bbcenter\u00a0\u00bb header_2_font_size=\u00a0\u00bb42px\u00a0\u00bb max_width=\u00a0\u00bb700px\u00a0\u00bb module_alignment=\u00a0\u00bbcenter\u00a0\u00bb custom_margin=\u00a0\u00bb||||false|false\u00a0\u00bb custom_padding=\u00a0\u00bb0px||0px|0px|false|false\u00a0\u00bb animation_style=\u00a0\u00bbslide\u00a0\u00bb animation_direction=\u00a0\u00bbbottom\u00a0\u00bb animation_intensity_slide=\u00a0\u00bb4%\u00a0\u00bb locked=\u00a0\u00bboff\u00a0\u00bb]<\/p>\n<h2><span size=\"6\" style=\"font-size: xx-large;\">Bienvenue aux nouveaux membres de l&rsquo;\u00e9quipe ICLEI Canada!\u00a0<\/span><\/h2>\n<p>[\/et_pb_text][\/et_pb_column][\/et_pb_row][et_pb_row column_structure=\u00a0\u00bb1_3,1_3,1_3&Prime; _builder_version=\u00a0\u00bb4.4.0&Prime; custom_padding=\u00a0\u00bb||||false|false\u00a0\u00bb][et_pb_column type=\u00a0\u00bb1_3&Prime; _builder_version=\u00a0\u00bb4.4.0&Prime;][et_pb_team_member name=\u00a0\u00bbCurniss McGoldrick\u00a0\u00bb position=\u00a0\u00bbCoordonnatrice, climat et communications\u00a0\u00bb image_url=\u00a0\u00bbhttps:\/\/icleicanada.org\/wp-content\/uploads\/2022\/06\/Curniss-Photo-1.png\u00a0\u00bb _builder_version=\u00a0\u00bb4.4.0&Prime; header_font=\u00a0\u00bbNoto Sans||||||||\u00a0\u00bb header_text_color=\u00a0\u00bb#0a0a0a\u00a0\u00bb header_line_height=\u00a0\u00bb1.1em\u00a0\u00bb body_font=\u00a0\u00bbNoto Sans||||||||\u00a0\u00bb body_text_color=\u00a0\u00bb#0a0a0a\u00a0\u00bb position_font=\u00a0\u00bbNoto Sans||||||||\u00a0\u00bb border_radii_image=\u00a0\u00bbon|6px|6px|6px|6px\u00a0\u00bb]<\/p>\n<p>Curniss McGoldrick est dipl\u00f4m\u00e9e de l&rsquo;universit\u00e9 Queen&rsquo;s et poss\u00e8de plus de 13 ans d&rsquo;exp\u00e9rience. <span style=\"font-weight: 400;\">Nous sommes ravis d&rsquo;int\u00e9grer \u00e0 l&rsquo;\u00e9quipe son exp\u00e9rience pratique de l&rsquo;adaptation et ses comp\u00e9tences en communication. <\/span><\/p>\n<p>[\/et_pb_team_member][\/et_pb_column][et_pb_column type=\u00a0\u00bb1_3&Prime; _builder_version=\u00a0\u00bb4.4.0&Prime;][et_pb_team_member name=\u00a0\u00bbAntonia Alexe\u00a0\u00bb position=\u00a0\u00bbStagiaire, bureau du Qu\u00e9bec\u00a0\u00bb image_url=\u00a0\u00bbhttps:\/\/icleicanada.org\/wp-content\/uploads\/2022\/06\/Untitled-design.png\u00a0\u00bb _builder_version=\u00a0\u00bb4.4.0&Prime; header_font=\u00a0\u00bbNoto Sans||||||||\u00a0\u00bb header_text_color=\u00a0\u00bb#0a0a0a\u00a0\u00bb header_line_height=\u00a0\u00bb1.1em\u00a0\u00bb body_font=\u00a0\u00bbNoto Sans||||||||\u00a0\u00bb body_text_color=\u00a0\u00bb#0a0a0a\u00a0\u00bb position_font=\u00a0\u00bbNoto Sans||||||||\u00a0\u00bb border_radii_image=\u00a0\u00bbon|6px|6px|6px|6px\u00a0\u00bb]<\/p>\n<p><span style=\"font-weight: 400;\">Antonia Alexe passe l&rsquo;\u00e9t\u00e9 en stage au sein de l&rsquo;\u00e9quipe du Qu\u00e9bec. Elle termine une ma\u00eetrise en \u00e9tudes environnementales \u00e0 l&rsquo;Universit\u00e9 de Sherbrooke et contribuera \u00e0 nos projets d&rsquo;adaptation avec Repentigny et les 2 MRC au cours des prochains mois. <\/span><\/p>\n<p>[\/et_pb_team_member][\/et_pb_column][et_pb_column type=\u00a0\u00bb1_3&Prime; _builder_version=\u00a0\u00bb4.4.0&Prime;][et_pb_team_member name=\u00a0\u00bbNeha Sarraf\u00a0\u00bb position=\u00a0\u00bbStagiaire assistant pour le changement climatique\u00a0\u00bb image_url=\u00a0\u00bbhttps:\/\/icleicanada.org\/wp-content\/uploads\/2022\/06\/Staff-Photos-Website.png\u00a0\u00bb _builder_version=\u00a0\u00bb4.4.0&Prime; header_font=\u00a0\u00bbNoto Sans||||||||\u00a0\u00bb header_text_color=\u00a0\u00bb#0a0a0a\u00a0\u00bb header_line_height=\u00a0\u00bb1.1em\u00a0\u00bb body_font=\u00a0\u00bbNoto Sans||||||||\u00a0\u00bb body_text_color=\u00a0\u00bb#0a0a0a\u00a0\u00bb position_font=\u00a0\u00bbNoto Sans||||||||\u00a0\u00bb border_radii_image=\u00a0\u00bbon|6px|6px|6px|6px\u00a0\u00bb]<\/p>\n<p><span style=\"font-weight: 400;\">Neha Sarraf soutient notre programme BARC, les \u00e9tudes de cas pour la carte des actions d&rsquo;adaptation du Canada dans un climat changeant, et d&rsquo;autres initiatives. Elle termine une double sp\u00e9cialisation en \u00e9conomie et en \u00e9tudes environnementales \u00e0 l&rsquo;Universit\u00e9 de Toronto.<\/span><\/p>\n<p>[\/et_pb_team_member][\/et_pb_column][\/et_pb_row][et_pb_row _builder_version=\u00a0\u00bb4.4.0&Prime; custom_padding=\u00a0\u00bb0px||||false|false\u00a0\u00bb][et_pb_column type=\u00a0\u00bb4_4&Prime; _builder_version=\u00a0\u00bb4.4.0&Prime;][et_pb_button button_url=\u00a0\u00bbhttps:\/\/icleicanada.org\/fr\/about\/our-team\/\u00a0\u00bb url_new_window=\u00a0\u00bbon\u00a0\u00bb button_text=\u00a0\u00bbLire les bios en entier\u00a0\u00bb button_alignment=\u00a0\u00bbcenter\u00a0\u00bb _builder_version=\u00a0\u00bb4.4.0&Prime; custom_button=\u00a0\u00bbon\u00a0\u00bb button_text_size=\u00a0\u00bb18px\u00a0\u00bb button_bg_color=\u00a0\u00bb#eb5e28&Prime; button_border_width=\u00a0\u00bb0px\u00a0\u00bb button_font=\u00a0\u00bbNoto Sans||||||||\u00a0\u00bb button_use_icon=\u00a0\u00bboff\u00a0\u00bb][\/et_pb_button][\/et_pb_column][\/et_pb_row][\/et_pb_section][et_pb_section fb_built=\u00a0\u00bb1&Prime; _builder_version=\u00a0\u00bb4.4.0&Prime; background_color=\u00a0\u00bb#f9f9f9&Prime;][et_pb_row _builder_version=\u00a0\u00bb4.4.0&Prime; custom_padding=\u00a0\u00bb0px||0px||false|false\u00a0\u00bb][et_pb_column type=\u00a0\u00bb4_4&Prime; _builder_version=\u00a0\u00bb4.4.0&Prime;][et_pb_signup mailchimp_list=\u00a0\u00bbewa.jackson@iclei.org|45fdde9fdb\u00a0\u00bb use_custom_fields=\u00a0\u00bbon\u00a0\u00bb success_message=\u00a0\u00bbSuccess! You are now subscribed to ICLEI Canada&rsquo;s email list.\u00a0\u00bb title=\u00a0\u00bbInscrivez-vous \u00e0 l&rsquo;infolettre d&rsquo;ICLEI Canada\u00a0\u00bb description=\u00a0\u00bb<\/p>\n<p>ICLEI Canada travaille avec un vaste \u00e9ventail d\u2019intervenants des gouvernements, de l\u2019industrie, d\u2019universit\u00e9s et d\u2019organisations non gouvernementales pour b\u00e2tir des collectivit\u00e9s plus durables, \u00e0 faibles \u00e9missions de carbone, \u00e9co\u00e9nerg\u00e9tiques et adapt\u00e9es aux changements climatiques.<\/p>\n<p>Abonnez-vous \u00e0 notre infolettre pour recevoir nos derni\u00e8res nouvelles, nos mises \u00e0 jour et pour vous informer sur les \u00e9v\u00e9nements et les opportunit\u00e9s \u00e0 venir.<\/p>\n<p>\u00a0\u00bb _builder_version=\u00a0\u00bb4.4.0&Prime; header_font=\u00a0\u00bbNoto Sans||||||||\u00a0\u00bb header_text_color=\u00a0\u00bb#0a0a0a\u00a0\u00bb body_font=\u00a0\u00bbNoto Sans||||||||\u00a0\u00bb body_text_color=\u00a0\u00bb#0a0a0a\u00a0\u00bb form_field_font=\u00a0\u00bbNoto Sans||||||||\u00a0\u00bb background_color=\u00a0\u00bbrgba(0,0,0,0)\u00a0\u00bb custom_button=\u00a0\u00bbon\u00a0\u00bb button_bg_color=\u00a0\u00bb#00646c\u00a0\u00bb background_layout=\u00a0\u00bblight\u00a0\u00bb custom_padding=\u00a0\u00bb||||false|false\u00a0\u00bb][et_pb_signup_custom_field field_id=\u00a0\u00bb6&Prime; field_title=\u00a0\u00bbOrganization\u00a0\u00bb field_type=\u00a0\u00bbinput\u00a0\u00bb _builder_version=\u00a0\u00bb4.4.0&Prime; predefined_field=\u00a0\u00bb6&Prime;][\/et_pb_signup_custom_field][\/et_pb_signup][\/et_pb_column][\/et_pb_row][\/et_pb_section]<\/p>\n","protected":false},"excerpt":{"rendered":"<p>[et_pb_section fb_built=\u00a0\u00bb1&Prime; _builder_version=\u00a0\u00bb4.4.0&Prime; background_color=\u00a0\u00bb#ffffff\u00a0\u00bb custom_padding=\u00a0\u00bb0px||0px||false|false\u00a0\u00bb][et_pb_row _builder_version=\u00a0\u00bb4.4.0&Prime; custom_padding=\u00a0\u00bb0px||0px||false|false\u00a0\u00bb][et_pb_column type=\u00a0\u00bb4_4&Prime; _builder_version=\u00a0\u00bb4.4.0&Prime;][et_pb_text admin_label=\u00a0\u00bbTitle\u00a0\u00bb _builder_version=\u00a0\u00bb4.4.0&Prime; text_font=\u00a0\u00bbNoto Sans|700|||||||\u00a0\u00bb text_text_color=\u00a0\u00bb#747d88&Prime; text_font_size=\u00a0\u00bb15px\u00a0\u00bb text_line_height=\u00a0\u00bb1.9em\u00a0\u00bb header_font=\u00a0\u00bb||||||||\u00a0\u00bb header_2_font=\u00a0\u00bbNoto Sans|700|||||||\u00a0\u00bb header_2_text_align=\u00a0\u00bbleft\u00a0\u00bb header_2_font_size=\u00a0\u00bb42px\u00a0\u00bb max_width=\u00a0\u00bb700px\u00a0\u00bb module_alignment=\u00a0\u00bbcenter\u00a0\u00bb custom_margin=\u00a0\u00bb||||false|false\u00a0\u00bb custom_padding=\u00a0\u00bb0px||0px|0px|false|false\u00a0\u00bb animation_style=\u00a0\u00bbslide\u00a0\u00bb animation_direction=\u00a0\u00bbbottom\u00a0\u00bb animation_intensity_slide=\u00a0\u00bb4%\u00a0\u00bb locked=\u00a0\u00bboff\u00a0\u00bb] Points forts du sommet de Malm\u00f6 [\/et_pb_text][\/et_pb_column][\/et_pb_row][et_pb_row column_structure=\u00a0\u00bb2_5,3_5&Prime; _builder_version=\u00a0\u00bb4.4.0&Prime; custom_padding=\u00a0\u00bb||0px||false|false\u00a0\u00bb][et_pb_column type=\u00a0\u00bb2_5&Prime; _builder_version=\u00a0\u00bb4.4.0&Prime;][et_pb_image src=\u00a0\u00bbhttps:\/\/icleicanada.org\/wp-content\/uploads\/2022\/06\/10.png\u00a0\u00bb _builder_version=\u00a0\u00bb4.4.0&Prime;][\/et_pb_image][et_pb_image src=\u00a0\u00bbhttps:\/\/icleicanada.org\/wp-content\/uploads\/2022\/06\/11.png\u00a0\u00bb _builder_version=\u00a0\u00bb4.4.0&Prime;][\/et_pb_image][et_pb_image src=\u00a0\u00bbhttps:\/\/icleicanada.org\/wp-content\/uploads\/2022\/06\/13.png\u00a0\u00bb _builder_version=\u00a0\u00bb4.4.0&Prime;][\/et_pb_image][\/et_pb_column][et_pb_column type=\u00a0\u00bb3_5&Prime; _builder_version=\u00a0\u00bb4.4.0&Prime;][et_pb_text _builder_version=\u00a0\u00bb4.4.0&Prime; text_font=\u00a0\u00bbNoto Sans||||||||\u00a0\u00bb text_text_color=\u00a0\u00bb#0a0a0a\u00a0\u00bb header_3_line_height=\u00a0\u00bb1.1em\u00a0\u00bb header_4_line_height=\u00a0\u00bb1.2em\u00a0\u00bb [&hellip;]<\/p>\n","protected":false},"author":18,"featured_media":56690,"comment_status":"closed","ping_status":"closed","sticky":false,"template":"","format":"standard","meta":{"_et_pb_use_builder":"on","_et_pb_old_content":"","_et_gb_content_width":"","footnotes":""},"categories":[121,93],"tags":[],"class_list":["post-56684","post","type-post","status-publish","format-standard","has-post-thumbnail","hentry","category-newsletter-fr","category-nouvelles"],"_links":{"self":[{"href":"https:\/\/icleicanada.org\/fr\/wp-json\/wp\/v2\/posts\/56684","targetHints":{"allow":["GET"]}}],"collection":[{"href":"https:\/\/icleicanada.org\/fr\/wp-json\/wp\/v2\/posts"}],"about":[{"href":"https:\/\/icleicanada.org\/fr\/wp-json\/wp\/v2\/types\/post"}],"author":[{"embeddable":true,"href":"https:\/\/icleicanada.org\/fr\/wp-json\/wp\/v2\/users\/18"}],"replies":[{"embeddable":true,"href":"https:\/\/icleicanada.org\/fr\/wp-json\/wp\/v2\/comments?post=56684"}],"version-history":[{"count":6,"href":"https:\/\/icleicanada.org\/fr\/wp-json\/wp\/v2\/posts\/56684\/revisions"}],"predecessor-version":[{"id":56695,"href":"https:\/\/icleicanada.org\/fr\/wp-json\/wp\/v2\/posts\/56684\/revisions\/56695"}],"wp:featuredmedia":[{"embeddable":true,"href":"https:\/\/icleicanada.org\/fr\/wp-json\/wp\/v2\/media\/56690"}],"wp:attachment":[{"href":"https:\/\/icleicanada.org\/fr\/wp-json\/wp\/v2\/media?parent=56684"}],"wp:term":[{"taxonomy":"category","embeddable":true,"href":"https:\/\/icleicanada.org\/fr\/wp-json\/wp\/v2\/categories?post=56684"},{"taxonomy":"post_tag","embeddable":true,"href":"https:\/\/icleicanada.org\/fr\/wp-json\/wp\/v2\/tags?post=56684"}],"curies":[{"name":"wp","href":"https:\/\/api.w.org\/{rel}","templated":true}]}}