{"id":58450,"date":"2023-03-15T13:54:18","date_gmt":"2023-03-15T17:54:18","guid":{"rendered":"https:\/\/icleicanada.org\/?p=58450\/"},"modified":"2023-03-15T15:24:46","modified_gmt":"2023-03-15T19:24:46","slug":"evenements-a-venir","status":"publish","type":"post","link":"https:\/\/icleicanada.org\/fr\/evenements-a-venir\/","title":{"rendered":"\u00c9v\u00e9nements \u00e0 venir"},"content":{"rendered":"<p>[et_pb_section fb_built=\u00a0\u00bb1&Prime; admin_label=\u00a0\u00bbSplit Section\u00a0\u00bb module_id=\u00a0\u00bbproject-updates\u00a0\u00bb _builder_version=\u00a0\u00bb4.4.0&Prime; custom_padding=\u00a0\u00bb||0px||false|false\u00a0\u00bb animation_style=\u00a0\u00bbfold\u00a0\u00bb animation_direction=\u00a0\u00bbbottom\u00a0\u00bb animation_intensity_fold=\u00a0\u00bb4%\u00a0\u00bb saved_tabs=\u00a0\u00bball\u00a0\u00bb][et_pb_row _builder_version=\u00a0\u00bb4.4.0&Prime; background_size=\u00a0\u00bbinitial\u00a0\u00bb background_position=\u00a0\u00bbtop_left\u00a0\u00bb background_repeat=\u00a0\u00bbrepeat\u00a0\u00bb max_width=\u00a0\u00bb1025px\u00a0\u00bb custom_padding=\u00a0\u00bb0px||||false|false\u00a0\u00bb use_custom_width=\u00a0\u00bbon\u00a0\u00bb custom_width_px=\u00a0\u00bb1025px\u00a0\u00bb][et_pb_column type=\u00a0\u00bb4_4&Prime; _builder_version=\u00a0\u00bb3.25&Prime; background_position=\u00a0\u00bbtop_left\u00a0\u00bb custom_padding=\u00a0\u00bb|||\u00a0\u00bb custom_padding__hover=\u00a0\u00bb|||\u00a0\u00bb][et_pb_text admin_label=\u00a0\u00bbFAQ Section Title\u00a0\u00bb _builder_version=\u00a0\u00bb4.4.0&Prime; text_font=\u00a0\u00bb|300|||||||\u00a0\u00bb link_font=\u00a0\u00bb||||||||\u00a0\u00bb header_font=\u00a0\u00bbMontserrat||||||||\u00a0\u00bb header_text_color=\u00a0\u00bb#1f1f1f\u00a0\u00bb text_orientation=\u00a0\u00bbcenter\u00a0\u00bb max_width=\u00a0\u00bb80%\u00a0\u00bb module_alignment=\u00a0\u00bbcenter\u00a0\u00bb animation_style=\u00a0\u00bbfold\u00a0\u00bb animation_direction=\u00a0\u00bbbottom\u00a0\u00bb animation_intensity_fold=\u00a0\u00bb20%\u00a0\u00bb header_font_size_tablet=\u00a0\u00bb\u00a0\u00bb header_font_size_phone=\u00a0\u00bb\u00a0\u00bb header_font_size_last_edited=\u00a0\u00bbon|phone\u00a0\u00bb]<\/p>\n<h1>Atelier : Passer de la planification \u00e0 la mise en \u0153uvre dans le domaine de l&rsquo;adaptation aux changements climatiques<\/h1>\n<p>[\/et_pb_text][\/et_pb_column][\/et_pb_row][et_pb_row _builder_version=\u00a0\u00bb4.4.0&Prime; custom_padding=\u00a0\u00bb0px||0px||false|false\u00a0\u00bb][et_pb_column type=\u00a0\u00bb4_4&Prime; _builder_version=\u00a0\u00bb4.4.0&Prime;][et_pb_divider color=\u00a0\u00bb#C9E9EB\u00a0\u00bb divider_weight=\u00a0\u00bb4px\u00a0\u00bb _builder_version=\u00a0\u00bb4.4.0&Prime;][\/et_pb_divider][\/et_pb_column][\/et_pb_row][et_pb_row column_structure=\u00a0\u00bb2_5,3_5&Prime; module_id=\u00a0\u00bbprimer\u00a0\u00bb _builder_version=\u00a0\u00bb4.4.0&Prime;][et_pb_column type=\u00a0\u00bb2_5&Prime; _builder_version=\u00a0\u00bb4.4.0&Prime;][et_pb_image src=\u00a0\u00bbhttps:\/\/icleicanada.org\/wp-content\/uploads\/2023\/03\/Mailchimp-Images-Jan-24-2023-5.png\u00a0\u00bb url=\u00a0\u00bbhttps:\/\/www.eventbrite.com\/e\/moving-from-planning-to-implementation-on-climate-change-adaptation-tickets-528474711087?utm_source=Atlantic+Canada+Adaptation+Workshop+|+Eventbrite&#038;utm_medium=All&#038;utm_campaign=Atlantic+Canada+Adaptation+Workshop+|+Eventbrite\u00a0\u00bb url_new_window=\u00a0\u00bbon\u00a0\u00bb _builder_version=\u00a0\u00bb4.4.0&Prime;][\/et_pb_image][et_pb_cta button_url=\u00a0\u00bbhttps:\/\/talkofthecities.iclei.org\/post-cop27-iclei-welcomes-climate-emergency-financing-calls-for-action-to-address-biodiversity-crisis\/\u00a0\u00bb url_new_window=\u00a0\u00bbon\u00a0\u00bb admin_label=\u00a0\u00bbFeature 01&Prime; module_id=\u00a0\u00bbcop27&Prime; _builder_version=\u00a0\u00bb4.4.0&Prime; header_level=\u00a0\u00bbh1&Prime; header_font=\u00a0\u00bbMontserrat||||\u00a0\u00bb header_text_align=\u00a0\u00bbleft\u00a0\u00bb header_text_color=\u00a0\u00bb#1f1f1f\u00a0\u00bb header_font_size=\u00a0\u00bb31px\u00a0\u00bb header_line_height=\u00a0\u00bb1.4em\u00a0\u00bb body_font=\u00a0\u00bb||||||||\u00a0\u00bb background_color=\u00a0\u00bb#f4f4f4&Prime; custom_button=\u00a0\u00bbon\u00a0\u00bb button_text_color=\u00a0\u00bb#ffffff\u00a0\u00bb button_bg_color=\u00a0\u00bb#00646c\u00a0\u00bb button_border_color=\u00a0\u00bbrgba(0,0,0,0)\u00a0\u00bb button_font=\u00a0\u00bbMontserrat|||on|\u00a0\u00bb button_use_icon=\u00a0\u00bboff\u00a0\u00bb text_orientation=\u00a0\u00bbleft\u00a0\u00bb background_layout=\u00a0\u00bblight\u00a0\u00bb module_alignment=\u00a0\u00bbcenter\u00a0\u00bb custom_padding=\u00a0\u00bb40px|50px|20px|50px|false|false\u00a0\u00bb animation_style=\u00a0\u00bbfold\u00a0\u00bb animation_direction=\u00a0\u00bbbottom\u00a0\u00bb animation_intensity_fold=\u00a0\u00bb15%\u00a0\u00bb button_text_color_hover=\u00a0\u00bb#6eba01&Prime; button_border_color_hover=\u00a0\u00bb#6eba01&Prime; button_border_radius_hover=\u00a0\u00bb0&Prime; button_letter_spacing_hover=\u00a0\u00bb2&Prime; button_bg_color_hover=\u00a0\u00bbrgba(0,0,0,0)\u00a0\u00bb locked=\u00a0\u00bboff\u00a0\u00bb button_text_size__hover_enabled=\u00a0\u00bboff\u00a0\u00bb button_one_text_size__hover_enabled=\u00a0\u00bboff\u00a0\u00bb button_two_text_size__hover_enabled=\u00a0\u00bboff\u00a0\u00bb button_text_color__hover_enabled=\u00a0\u00bbon\u00a0\u00bb button_text_color__hover=\u00a0\u00bb#00646c\u00a0\u00bb button_one_text_color__hover_enabled=\u00a0\u00bboff\u00a0\u00bb button_two_text_color__hover_enabled=\u00a0\u00bboff\u00a0\u00bb button_border_width__hover_enabled=\u00a0\u00bboff\u00a0\u00bb button_one_border_width__hover_enabled=\u00a0\u00bboff\u00a0\u00bb button_two_border_width__hover_enabled=\u00a0\u00bboff\u00a0\u00bb button_border_color__hover_enabled=\u00a0\u00bbon|hover\u00a0\u00bb button_border_color__hover=\u00a0\u00bb#00646c\u00a0\u00bb button_one_border_color__hover_enabled=\u00a0\u00bboff\u00a0\u00bb button_two_border_color__hover_enabled=\u00a0\u00bboff\u00a0\u00bb button_border_radius__hover_enabled=\u00a0\u00bbon\u00a0\u00bb button_border_radius__hover=\u00a0\u00bb0&Prime; button_one_border_radius__hover_enabled=\u00a0\u00bboff\u00a0\u00bb button_two_border_radius__hover_enabled=\u00a0\u00bboff\u00a0\u00bb button_letter_spacing__hover_enabled=\u00a0\u00bbon\u00a0\u00bb button_letter_spacing__hover=\u00a0\u00bb2&Prime; button_one_letter_spacing__hover_enabled=\u00a0\u00bboff\u00a0\u00bb button_two_letter_spacing__hover_enabled=\u00a0\u00bboff\u00a0\u00bb button_bg_color__hover_enabled=\u00a0\u00bbon\u00a0\u00bb button_bg_color__hover=\u00a0\u00bbrgba(0,0,0,0)\u00a0\u00bb button_one_bg_color__hover_enabled=\u00a0\u00bboff\u00a0\u00bb button_two_bg_color__hover_enabled=\u00a0\u00bboff\u00a0\u00bb]<\/p>\n<p><span>En partenariat avec\u00a0<\/span>ICLEI Canada<span>,<\/span> Cet atelier est offert par\u00a0by le R\u00e9seau de solutions pour les communaut\u00e9s \u2014 un programme de Villes d&rsquo;avenir Canada, dirig\u00e9 par Evergreen et\u00a0financ\u00e9 par le gouvernement du Canada.<\/p>\n<p>[\/et_pb_cta][\/et_pb_column][et_pb_column type=\u00a0\u00bb3_5&Prime; _builder_version=\u00a0\u00bb4.4.0&Prime;][et_pb_text _builder_version=\u00a0\u00bb4.4.0&Prime; header_2_font_size_tablet=\u00a0\u00bb\u00a0\u00bb header_2_font_size_phone=\u00a0\u00bb\u00a0\u00bb header_2_font_size_last_edited=\u00a0\u00bbon|phone\u00a0\u00bb]<\/p>\n<h3>Les communaut\u00e9s du Canada atlantique sont invit\u00e9es \u00e0 se joindre \u00e0 nous le 22 mars pour explorer les possibilit\u00e9s de renforcer la dynamique de mise en \u0153uvre de l&rsquo;adaptation.<\/h3>\n<p>[\/et_pb_text][et_pb_text _builder_version=\u00a0\u00bb4.4.0&Prime; header_2_font_size_tablet=\u00a0\u00bb\u00a0\u00bb header_2_font_size_phone=\u00a0\u00bb\u00a0\u00bb header_2_font_size_last_edited=\u00a0\u00bbon|phone\u00a0\u00bb]<\/p>\n<p><span style=\"font-weight: 400;\">Joignez-vous \u00e0 nous, Evergreen et CLIMAtlantic \u00e0 Halifax ou en ligne le mercredi 22 mars 2023 pour un atelier interactif con\u00e7u pour aider les communaut\u00e9s du Canada atlantique \u00e0 passer de la planification de l&rsquo;adaptation aux changements climatiques \u00e0 la mise en \u0153uvre.\u00a0<\/span><\/p>\n<ul>\n<li style=\"font-weight: 400;\" aria-level=\"1\"><span style=\"font-weight: 400;\">Les pr\u00e9sentateurs invit\u00e9s vous feront part de leurs connaissances\u00a0<\/span><\/li>\n<li style=\"font-weight: 400;\" aria-level=\"1\"><span style=\"font-weight: 400;\">Approfondissez votre compr\u00e9hension des moteurs et des contraintes de la mise en \u0153uvre<\/span><\/li>\n<li style=\"font-weight: 400;\" aria-level=\"1\"><span style=\"font-weight: 400;\">D\u00e9couvrez quels fonds, outils et ressources sont disponibles pour soutenir la mise en \u0153uvre<\/span><\/li>\n<li style=\"font-weight: 400;\" aria-level=\"1\"><span style=\"font-weight: 400;\">Participez \u00e0 un dialogue interactif<\/span><\/li>\n<li style=\"font-weight: 400;\" aria-level=\"1\"><span style=\"font-weight: 400;\">Explorez les moyens de renforcer la dynamique de mise en \u0153uvre de l&rsquo;adaptation dans votre communaut\u00e9<\/span><\/li>\n<\/ul>\n<p><span style=\"font-weight: 400;\">Un service d&rsquo;<span>interpr\u00e9tation simultan\u00e9e<\/span> de l\u2019ANGLAIS au FRAN\u00c7AIS sera mis \u00e0 la disposition des participants virtuels.\u00a0<\/span><span style=\"font-weight: 400;\">En savoir plus, d\u00e9couvrir le programme et les pr\u00e9sentateurs, et s\u2019inscrire.<\/span><\/p>\n<p>[\/et_pb_text][et_pb_button button_url=\u00a0\u00bbhttps:\/\/www.eventbrite.com\/e\/moving-from-planning-to-implementation-on-climate-change-adaptation-tickets-528474711087?utm_source=Atlantic+Canada+Adaptation+Workshop+|+Eventbrite&#038;utm_medium=All&#038;utm_campaign=Atlantic+Canada+Adaptation+Workshop+|+Eventbrite\u00a0\u00bb url_new_window=\u00a0\u00bbon\u00a0\u00bb button_text=\u00a0\u00bbEN SAVOIR PLUS\u00a0\u00bb _builder_version=\u00a0\u00bb4.4.0&Prime; custom_margin=\u00a0\u00bb||30px||false|false\u00a0\u00bb custom_padding=\u00a0\u00bb||||false|false\u00a0\u00bb][\/et_pb_button][\/et_pb_column][\/et_pb_row][\/et_pb_section][et_pb_section fb_built=\u00a0\u00bb1&Prime; admin_label=\u00a0\u00bbSplit Section\u00a0\u00bb module_id=\u00a0\u00bbproject-updates\u00a0\u00bb _builder_version=\u00a0\u00bb4.4.0&Prime; custom_padding=\u00a0\u00bb||0px||false|false\u00a0\u00bb animation_style=\u00a0\u00bbfold\u00a0\u00bb animation_direction=\u00a0\u00bbbottom\u00a0\u00bb animation_intensity_fold=\u00a0\u00bb4%\u00a0\u00bb saved_tabs=\u00a0\u00bball\u00a0\u00bb][et_pb_row _builder_version=\u00a0\u00bb4.4.0&Prime; background_size=\u00a0\u00bbinitial\u00a0\u00bb background_position=\u00a0\u00bbtop_left\u00a0\u00bb background_repeat=\u00a0\u00bbrepeat\u00a0\u00bb max_width=\u00a0\u00bb1025px\u00a0\u00bb custom_padding=\u00a0\u00bb0px||||false|false\u00a0\u00bb use_custom_width=\u00a0\u00bbon\u00a0\u00bb custom_width_px=\u00a0\u00bb1025px\u00a0\u00bb][et_pb_column type=\u00a0\u00bb4_4&Prime; _builder_version=\u00a0\u00bb3.25&Prime; background_position=\u00a0\u00bbtop_left\u00a0\u00bb custom_padding=\u00a0\u00bb|||\u00a0\u00bb custom_padding__hover=\u00a0\u00bb|||\u00a0\u00bb][et_pb_text admin_label=\u00a0\u00bbFAQ Section Title\u00a0\u00bb _builder_version=\u00a0\u00bb4.4.0&Prime; text_font=\u00a0\u00bb|300|||||||\u00a0\u00bb link_font=\u00a0\u00bb||||||||\u00a0\u00bb header_font=\u00a0\u00bbMontserrat||||||||\u00a0\u00bb header_text_color=\u00a0\u00bb#1f1f1f\u00a0\u00bb text_orientation=\u00a0\u00bbcenter\u00a0\u00bb max_width=\u00a0\u00bb80%\u00a0\u00bb module_alignment=\u00a0\u00bbcenter\u00a0\u00bb animation_style=\u00a0\u00bbfold\u00a0\u00bb animation_direction=\u00a0\u00bbbottom\u00a0\u00bb animation_intensity_fold=\u00a0\u00bb20%\u00a0\u00bb header_font_size_tablet=\u00a0\u00bb\u00a0\u00bb header_font_size_phone=\u00a0\u00bb\u00a0\u00bb header_font_size_last_edited=\u00a0\u00bbon|phone\u00a0\u00bb]<\/p>\n<h1>Webinaire : Les avantages des pompes \u00e0 chaleur g\u00e9othermiques pour le climat<\/h1>\n<p>[\/et_pb_text][\/et_pb_column][\/et_pb_row][et_pb_row _builder_version=\u00a0\u00bb4.4.0&Prime; custom_padding=\u00a0\u00bb0px||0px||false|false\u00a0\u00bb][et_pb_column type=\u00a0\u00bb4_4&Prime; _builder_version=\u00a0\u00bb4.4.0&Prime;][et_pb_divider color=\u00a0\u00bb#C9E9EB\u00a0\u00bb divider_weight=\u00a0\u00bb4px\u00a0\u00bb _builder_version=\u00a0\u00bb4.4.0&Prime;][\/et_pb_divider][\/et_pb_column][\/et_pb_row][et_pb_row column_structure=\u00a0\u00bb2_5,3_5&Prime; module_id=\u00a0\u00bbprimer\u00a0\u00bb _builder_version=\u00a0\u00bb4.4.0&Prime;][et_pb_column type=\u00a0\u00bb2_5&Prime; _builder_version=\u00a0\u00bb4.4.0&Prime;][et_pb_image src=\u00a0\u00bbhttps:\/\/icleicanada.org\/wp-content\/uploads\/2023\/03\/Mailchimp-Images-Jan-24-2023-6.png\u00a0\u00bb url=\u00a0\u00bbhttp:\/\/bit.ly\/409ddcc\u00a0\u00bb url_new_window=\u00a0\u00bbon\u00a0\u00bb _builder_version=\u00a0\u00bb4.4.0&Prime;][\/et_pb_image][et_pb_cta button_url=\u00a0\u00bbhttps:\/\/talkofthecities.iclei.org\/post-cop27-iclei-welcomes-climate-emergency-financing-calls-for-action-to-address-biodiversity-crisis\/\u00a0\u00bb url_new_window=\u00a0\u00bbon\u00a0\u00bb admin_label=\u00a0\u00bbFeature 01&Prime; module_id=\u00a0\u00bbcop27&Prime; _builder_version=\u00a0\u00bb4.4.0&Prime; header_level=\u00a0\u00bbh1&Prime; header_font=\u00a0\u00bbMontserrat||||\u00a0\u00bb header_text_align=\u00a0\u00bbleft\u00a0\u00bb header_text_color=\u00a0\u00bb#1f1f1f\u00a0\u00bb header_font_size=\u00a0\u00bb31px\u00a0\u00bb header_line_height=\u00a0\u00bb1.4em\u00a0\u00bb body_font=\u00a0\u00bb||||||||\u00a0\u00bb background_color=\u00a0\u00bb#f4f4f4&Prime; custom_button=\u00a0\u00bbon\u00a0\u00bb button_text_color=\u00a0\u00bb#ffffff\u00a0\u00bb button_bg_color=\u00a0\u00bb#00646c\u00a0\u00bb button_border_color=\u00a0\u00bbrgba(0,0,0,0)\u00a0\u00bb button_font=\u00a0\u00bbMontserrat|||on|\u00a0\u00bb button_use_icon=\u00a0\u00bboff\u00a0\u00bb text_orientation=\u00a0\u00bbleft\u00a0\u00bb background_layout=\u00a0\u00bblight\u00a0\u00bb module_alignment=\u00a0\u00bbcenter\u00a0\u00bb custom_padding=\u00a0\u00bb40px|50px|20px|50px|false|false\u00a0\u00bb animation_style=\u00a0\u00bbfold\u00a0\u00bb animation_direction=\u00a0\u00bbbottom\u00a0\u00bb animation_intensity_fold=\u00a0\u00bb15%\u00a0\u00bb button_text_color_hover=\u00a0\u00bb#6eba01&Prime; button_border_color_hover=\u00a0\u00bb#6eba01&Prime; button_border_radius_hover=\u00a0\u00bb0&Prime; button_letter_spacing_hover=\u00a0\u00bb2&Prime; button_bg_color_hover=\u00a0\u00bbrgba(0,0,0,0)\u00a0\u00bb locked=\u00a0\u00bboff\u00a0\u00bb button_text_size__hover_enabled=\u00a0\u00bboff\u00a0\u00bb button_one_text_size__hover_enabled=\u00a0\u00bboff\u00a0\u00bb button_two_text_size__hover_enabled=\u00a0\u00bboff\u00a0\u00bb button_text_color__hover_enabled=\u00a0\u00bbon\u00a0\u00bb button_text_color__hover=\u00a0\u00bb#00646c\u00a0\u00bb button_one_text_color__hover_enabled=\u00a0\u00bboff\u00a0\u00bb button_two_text_color__hover_enabled=\u00a0\u00bboff\u00a0\u00bb button_border_width__hover_enabled=\u00a0\u00bboff\u00a0\u00bb button_one_border_width__hover_enabled=\u00a0\u00bboff\u00a0\u00bb button_two_border_width__hover_enabled=\u00a0\u00bboff\u00a0\u00bb button_border_color__hover_enabled=\u00a0\u00bbon|hover\u00a0\u00bb button_border_color__hover=\u00a0\u00bb#00646c\u00a0\u00bb button_one_border_color__hover_enabled=\u00a0\u00bboff\u00a0\u00bb button_two_border_color__hover_enabled=\u00a0\u00bboff\u00a0\u00bb button_border_radius__hover_enabled=\u00a0\u00bbon\u00a0\u00bb button_border_radius__hover=\u00a0\u00bb0&Prime; button_one_border_radius__hover_enabled=\u00a0\u00bboff\u00a0\u00bb button_two_border_radius__hover_enabled=\u00a0\u00bboff\u00a0\u00bb button_letter_spacing__hover_enabled=\u00a0\u00bbon\u00a0\u00bb button_letter_spacing__hover=\u00a0\u00bb2&Prime; button_one_letter_spacing__hover_enabled=\u00a0\u00bboff\u00a0\u00bb button_two_letter_spacing__hover_enabled=\u00a0\u00bboff\u00a0\u00bb button_bg_color__hover_enabled=\u00a0\u00bbon\u00a0\u00bb button_bg_color__hover=\u00a0\u00bbrgba(0,0,0,0)\u00a0\u00bb button_one_bg_color__hover_enabled=\u00a0\u00bboff\u00a0\u00bb button_two_bg_color__hover_enabled=\u00a0\u00bboff\u00a0\u00bb]<\/p>\n<p>Le programme Partenaires dans la protection du climat est un partenariat entre ICLEI Canada \u2013 Gouvernements locaux pour le d\u00e9veloppement durable et la F\u00e9d\u00e9ration canadienne des municipalit\u00e9s.<\/p>\n<p>[\/et_pb_cta][\/et_pb_column][et_pb_column type=\u00a0\u00bb3_5&Prime; _builder_version=\u00a0\u00bb4.4.0&Prime;][et_pb_text _builder_version=\u00a0\u00bb4.4.0&Prime; header_2_font_size_tablet=\u00a0\u00bb\u00a0\u00bb header_2_font_size_phone=\u00a0\u00bb\u00a0\u00bb header_2_font_size_last_edited=\u00a0\u00bbon|phone\u00a0\u00bb]<\/p>\n<h3>D\u00e9couvrez comment l\u2019installation de pompes \u00e0 chaleur g\u00e9othermiques pour chauffer et climatiser les b\u00e2timents de votre collectivit\u00e9 peut aider \u00e0 r\u00e9duire l&#8217;empreinte carbone de votre municipalit\u00e9.<\/h3>\n<p>[\/et_pb_text][et_pb_text _builder_version=\u00a0\u00bb4.4.0&Prime; header_2_font_size_tablet=\u00a0\u00bb\u00a0\u00bb header_2_font_size_phone=\u00a0\u00bb\u00a0\u00bb header_2_font_size_last_edited=\u00a0\u00bbon|phone\u00a0\u00bb]<\/p>\n<p><span style=\"font-weight: 400;\">Vous souhaitez r\u00e9duire l\u2019empreinte carbone de votre municipalit\u00e9 ? Joignez-vous \u00e0 nous le 29\u202fmars de 13\u202fh \u00e0 15\u202fh (HE) dans le cadre d\u2019un webinaire gratuit sur les pompes \u00e0 chaleur g\u00e9othermiques. Des experts de l\u2019industrie vous pr\u00e9senteront les avantages de la technologie des pompes \u00e0 chaleur g\u00e9othermiques, y compris l\u2019analyse de rentabilisation de leur installation et la fa\u00e7on de surmonter les difficult\u00e9s courantes. Au cours de ce webinaire, vous pourrez :\u00a0\u00a0<\/span><\/p>\n<ul>\n<li style=\"font-weight: 400;\" aria-level=\"1\"><span style=\"font-weight: 400;\">D\u00e9couvrir les avantages des pompes \u00e0 chaleur g\u00e9othermiques, y compris la fa\u00e7on dont elles peuvent vous aider \u00e0 atteindre vos objectifs en mati\u00e8re de climat;<\/span><\/li>\n<li style=\"font-weight: 400;\" aria-level=\"1\"><span style=\"font-weight: 400;\">Apprendre comment la g\u00e9othermie peut fonctionner au sein de votre collectivit\u00e9;<\/span><\/li>\n<li style=\"font-weight: 400;\" aria-level=\"1\"><span style=\"font-weight: 400;\">Apprendre comment les pompes \u00e0 chaleur g\u00e9othermiques peuvent s\u2019adapter aux contextes ruraux, urbains et suburbains.<\/span><\/li>\n<\/ul>\n<p><span style=\"font-weight: 400;\">Pour en savoir plus et s&rsquo;inscrire, consultez le site web des Partenaires dans la protection du climat.<\/span><\/p>\n<p>[\/et_pb_text][et_pb_button button_url=\u00a0\u00bbhttp:\/\/bit.ly\/409ddcc\u00a0\u00bb url_new_window=\u00a0\u00bbon\u00a0\u00bb button_text=\u00a0\u00bbEN SAVOIR PLUS\u00a0\u00bb _builder_version=\u00a0\u00bb4.4.0&Prime; custom_margin=\u00a0\u00bb||30px||false|false\u00a0\u00bb custom_padding=\u00a0\u00bb||||false|false\u00a0\u00bb][\/et_pb_button][\/et_pb_column][\/et_pb_row][\/et_pb_section][et_pb_section fb_built=\u00a0\u00bb1&Prime; admin_label=\u00a0\u00bbSplit Section\u00a0\u00bb module_id=\u00a0\u00bbproject-updates\u00a0\u00bb _builder_version=\u00a0\u00bb4.4.0&Prime; custom_padding=\u00a0\u00bb||0px||false|false\u00a0\u00bb animation_style=\u00a0\u00bbfold\u00a0\u00bb animation_direction=\u00a0\u00bbbottom\u00a0\u00bb animation_intensity_fold=\u00a0\u00bb4%\u00a0\u00bb saved_tabs=\u00a0\u00bball\u00a0\u00bb][et_pb_row _builder_version=\u00a0\u00bb4.4.0&Prime; background_size=\u00a0\u00bbinitial\u00a0\u00bb background_position=\u00a0\u00bbtop_left\u00a0\u00bb background_repeat=\u00a0\u00bbrepeat\u00a0\u00bb max_width=\u00a0\u00bb1025px\u00a0\u00bb custom_padding=\u00a0\u00bb0px||||false|false\u00a0\u00bb use_custom_width=\u00a0\u00bbon\u00a0\u00bb custom_width_px=\u00a0\u00bb1025px\u00a0\u00bb][et_pb_column type=\u00a0\u00bb4_4&Prime; _builder_version=\u00a0\u00bb3.25&Prime; background_position=\u00a0\u00bbtop_left\u00a0\u00bb custom_padding=\u00a0\u00bb|||\u00a0\u00bb custom_padding__hover=\u00a0\u00bb|||\u00a0\u00bb][et_pb_text admin_label=\u00a0\u00bbFAQ Section Title\u00a0\u00bb _builder_version=\u00a0\u00bb4.4.0&Prime; text_font=\u00a0\u00bb|300|||||||\u00a0\u00bb link_font=\u00a0\u00bb||||||||\u00a0\u00bb header_font=\u00a0\u00bbMontserrat||||||||\u00a0\u00bb header_text_color=\u00a0\u00bb#1f1f1f\u00a0\u00bb text_orientation=\u00a0\u00bbcenter\u00a0\u00bb max_width=\u00a0\u00bb80%\u00a0\u00bb module_alignment=\u00a0\u00bbcenter\u00a0\u00bb animation_style=\u00a0\u00bbfold\u00a0\u00bb animation_direction=\u00a0\u00bbbottom\u00a0\u00bb animation_intensity_fold=\u00a0\u00bb20%\u00a0\u00bb header_font_size_tablet=\u00a0\u00bb\u00a0\u00bb header_font_size_phone=\u00a0\u00bb\u00a0\u00bb header_font_size_last_edited=\u00a0\u00bbon|phone\u00a0\u00bb]<\/p>\n<h1>Webinaire : R\u00e9flexions et ressources tir\u00e9es du projet \u00ab Agents du changement \u00bb<\/h1>\n<p>[\/et_pb_text][\/et_pb_column][\/et_pb_row][et_pb_row _builder_version=\u00a0\u00bb4.4.0&Prime; custom_padding=\u00a0\u00bb0px||0px||false|false\u00a0\u00bb][et_pb_column type=\u00a0\u00bb4_4&Prime; _builder_version=\u00a0\u00bb4.4.0&Prime;][et_pb_divider color=\u00a0\u00bb#C9E9EB\u00a0\u00bb divider_weight=\u00a0\u00bb4px\u00a0\u00bb _builder_version=\u00a0\u00bb4.4.0&Prime;][\/et_pb_divider][\/et_pb_column][\/et_pb_row][et_pb_row column_structure=\u00a0\u00bb2_5,3_5&Prime; module_id=\u00a0\u00bbprimer\u00a0\u00bb _builder_version=\u00a0\u00bb4.4.0&Prime;][et_pb_column type=\u00a0\u00bb2_5&Prime; _builder_version=\u00a0\u00bb4.4.0&Prime;][et_pb_image src=\u00a0\u00bbhttps:\/\/icleicanada.org\/wp-content\/uploads\/2023\/03\/Mailchimp-Images-Jan-24-2023-7.png\u00a0\u00bb url=\u00a0\u00bbhttp:\/\/bit.ly\/40bwo5s\u00a0\u00bb url_new_window=\u00a0\u00bbon\u00a0\u00bb _builder_version=\u00a0\u00bb4.4.0&Prime;][\/et_pb_image][et_pb_cta button_url=\u00a0\u00bbhttps:\/\/talkofthecities.iclei.org\/post-cop27-iclei-welcomes-climate-emergency-financing-calls-for-action-to-address-biodiversity-crisis\/\u00a0\u00bb url_new_window=\u00a0\u00bbon\u00a0\u00bb admin_label=\u00a0\u00bbFeature 01&Prime; module_id=\u00a0\u00bbcop27&Prime; _builder_version=\u00a0\u00bb4.4.0&Prime; header_level=\u00a0\u00bbh1&Prime; header_font=\u00a0\u00bbMontserrat||||\u00a0\u00bb header_text_align=\u00a0\u00bbleft\u00a0\u00bb header_text_color=\u00a0\u00bb#1f1f1f\u00a0\u00bb header_font_size=\u00a0\u00bb31px\u00a0\u00bb header_line_height=\u00a0\u00bb1.4em\u00a0\u00bb body_font=\u00a0\u00bb||||||||\u00a0\u00bb background_color=\u00a0\u00bb#f4f4f4&Prime; custom_button=\u00a0\u00bbon\u00a0\u00bb button_text_color=\u00a0\u00bb#ffffff\u00a0\u00bb button_bg_color=\u00a0\u00bb#00646c\u00a0\u00bb button_border_color=\u00a0\u00bbrgba(0,0,0,0)\u00a0\u00bb button_font=\u00a0\u00bbMontserrat|||on|\u00a0\u00bb button_use_icon=\u00a0\u00bboff\u00a0\u00bb text_orientation=\u00a0\u00bbleft\u00a0\u00bb background_layout=\u00a0\u00bblight\u00a0\u00bb module_alignment=\u00a0\u00bbcenter\u00a0\u00bb custom_padding=\u00a0\u00bb40px|50px|20px|50px|false|false\u00a0\u00bb animation_style=\u00a0\u00bbfold\u00a0\u00bb animation_direction=\u00a0\u00bbbottom\u00a0\u00bb animation_intensity_fold=\u00a0\u00bb15%\u00a0\u00bb button_text_color_hover=\u00a0\u00bb#6eba01&Prime; button_border_color_hover=\u00a0\u00bb#6eba01&Prime; button_border_radius_hover=\u00a0\u00bb0&Prime; button_letter_spacing_hover=\u00a0\u00bb2&Prime; button_bg_color_hover=\u00a0\u00bbrgba(0,0,0,0)\u00a0\u00bb locked=\u00a0\u00bboff\u00a0\u00bb button_text_size__hover_enabled=\u00a0\u00bboff\u00a0\u00bb button_one_text_size__hover_enabled=\u00a0\u00bboff\u00a0\u00bb button_two_text_size__hover_enabled=\u00a0\u00bboff\u00a0\u00bb button_text_color__hover_enabled=\u00a0\u00bbon\u00a0\u00bb button_text_color__hover=\u00a0\u00bb#00646c\u00a0\u00bb button_one_text_color__hover_enabled=\u00a0\u00bboff\u00a0\u00bb button_two_text_color__hover_enabled=\u00a0\u00bboff\u00a0\u00bb button_border_width__hover_enabled=\u00a0\u00bboff\u00a0\u00bb button_one_border_width__hover_enabled=\u00a0\u00bboff\u00a0\u00bb button_two_border_width__hover_enabled=\u00a0\u00bboff\u00a0\u00bb button_border_color__hover_enabled=\u00a0\u00bbon|hover\u00a0\u00bb button_border_color__hover=\u00a0\u00bb#00646c\u00a0\u00bb button_one_border_color__hover_enabled=\u00a0\u00bboff\u00a0\u00bb button_two_border_color__hover_enabled=\u00a0\u00bboff\u00a0\u00bb button_border_radius__hover_enabled=\u00a0\u00bbon\u00a0\u00bb button_border_radius__hover=\u00a0\u00bb0&Prime; button_one_border_radius__hover_enabled=\u00a0\u00bboff\u00a0\u00bb button_two_border_radius__hover_enabled=\u00a0\u00bboff\u00a0\u00bb button_letter_spacing__hover_enabled=\u00a0\u00bbon\u00a0\u00bb button_letter_spacing__hover=\u00a0\u00bb2&Prime; button_one_letter_spacing__hover_enabled=\u00a0\u00bboff\u00a0\u00bb button_two_letter_spacing__hover_enabled=\u00a0\u00bboff\u00a0\u00bb button_bg_color__hover_enabled=\u00a0\u00bbon\u00a0\u00bb button_bg_color__hover=\u00a0\u00bbrgba(0,0,0,0)\u00a0\u00bb button_one_bg_color__hover_enabled=\u00a0\u00bboff\u00a0\u00bb button_two_bg_color__hover_enabled=\u00a0\u00bboff\u00a0\u00bb]<\/p>\n<p>Nous remercions sinc\u00e8rement le gouvernement du Canada pour son soutien financier \u00e0 ce projet.<\/p>\n<p>[\/et_pb_cta][\/et_pb_column][et_pb_column type=\u00a0\u00bb3_5&Prime; _builder_version=\u00a0\u00bb4.4.0&Prime;][et_pb_text _builder_version=\u00a0\u00bb4.4.0&Prime; header_2_font_size_tablet=\u00a0\u00bb\u00a0\u00bb header_2_font_size_phone=\u00a0\u00bb\u00a0\u00bb header_2_font_size_last_edited=\u00a0\u00bbon|phone\u00a0\u00bb]<\/p>\n<h3>Apprenez comment dix municipalit\u00e9s canadiennes ont mis en place des programmes d&rsquo;engagement b\u00e9n\u00e9vole pour soutenir leurs objectifs climatiques, et d\u00e9couvrez des ressources pour vous aider \u00e0 faire de m\u00eame dans votre communaut\u00e9.<\/h3>\n<p>[\/et_pb_text][et_pb_text _builder_version=\u00a0\u00bb4.4.0&Prime; header_2_font_size_tablet=\u00a0\u00bb\u00a0\u00bb header_2_font_size_phone=\u00a0\u00bb\u00a0\u00bb header_2_font_size_last_edited=\u00a0\u00bbon|phone\u00a0\u00bb]<\/p>\n<p>Le projet \u00ab Agents du changement \u00bb d&rsquo;ICLEI Canada a aid\u00e9 les municipalit\u00e9s participantes \u00e0 conceptualiser des programmes d&rsquo;engagement b\u00e9n\u00e9vole adapt\u00e9s \u00e0 leur communaut\u00e9 et \u00e0 leurs objectifs d&rsquo;att\u00e9nuation des changements climatiques et\/ou d&rsquo;adaptation. Par le biais d&rsquo;un mod\u00e8le de collaboration par cohortes, les participants ont explor\u00e9 des consid\u00e9rations cl\u00e9s telles que des structures de gouvernance, des mod\u00e8les de partenariat, des techniques de recrutement, de la participation des Autochtones, de l&rsquo;inclusion et l&rsquo;\u00e9quit\u00e9, des strat\u00e9gies pour les m\u00e9dias sociaux, et plus.<\/p>\n<p>Joignez-vous \u00e0 nous le mercredi 12 avril pour apprendre de leurs exp\u00e9riences et d\u00e9couvrir des ressources pour vous aider \u00e0 concevoir votre propre programme d&rsquo;engagement b\u00e9n\u00e9vole pour l&rsquo;action climatique.<\/p>\n<p>[\/et_pb_text][et_pb_button button_url=\u00a0\u00bbhttp:\/\/bit.ly\/40bwo5s\u00a0\u00bb url_new_window=\u00a0\u00bbon\u00a0\u00bb button_text=\u00a0\u00bbS&rsquo;INSCRIRE\u00a0\u00bb _builder_version=\u00a0\u00bb4.4.0&Prime; custom_margin=\u00a0\u00bb||||false|false\u00a0\u00bb custom_padding=\u00a0\u00bb||||false|false\u00a0\u00bb][\/et_pb_button][et_pb_text _builder_version=\u00a0\u00bb4.4.0&Prime; header_2_font_size_tablet=\u00a0\u00bb\u00a0\u00bb header_2_font_size_phone=\u00a0\u00bb\u00a0\u00bb header_2_font_size_last_edited=\u00a0\u00bbon|phone\u00a0\u00bb]<\/p>\n<p>(Anglais)\u00a0<\/p>\n<p>[\/et_pb_text][\/et_pb_column][\/et_pb_row][\/et_pb_section][et_pb_section fb_built=\u00a0\u00bb1&Prime; admin_label=\u00a0\u00bbSplit Section\u00a0\u00bb module_id=\u00a0\u00bbproject-updates\u00a0\u00bb _builder_version=\u00a0\u00bb4.4.0&Prime; custom_padding=\u00a0\u00bb||0px||false|false\u00a0\u00bb animation_style=\u00a0\u00bbfold\u00a0\u00bb animation_direction=\u00a0\u00bbbottom\u00a0\u00bb animation_intensity_fold=\u00a0\u00bb4%\u00a0\u00bb saved_tabs=\u00a0\u00bball\u00a0\u00bb][et_pb_row _builder_version=\u00a0\u00bb4.4.0&Prime; background_size=\u00a0\u00bbinitial\u00a0\u00bb background_position=\u00a0\u00bbtop_left\u00a0\u00bb background_repeat=\u00a0\u00bbrepeat\u00a0\u00bb max_width=\u00a0\u00bb1025px\u00a0\u00bb custom_padding=\u00a0\u00bb0px||||false|false\u00a0\u00bb use_custom_width=\u00a0\u00bbon\u00a0\u00bb custom_width_px=\u00a0\u00bb1025px\u00a0\u00bb][et_pb_column type=\u00a0\u00bb4_4&Prime; _builder_version=\u00a0\u00bb3.25&Prime; background_position=\u00a0\u00bbtop_left\u00a0\u00bb custom_padding=\u00a0\u00bb|||\u00a0\u00bb custom_padding__hover=\u00a0\u00bb|||\u00a0\u00bb][et_pb_text admin_label=\u00a0\u00bbFAQ Section Title\u00a0\u00bb _builder_version=\u00a0\u00bb4.4.0&Prime; text_font=\u00a0\u00bb|300|||||||\u00a0\u00bb link_font=\u00a0\u00bb||||||||\u00a0\u00bb header_font=\u00a0\u00bbMontserrat||||||||\u00a0\u00bb header_text_color=\u00a0\u00bb#1f1f1f\u00a0\u00bb text_orientation=\u00a0\u00bbcenter\u00a0\u00bb max_width=\u00a0\u00bb80%\u00a0\u00bb module_alignment=\u00a0\u00bbcenter\u00a0\u00bb animation_style=\u00a0\u00bbfold\u00a0\u00bb animation_direction=\u00a0\u00bbbottom\u00a0\u00bb animation_intensity_fold=\u00a0\u00bb20%\u00a0\u00bb header_font_size_tablet=\u00a0\u00bb\u00a0\u00bb header_font_size_phone=\u00a0\u00bb\u00a0\u00bb header_font_size_last_edited=\u00a0\u00bbon|phone\u00a0\u00bb]<\/p>\n<h1>Forum Villes viables : de l\u2019intention \u00e0 la mise en \u0153uvre<\/h1>\n<p>[\/et_pb_text][\/et_pb_column][\/et_pb_row][et_pb_row _builder_version=\u00a0\u00bb4.4.0&Prime; custom_padding=\u00a0\u00bb0px||0px||false|false\u00a0\u00bb][et_pb_column type=\u00a0\u00bb4_4&Prime; _builder_version=\u00a0\u00bb4.4.0&Prime;][et_pb_divider color=\u00a0\u00bb#C9E9EB\u00a0\u00bb divider_weight=\u00a0\u00bb4px\u00a0\u00bb _builder_version=\u00a0\u00bb4.4.0&Prime;][\/et_pb_divider][\/et_pb_column][\/et_pb_row][et_pb_row column_structure=\u00a0\u00bb2_5,3_5&Prime; module_id=\u00a0\u00bbprimer\u00a0\u00bb _builder_version=\u00a0\u00bb4.4.0&Prime;][et_pb_column type=\u00a0\u00bb2_5&Prime; _builder_version=\u00a0\u00bb4.4.0&Prime;][et_pb_image src=\u00a0\u00bbhttps:\/\/icleicanada.org\/wp-content\/uploads\/2023\/03\/Mailchimp-Images-Jan-24-2023-8.png\u00a0\u00bb url=\u00a0\u00bbhttps:\/\/bit.ly\/3m0hiRg\u00a0\u00bb url_new_window=\u00a0\u00bbon\u00a0\u00bb show_bottom_space=\u00a0\u00bboff\u00a0\u00bb _builder_version=\u00a0\u00bb4.4.0&Prime;][\/et_pb_image][et_pb_text _builder_version=\u00a0\u00bb4.4.0&Prime; text_font_size=\u00a0\u00bb9px\u00a0\u00bb]<\/p>\n<p>Cr\u00e9dit photo : Ai, Summer connections, 2022, mississauga.ca\/publicart.<\/p>\n<p>[\/et_pb_text][et_pb_cta button_url=\u00a0\u00bbhttps:\/\/talkofthecities.iclei.org\/post-cop27-iclei-welcomes-climate-emergency-financing-calls-for-action-to-address-biodiversity-crisis\/\u00a0\u00bb url_new_window=\u00a0\u00bbon\u00a0\u00bb admin_label=\u00a0\u00bbFeature 01&Prime; module_id=\u00a0\u00bbcop27&Prime; _builder_version=\u00a0\u00bb4.4.0&Prime; header_level=\u00a0\u00bbh1&Prime; header_font=\u00a0\u00bbMontserrat||||\u00a0\u00bb header_text_align=\u00a0\u00bbleft\u00a0\u00bb header_text_color=\u00a0\u00bb#1f1f1f\u00a0\u00bb header_font_size=\u00a0\u00bb31px\u00a0\u00bb header_line_height=\u00a0\u00bb1.4em\u00a0\u00bb body_font=\u00a0\u00bb||||||||\u00a0\u00bb background_color=\u00a0\u00bb#f4f4f4&Prime; custom_button=\u00a0\u00bbon\u00a0\u00bb button_text_color=\u00a0\u00bb#ffffff\u00a0\u00bb button_bg_color=\u00a0\u00bb#00646c\u00a0\u00bb button_border_color=\u00a0\u00bbrgba(0,0,0,0)\u00a0\u00bb button_font=\u00a0\u00bbMontserrat|||on|\u00a0\u00bb button_use_icon=\u00a0\u00bboff\u00a0\u00bb text_orientation=\u00a0\u00bbleft\u00a0\u00bb background_layout=\u00a0\u00bblight\u00a0\u00bb module_alignment=\u00a0\u00bbcenter\u00a0\u00bb custom_padding=\u00a0\u00bb40px|50px|20px|50px|false|false\u00a0\u00bb animation_style=\u00a0\u00bbfold\u00a0\u00bb animation_direction=\u00a0\u00bbbottom\u00a0\u00bb animation_intensity_fold=\u00a0\u00bb15%\u00a0\u00bb button_text_color_hover=\u00a0\u00bb#6eba01&Prime; button_border_color_hover=\u00a0\u00bb#6eba01&Prime; button_border_radius_hover=\u00a0\u00bb0&Prime; button_letter_spacing_hover=\u00a0\u00bb2&Prime; button_bg_color_hover=\u00a0\u00bbrgba(0,0,0,0)\u00a0\u00bb locked=\u00a0\u00bboff\u00a0\u00bb button_text_size__hover_enabled=\u00a0\u00bboff\u00a0\u00bb button_one_text_size__hover_enabled=\u00a0\u00bboff\u00a0\u00bb button_two_text_size__hover_enabled=\u00a0\u00bboff\u00a0\u00bb button_text_color__hover_enabled=\u00a0\u00bbon\u00a0\u00bb button_text_color__hover=\u00a0\u00bb#00646c\u00a0\u00bb button_one_text_color__hover_enabled=\u00a0\u00bboff\u00a0\u00bb button_two_text_color__hover_enabled=\u00a0\u00bboff\u00a0\u00bb button_border_width__hover_enabled=\u00a0\u00bboff\u00a0\u00bb button_one_border_width__hover_enabled=\u00a0\u00bboff\u00a0\u00bb button_two_border_width__hover_enabled=\u00a0\u00bboff\u00a0\u00bb button_border_color__hover_enabled=\u00a0\u00bbon|hover\u00a0\u00bb button_border_color__hover=\u00a0\u00bb#00646c\u00a0\u00bb button_one_border_color__hover_enabled=\u00a0\u00bboff\u00a0\u00bb button_two_border_color__hover_enabled=\u00a0\u00bboff\u00a0\u00bb button_border_radius__hover_enabled=\u00a0\u00bbon\u00a0\u00bb button_border_radius__hover=\u00a0\u00bb0&Prime; button_one_border_radius__hover_enabled=\u00a0\u00bboff\u00a0\u00bb button_two_border_radius__hover_enabled=\u00a0\u00bboff\u00a0\u00bb button_letter_spacing__hover_enabled=\u00a0\u00bbon\u00a0\u00bb button_letter_spacing__hover=\u00a0\u00bb2&Prime; button_one_letter_spacing__hover_enabled=\u00a0\u00bboff\u00a0\u00bb button_two_letter_spacing__hover_enabled=\u00a0\u00bboff\u00a0\u00bb button_bg_color__hover_enabled=\u00a0\u00bbon\u00a0\u00bb button_bg_color__hover=\u00a0\u00bbrgba(0,0,0,0)\u00a0\u00bb button_one_bg_color__hover_enabled=\u00a0\u00bboff\u00a0\u00bb button_two_bg_color__hover_enabled=\u00a0\u00bboff\u00a0\u00bb]<\/p>\n<p>Le Forum Villes viables 2023 est organis\u00e9 par la ville de Mississauga en partenariat avec ICLEI Canada et l\u2019Institut Urbaine du Canada, et est commandit\u00e9 par Co-operators.<\/p>\n<p>[\/et_pb_cta][\/et_pb_column][et_pb_column type=\u00a0\u00bb3_5&Prime; _builder_version=\u00a0\u00bb4.4.0&Prime;][et_pb_text _builder_version=\u00a0\u00bb4.4.0&Prime; header_2_font_size_tablet=\u00a0\u00bb\u00a0\u00bb header_2_font_size_phone=\u00a0\u00bb\u00a0\u00bb header_2_font_size_last_edited=\u00a0\u00bbon|phone\u00a0\u00bb]<\/p>\n<h3>Profitez d\u2019un aper\u00e7u des pratiques de pointe en mati\u00e8re de transition \u00e9nerg\u00e9tique et d\u2019adaptation au climat qui soutiennent la mise en \u0153uvre.<\/h3>\n<p>[\/et_pb_text][et_pb_text _builder_version=\u00a0\u00bb4.4.0&Prime; header_2_font_size_tablet=\u00a0\u00bb\u00a0\u00bb header_2_font_size_phone=\u00a0\u00bb\u00a0\u00bb header_2_font_size_last_edited=\u00a0\u00bbon|phone\u00a0\u00bb]<\/p>\n<p>La plupart des villes et villages canadiens n\u2019ont pas \u00e9t\u00e9 construits avec la vision d\u2019un avenir carboneutre, r\u00e9silient et durable. Alors, \u00e0 quoi ressemble la transition vers des collectivit\u00e9s r\u00e9silientes, \u00e9quitables et viables? Comment pouvons-nous int\u00e9grer la diversit\u00e9 et l\u2019inclusion dans le processus? Et, finalement, comment acc\u00e9l\u00e9rer la mise en \u0153uvre pour rester en phase avec les enjeux auxquels sont confront\u00e9es les municipalit\u00e9s? Joignez-vous \u00e0 nous du 25 au 27 septembre afin d\u2019explorer ces sujets sous l\u2019angle \u00ab De l\u2019intention \u00e0 la mise en \u0153uvre \u00bb.<\/p>\n<p><span>Le Forum Villes viables est un \u00e9v\u00e9nement sur l\u2019action climatique locale incontournable au Canada.\u00a0<\/span>Mettez la date \u00e0 votre agenda et restez \u00e0 l\u2019aff\u00fbt! Nous d\u00e9voilerons le programme et ouvrirons les inscriptions sous peu.<\/p>\n<p>[\/et_pb_text][et_pb_button button_url=\u00a0\u00bbhttps:\/\/bit.ly\/3m0hiRg\u00a0\u00bb url_new_window=\u00a0\u00bbon\u00a0\u00bb button_text=\u00a0\u00bbEN SAVOIR PLUS\u00a0\u00bb _builder_version=\u00a0\u00bb4.4.0&Prime; custom_margin=\u00a0\u00bb||30px||false|false\u00a0\u00bb custom_padding=\u00a0\u00bb||||false|false\u00a0\u00bb][\/et_pb_button][\/et_pb_column][\/et_pb_row][\/et_pb_section][et_pb_section fb_built=\u00a0\u00bb1&Prime; admin_label=\u00a0\u00bbFooter\u00a0\u00bb _builder_version=\u00a0\u00bb4.4.0&Prime; background_color=\u00a0\u00bb#00646c\u00a0\u00bb background_enable_image=\u00a0\u00bboff\u00a0\u00bb custom_padding=\u00a0\u00bb86px||90px||false|false\u00a0\u00bb global_module=\u00a0\u00bb57871&Prime; saved_tabs=\u00a0\u00bball\u00a0\u00bb][et_pb_row column_structure=\u00a0\u00bb1_3,2_3&Prime; use_custom_gutter=\u00a0\u00bbon\u00a0\u00bb make_equal=\u00a0\u00bbon\u00a0\u00bb _builder_version=\u00a0\u00bb3.25&Prime; background_size=\u00a0\u00bbinitial\u00a0\u00bb background_position=\u00a0\u00bbtop_left\u00a0\u00bb background_repeat=\u00a0\u00bbrepeat\u00a0\u00bb custom_padding=\u00a0\u00bb|||\u00a0\u00bb][et_pb_column type=\u00a0\u00bb1_3&Prime; _builder_version=\u00a0\u00bb3.25&Prime; background_color=\u00a0\u00bb#ffffff\u00a0\u00bb background_position=\u00a0\u00bbtop_left\u00a0\u00bb custom_padding=\u00a0\u00bb50px|40px|50px|40px\u00a0\u00bb custom_padding__hover=\u00a0\u00bb|||\u00a0\u00bb][et_pb_text admin_label=\u00a0\u00bbContact US Title\u00a0\u00bb _builder_version=\u00a0\u00bb4.4.0&Prime; text_font_size=\u00a0\u00bb16px\u00a0\u00bb header_font=\u00a0\u00bbMontserrat||||\u00a0\u00bb header_text_color=\u00a0\u00bb#1f1f1f\u00a0\u00bb header_font_size=\u00a0\u00bb22px\u00a0\u00bb custom_padding=\u00a0\u00bb0px|0px|0px|0px\u00a0\u00bb animation_style=\u00a0\u00bbfold\u00a0\u00bb animation_direction=\u00a0\u00bbbottom\u00a0\u00bb animation_intensity_fold=\u00a0\u00bb20%\u00a0\u00bb]<\/p>\n<div class=\"et_pb_module et_pb_text et_pb_text_11 et_pb_text_align_left et_pb_bg_layout_light et_had_animation\">\n<div class=\"et_pb_text_inner\">\n<h1>Nous joindre<\/h1>\n<\/div>\n<\/div>\n<p style=\"text-align: center;\">[\/et_pb_text][et_pb_text admin_label=\u00a0\u00bbContact US Text\u00a0\u00bb _builder_version=\u00a0\u00bb4.4.0&Prime; text_font=\u00a0\u00bb|300|||||||\u00a0\u00bb text_font_size=\u00a0\u00bb16px\u00a0\u00bb text_line_height=\u00a0\u00bb1.8em\u00a0\u00bb header_font=\u00a0\u00bb||||||||\u00a0\u00bb header_text_color=\u00a0\u00bb#1f1f1f\u00a0\u00bb custom_margin=\u00a0\u00bb20px||40px|\u00a0\u00bb custom_padding=\u00a0\u00bb0px|0px|0px|0px\u00a0\u00bb animation_style=\u00a0\u00bbfold\u00a0\u00bb animation_direction=\u00a0\u00bbbottom\u00a0\u00bb animation_intensity_fold=\u00a0\u00bb20%\u00a0\u00bb]<\/p>\n<p>Communiquez avec nous pour en apprendre davantage au sujet de notre r\u00e9seau, de nos services et de nos \u00e9v\u00e9nements.<\/p>\n<p style=\"text-align: center;\">[\/et_pb_text][et_pb_blurb title=\u00a0\u00bbICLEI Canada \u00a0\u00bb use_icon=\u00a0\u00bbon\u00a0\u00bb font_icon=\u00a0\u00bb%%249%%\u00a0\u00bb icon_placement=\u00a0\u00bbleft\u00a0\u00bb use_icon_font_size=\u00a0\u00bbon\u00a0\u00bb icon_font_size=\u00a0\u00bb28px\u00a0\u00bb icon_font_size_last_edited=\u00a0\u00bboff|desktop\u00a0\u00bb admin_label=\u00a0\u00bbAddress\u00a0\u00bb _builder_version=\u00a0\u00bb4.4.0&Prime; header_font=\u00a0\u00bb|300|||||||\u00a0\u00bb header_font_size=\u00a0\u00bb17px\u00a0\u00bb body_font=\u00a0\u00bb|300|||||||\u00a0\u00bb body_font_size=\u00a0\u00bb15px\u00a0\u00bb custom_margin=\u00a0\u00bb|||\u00a0\u00bb animation_style=\u00a0\u00bbfold\u00a0\u00bb animation_direction=\u00a0\u00bbbottom\u00a0\u00bb animation_intensity_fold=\u00a0\u00bb20%\u00a0\u00bb]<\/p>\n<p>401 Richmond St W (Suite 204)<br \/> Toronto, ON M5V 3A8<\/p>\n<p style=\"text-align: center;\">[\/et_pb_blurb][et_pb_blurb use_icon=\u00a0\u00bbon\u00a0\u00bb font_icon=\u00a0\u00bb%%238%%\u00a0\u00bb icon_placement=\u00a0\u00bbleft\u00a0\u00bb use_icon_font_size=\u00a0\u00bbon\u00a0\u00bb icon_font_size=\u00a0\u00bb28px\u00a0\u00bb icon_font_size_last_edited=\u00a0\u00bboff|desktop\u00a0\u00bb admin_label=\u00a0\u00bbEmail\u00a0\u00bb _builder_version=\u00a0\u00bb4.4.0&Prime; body_font=\u00a0\u00bb|300|||||||\u00a0\u00bb body_font_size=\u00a0\u00bb16px\u00a0\u00bb custom_margin=\u00a0\u00bb|||\u00a0\u00bb animation_style=\u00a0\u00bbfold\u00a0\u00bb animation_direction=\u00a0\u00bbbottom\u00a0\u00bb animation_intensity_fold=\u00a0\u00bb20%\u00a0\u00bb]iclei-canada@iclei.org<\/p>\n<p style=\"text-align: center;\">[\/et_pb_blurb][et_pb_social_media_follow admin_label=\u00a0\u00bbFacebook\u00a0\u00bb _builder_version=\u00a0\u00bb4.4.0&Prime; text_orientation=\u00a0\u00bbcenter\u00a0\u00bb custom_margin=\u00a0\u00bb|||\u00a0\u00bb border_radii=\u00a0\u00bbon|100%|100%|100%|100%\u00a0\u00bb link_shape=\u00a0\u00bbcircle\u00a0\u00bb][et_pb_social_media_follow_network social_network=\u00a0\u00bbtwitter\u00a0\u00bb url=\u00a0\u00bbhttps:\/\/twitter.com\/ICLEI_Canada\u00a0\u00bb _builder_version=\u00a0\u00bb4.4.0&Prime; background_color=\u00a0\u00bb#c1c1c1&Prime; custom_margin=\u00a0\u00bb|10px||\u00a0\u00bb bg_color=\u00a0\u00bb#00aced\u00a0\u00bb link_shape=\u00a0\u00bbcircle\u00a0\u00bb follow_button=\u00a0\u00bboff\u00a0\u00bb url_new_window=\u00a0\u00bbon\u00a0\u00bb]twitter[\/et_pb_social_media_follow_network][et_pb_social_media_follow_network social_network=\u00a0\u00bblinkedin\u00a0\u00bb url=\u00a0\u00bbhttps:\/\/www.linkedin.com\/company\/iclei-canada\/\u00a0\u00bb _builder_version=\u00a0\u00bb4.4.0&Prime; background_color=\u00a0\u00bb#c1c1c1&Prime; custom_margin=\u00a0\u00bb|0px||\u00a0\u00bb bg_color=\u00a0\u00bb#007bb6&Prime; link_shape=\u00a0\u00bbcircle\u00a0\u00bb follow_button=\u00a0\u00bboff\u00a0\u00bb url_new_window=\u00a0\u00bbon\u00a0\u00bb]linkedin[\/et_pb_social_media_follow_network][\/et_pb_social_media_follow][et_pb_social_media_follow _builder_version=\u00a0\u00bb3.0.87&Prime;][\/et_pb_social_media_follow][\/et_pb_column][et_pb_column type=\u00a0\u00bb2_3&Prime; _builder_version=\u00a0\u00bb3.25&Prime; background_color=\u00a0\u00bb#ffffff\u00a0\u00bb background_position=\u00a0\u00bbtop_left\u00a0\u00bb custom_padding=\u00a0\u00bb50px|40px|50px|40px\u00a0\u00bb custom_padding__hover=\u00a0\u00bb|||\u00a0\u00bb][et_pb_text admin_label=\u00a0\u00bbContact US Title\u00a0\u00bb _builder_version=\u00a0\u00bb4.4.0&Prime; text_font_size=\u00a0\u00bb16px\u00a0\u00bb header_font=\u00a0\u00bbMontserrat||||\u00a0\u00bb header_text_color=\u00a0\u00bb#1f1f1f\u00a0\u00bb header_font_size=\u00a0\u00bb22px\u00a0\u00bb custom_padding=\u00a0\u00bb0px|0px|0px|0px\u00a0\u00bb animation_style=\u00a0\u00bbfold\u00a0\u00bb animation_direction=\u00a0\u00bbbottom\u00a0\u00bb animation_intensity_fold=\u00a0\u00bb20%\u00a0\u00bb]<\/p>\n<h1>Inscrivez-vous \u00e0 notre liste de diffusion<\/h1>\n<p style=\"text-align: center;\">[\/et_pb_text][et_pb_code _builder_version=\u00a0\u00bb4.4.0&Prime;]<!-- Begin Mailchimp Signup Form --><!-- [et_pb_line_break_holder] --><link href=\"\/\/cdn-images.mailchimp.com\/embedcode\/classic-071822.css\" rel=\"stylesheet\" type=\"text\/css\"><!-- [et_pb_line_break_holder] --><\/p>\n<style type=\"text\/css\"><!-- [et_pb_line_break_holder] -->\t#mc_embed_signup{background:#fff; clear:left; font:14px Helvetica,Arial,sans-serif; }<!-- [et_pb_line_break_holder] -->\t\/* Add your own Mailchimp form style overrides in your site stylesheet or in this style block.<!-- [et_pb_line_break_holder] -->\t   We recommend moving this block and the preceding CSS link to the HEAD of your HTML file. *\/<!-- [et_pb_line_break_holder] --><\/style>\n<p><!-- [et_pb_line_break_holder] --><\/p>\n<div id=\"mc_embed_signup\"><!-- [et_pb_line_break_holder] -->    <\/p>\n<form action=\"https:\/\/icleicanada.us12.list-manage.com\/subscribe\/post?u=e3cc0564d955ddfa1ae97cb81&#038;id=45fdde9fdb&#038;f_id=008ab0e0f0\" method=\"post\" id=\"mc-embedded-subscribe-form\" name=\"mc-embedded-subscribe-form\" class=\"validate\" target=\"_blank\" novalidate><!-- [et_pb_line_break_holder] -->        <\/p>\n<div id=\"mc_embed_signup_scroll\"><!-- [et_pb_line_break_holder] -->        <\/p>\n<div class=\"indicates-required\"><span class=\"asterisk\">*<\/span> indicates required<\/div>\n<p><!-- [et_pb_line_break_holder] --><\/p>\n<div class=\"mc-field-group\"><!-- [et_pb_line_break_holder] -->\t<label for=\"mce-EMAIL\">Email Address  <span class=\"asterisk\">*<\/span><!-- [et_pb_line_break_holder] --><\/label><!-- [et_pb_line_break_holder] -->\t<input type=\"email\" value=\"\" name=\"EMAIL\" class=\"required email\" id=\"mce-EMAIL\" required><!-- [et_pb_line_break_holder] -->\t<span id=\"mce-EMAIL-HELPERTEXT\" class=\"helper_text\"><\/span><!-- [et_pb_line_break_holder] --><\/div>\n<p><!-- [et_pb_line_break_holder] --><\/p>\n<div class=\"mc-field-group\"><!-- [et_pb_line_break_holder] -->\t<label for=\"mce-FNAME\">First Name  <span class=\"asterisk\">*<\/span><!-- [et_pb_line_break_holder] --><\/label><!-- [et_pb_line_break_holder] -->\t<input type=\"text\" value=\"\" name=\"FNAME\" class=\"required\" id=\"mce-FNAME\" required><!-- [et_pb_line_break_holder] -->\t<span id=\"mce-FNAME-HELPERTEXT\" class=\"helper_text\"><\/span><!-- [et_pb_line_break_holder] --><\/div>\n<p><!-- [et_pb_line_break_holder] --><\/p>\n<div class=\"mc-field-group\"><!-- [et_pb_line_break_holder] -->\t<label for=\"mce-LNAME\">Last Name <\/label><!-- [et_pb_line_break_holder] -->\t<input type=\"text\" value=\"\" name=\"LNAME\" class=\"\" id=\"mce-LNAME\"><!-- [et_pb_line_break_holder] -->\t<span id=\"mce-LNAME-HELPERTEXT\" class=\"helper_text\"><\/span><!-- [et_pb_line_break_holder] --><\/div>\n<p><!-- [et_pb_line_break_holder] --><\/p>\n<div class=\"mc-field-group\"><!-- [et_pb_line_break_holder] -->\t<label for=\"mce-MMERGE6\">Organization <\/label><!-- [et_pb_line_break_holder] -->\t<input type=\"text\" value=\"\" name=\"MMERGE6\" class=\"\" id=\"mce-MMERGE6\"><!-- [et_pb_line_break_holder] -->\t<span id=\"mce-MMERGE6-HELPERTEXT\" class=\"helper_text\"><\/span><!-- [et_pb_line_break_holder] --><\/div>\n<p><!-- [et_pb_line_break_holder] -->\t<\/p>\n<div id=\"mce-responses\" class=\"clear\"><!-- [et_pb_line_break_holder] -->\t\t<\/p>\n<div class=\"response\" id=\"mce-error-response\" style=\"display:none\"><\/div>\n<p><!-- [et_pb_line_break_holder] -->\t\t<\/p>\n<div class=\"response\" id=\"mce-success-response\" style=\"display:none\"><\/div>\n<p><!-- [et_pb_line_break_holder] -->\t<\/div>\n<p>    <!-- real people should not fill this in and expect good things - do not remove this or risk form bot signups--><!-- [et_pb_line_break_holder] -->    <\/p>\n<div style=\"position: absolute; left: -5000px;\" aria-hidden=\"true\"><input type=\"text\" name=\"b_e3cc0564d955ddfa1ae97cb81_45fdde9fdb\" tabindex=\"-1\" value=\"\"><\/div>\n<p><!-- [et_pb_line_break_holder] -->    <\/p>\n<div class=\"clear\"><input type=\"submit\" value=\"Subscribe\" name=\"subscribe\" id=\"mc-embedded-subscribe\" class=\"button\"><\/div>\n<p><!-- [et_pb_line_break_holder] -->    <\/div>\n<p><!-- [et_pb_line_break_holder] --><\/form>\n<p><!-- [et_pb_line_break_holder] --><\/div>\n<p><!-- [et_pb_line_break_holder] --><script type='text\/javascript' src='\/\/s3.amazonaws.com\/downloads.mailchimp.com\/js\/mc-validate.js'><\/script><script type='text\/javascript'>(function($) {window.fnames = new Array(); window.ftypes = new Array();fnames[0]='EMAIL';ftypes[0]='email';fnames[1]='FNAME';ftypes[1]='text';fnames[2]='LNAME';ftypes[2]='text';fnames[3]='ADDRESS';ftypes[3]='address';fnames[4]='PHONE';ftypes[4]='phone';fnames[5]='MMERGE5';ftypes[5]='text';fnames[6]='MMERGE6';ftypes[6]='text';}(jQuery));var $mcj = jQuery.noConflict(true);<\/script>[\/et_pb_code][\/et_pb_column][\/et_pb_row][\/et_pb_section]<\/p>\n","protected":false},"excerpt":{"rendered":"<p>[et_pb_section fb_built=\u00a0\u00bb1&Prime; admin_label=\u00a0\u00bbSplit Section\u00a0\u00bb module_id=\u00a0\u00bbproject-updates\u00a0\u00bb _builder_version=\u00a0\u00bb4.4.0&Prime; custom_padding=\u00a0\u00bb||0px||false|false\u00a0\u00bb animation_style=\u00a0\u00bbfold\u00a0\u00bb animation_direction=\u00a0\u00bbbottom\u00a0\u00bb animation_intensity_fold=\u00a0\u00bb4%\u00a0\u00bb saved_tabs=\u00a0\u00bball\u00a0\u00bb][et_pb_row _builder_version=\u00a0\u00bb4.4.0&Prime; background_size=\u00a0\u00bbinitial\u00a0\u00bb background_position=\u00a0\u00bbtop_left\u00a0\u00bb background_repeat=\u00a0\u00bbrepeat\u00a0\u00bb max_width=\u00a0\u00bb1025px\u00a0\u00bb custom_padding=\u00a0\u00bb0px||||false|false\u00a0\u00bb use_custom_width=\u00a0\u00bbon\u00a0\u00bb custom_width_px=\u00a0\u00bb1025px\u00a0\u00bb][et_pb_column type=\u00a0\u00bb4_4&Prime; _builder_version=\u00a0\u00bb3.25&Prime; background_position=\u00a0\u00bbtop_left\u00a0\u00bb custom_padding=\u00a0\u00bb|||\u00a0\u00bb custom_padding__hover=\u00a0\u00bb|||\u00a0\u00bb][et_pb_text admin_label=\u00a0\u00bbFAQ Section Title\u00a0\u00bb _builder_version=\u00a0\u00bb4.4.0&Prime; text_font=\u00a0\u00bb|300|||||||\u00a0\u00bb link_font=\u00a0\u00bb||||||||\u00a0\u00bb header_font=\u00a0\u00bbMontserrat||||||||\u00a0\u00bb header_text_color=\u00a0\u00bb#1f1f1f\u00a0\u00bb text_orientation=\u00a0\u00bbcenter\u00a0\u00bb max_width=\u00a0\u00bb80%\u00a0\u00bb module_alignment=\u00a0\u00bbcenter\u00a0\u00bb animation_style=\u00a0\u00bbfold\u00a0\u00bb animation_direction=\u00a0\u00bbbottom\u00a0\u00bb animation_intensity_fold=\u00a0\u00bb20%\u00a0\u00bb header_font_size_tablet=\u00a0\u00bb\u00a0\u00bb header_font_size_phone=\u00a0\u00bb\u00a0\u00bb header_font_size_last_edited=\u00a0\u00bbon|phone\u00a0\u00bb] Atelier : Passer de la planification \u00e0 la mise en \u0153uvre dans le domaine [&hellip;]<\/p>\n","protected":false},"author":18,"featured_media":0,"comment_status":"closed","ping_status":"closed","sticky":false,"template":"","format":"standard","meta":{"_et_pb_use_builder":"on","_et_pb_old_content":"<p>[et_pb_section fb_built=\"1\" admin_label=\"Split Section\" module_id=\"project-updates\" _builder_version=\"4.4.0\" custom_padding=\"||0px||false|false\" animation_style=\"fold\" animation_direction=\"bottom\" animation_intensity_fold=\"4%\" saved_tabs=\"all\"][et_pb_row _builder_version=\"4.4.0\" background_size=\"initial\" background_position=\"top_left\" background_repeat=\"repeat\" max_width=\"1025px\" custom_padding=\"0px||||false|false\" use_custom_width=\"on\" custom_width_px=\"1025px\"][et_pb_column type=\"4_4\" _builder_version=\"3.25\" background_position=\"top_left\" custom_padding=\"|||\" custom_padding__hover=\"|||\"][et_pb_text admin_label=\"FAQ Section Title\" _builder_version=\"4.4.0\" text_font=\"|300|||||||\" link_font=\"||||||||\" header_font=\"Montserrat||||||||\" header_text_color=\"#1f1f1f\" text_orientation=\"center\" module_alignment=\"center\" animation_style=\"fold\" animation_direction=\"bottom\" animation_intensity_fold=\"20%\" hover_enabled=\"0\" header_font_size_tablet=\"\" header_font_size_phone=\"\" header_font_size_last_edited=\"on|phone\" max_width=\"80%\"]<\/p><h1>Workshop: Moving from Planning to Implementation on Climate Change Adaptation<\/h1><p>[\/et_pb_text][\/et_pb_column][\/et_pb_row][et_pb_row _builder_version=\"4.4.0\" custom_padding=\"0px||0px||false|false\"][et_pb_column type=\"4_4\" _builder_version=\"4.4.0\"][et_pb_divider color=\"#C9E9EB\" divider_weight=\"4px\" _builder_version=\"4.4.0\"][\/et_pb_divider][\/et_pb_column][\/et_pb_row][et_pb_row column_structure=\"2_5,3_5\" module_id=\"primer\" _builder_version=\"4.4.0\"][et_pb_column type=\"2_5\" _builder_version=\"4.4.0\"][et_pb_image src=\"https:\/\/icleicanada.org\/wp-content\/uploads\/2023\/03\/Mailchimp-Images-Jan-24-2023-5.png\" url=\"https:\/\/www.eventbrite.com\/e\/moving-from-planning-to-implementation-on-climate-change-adaptation-tickets-528474711087?utm_source=Atlantic+Canada+Adaptation+Workshop+|+Eventbrite&utm_medium=All&utm_campaign=Atlantic+Canada+Adaptation+Workshop+|+Eventbrite\" url_new_window=\"on\" _builder_version=\"4.4.0\" hover_enabled=\"0\"][\/et_pb_image][et_pb_cta button_url=\"https:\/\/talkofthecities.iclei.org\/post-cop27-iclei-welcomes-climate-emergency-financing-calls-for-action-to-address-biodiversity-crisis\/\" url_new_window=\"on\" admin_label=\"Feature 01\" module_id=\"cop27\" _builder_version=\"4.4.0\" header_level=\"h1\" header_font=\"Montserrat||||\" header_text_align=\"left\" header_text_color=\"#1f1f1f\" header_font_size=\"31px\" header_line_height=\"1.4em\" body_font=\"||||||||\" background_color=\"#f4f4f4\" custom_button=\"on\" button_text_color=\"#ffffff\" button_bg_color=\"#00646c\" button_border_color=\"rgba(0,0,0,0)\" button_font=\"Montserrat|||on|\" button_use_icon=\"off\" text_orientation=\"left\" background_layout=\"light\" module_alignment=\"center\" custom_padding=\"40px|50px|20px|50px|false|false\" animation_style=\"fold\" animation_direction=\"bottom\" animation_intensity_fold=\"15%\" hover_enabled=\"0\" button_text_color_hover=\"#6eba01\" button_border_color_hover=\"#6eba01\" button_border_radius_hover=\"0\" button_letter_spacing_hover=\"2\" button_bg_color_hover=\"rgba(0,0,0,0)\" locked=\"off\" button_text_size__hover_enabled=\"off\" button_one_text_size__hover_enabled=\"off\" button_two_text_size__hover_enabled=\"off\" button_text_color__hover_enabled=\"on\" button_text_color__hover=\"#00646c\" button_one_text_color__hover_enabled=\"off\" button_two_text_color__hover_enabled=\"off\" button_border_width__hover_enabled=\"off\" button_one_border_width__hover_enabled=\"off\" button_two_border_width__hover_enabled=\"off\" button_border_color__hover_enabled=\"on|hover\" button_border_color__hover=\"#00646c\" button_one_border_color__hover_enabled=\"off\" button_two_border_color__hover_enabled=\"off\" button_border_radius__hover_enabled=\"on\" button_border_radius__hover=\"0\" button_one_border_radius__hover_enabled=\"off\" button_two_border_radius__hover_enabled=\"off\" button_letter_spacing__hover_enabled=\"on\" button_letter_spacing__hover=\"2\" button_one_letter_spacing__hover_enabled=\"off\" button_two_letter_spacing__hover_enabled=\"off\" button_bg_color__hover_enabled=\"on\" button_bg_color__hover=\"rgba(0,0,0,0)\" button_one_bg_color__hover_enabled=\"off\" button_two_bg_color__hover_enabled=\"off\"]<\/p><p>In partnership with ICLEI Canada, this workshop is delivered by the Community Solutions Network \u2014 a program of Future Cities Canada, led by Evergreen and funded by the Government of Canada.<\/p><p>[\/et_pb_cta][\/et_pb_column][et_pb_column type=\"3_5\" _builder_version=\"4.4.0\"][et_pb_text _builder_version=\"4.4.0\" hover_enabled=\"0\" header_2_font_size_tablet=\"\" header_2_font_size_phone=\"\" header_2_font_size_last_edited=\"on|phone\"]<\/p><h3>Atlantic communities are invited to join us March 22 to explore ways to build momentum for adaptation implementation.<\/h3><p>[\/et_pb_text][et_pb_text _builder_version=\"4.4.0\" hover_enabled=\"0\" header_2_font_size_tablet=\"\" header_2_font_size_phone=\"\" header_2_font_size_last_edited=\"on|phone\"]<\/p><p><span style=\"font-weight: 400;\">Join us, Evergreen, and CLIMAtlantic in Halifax or online Wednesday March 22, 2023 for an interactive workshop designed to help Atlantic communities move from climate change adaptation planning to implementation.\u00a0<\/span><\/p><ul><li style=\"font-weight: 400;\" aria-level=\"1\"><span style=\"font-weight: 400;\">Learn from guest presenters<\/span><\/li><li style=\"font-weight: 400;\" aria-level=\"1\"><span style=\"font-weight: 400;\">Gain a better understanding implementation drivers and constraints<\/span><\/li><li style=\"font-weight: 400;\" aria-level=\"1\"><span style=\"font-weight: 400;\">Learn about funds, tools, and resources to support implementation<\/span><\/li><li style=\"font-weight: 400;\" aria-level=\"1\"><span style=\"font-weight: 400;\">Take part in an interactive dialogue<\/span><\/li><li style=\"font-weight: 400;\" aria-level=\"1\"><span style=\"font-weight: 400;\">Explore ways to build momentum for adaptation implementation in your own community<\/span><\/li><\/ul><p>Check out the full agenda and register.<\/p><p>[\/et_pb_text][et_pb_button button_url=\"https:\/\/www.eventbrite.com\/e\/moving-from-planning-to-implementation-on-climate-change-adaptation-tickets-528474711087?utm_source=Atlantic+Canada+Adaptation+Workshop+|+Eventbrite&utm_medium=All&utm_campaign=Atlantic+Canada+Adaptation+Workshop+|+Eventbrite\" url_new_window=\"on\" button_text=\"Learn more\" _builder_version=\"4.4.0\" hover_enabled=\"0\" custom_padding=\"||||false|false\" custom_margin=\"||30px||false|false\"][\/et_pb_button][\/et_pb_column][\/et_pb_row][\/et_pb_section][et_pb_section fb_built=\"1\" admin_label=\"Split Section\" module_id=\"project-updates\" _builder_version=\"4.4.0\" custom_padding=\"||0px||false|false\" animation_style=\"fold\" animation_direction=\"bottom\" animation_intensity_fold=\"4%\" saved_tabs=\"all\"][et_pb_row _builder_version=\"4.4.0\" background_size=\"initial\" background_position=\"top_left\" background_repeat=\"repeat\" max_width=\"1025px\" custom_padding=\"0px||||false|false\" use_custom_width=\"on\" custom_width_px=\"1025px\"][et_pb_column type=\"4_4\" _builder_version=\"3.25\" background_position=\"top_left\" custom_padding=\"|||\" custom_padding__hover=\"|||\"][et_pb_text admin_label=\"FAQ Section Title\" _builder_version=\"4.4.0\" text_font=\"|300|||||||\" link_font=\"||||||||\" header_font=\"Montserrat||||||||\" header_text_color=\"#1f1f1f\" text_orientation=\"center\" module_alignment=\"center\" animation_style=\"fold\" animation_direction=\"bottom\" animation_intensity_fold=\"20%\" hover_enabled=\"0\" header_font_size_tablet=\"\" header_font_size_phone=\"\" header_font_size_last_edited=\"on|phone\" max_width=\"80%\"]<\/p><h1>Webinar: The climate benefits of ground source heat pumps<\/h1><p>[\/et_pb_text][\/et_pb_column][\/et_pb_row][et_pb_row _builder_version=\"4.4.0\" custom_padding=\"0px||0px||false|false\"][et_pb_column type=\"4_4\" _builder_version=\"4.4.0\"][et_pb_divider color=\"#C9E9EB\" divider_weight=\"4px\" _builder_version=\"4.4.0\"][\/et_pb_divider][\/et_pb_column][\/et_pb_row][et_pb_row column_structure=\"2_5,3_5\" module_id=\"primer\" _builder_version=\"4.4.0\"][et_pb_column type=\"2_5\" _builder_version=\"4.4.0\"][et_pb_image src=\"https:\/\/icleicanada.org\/wp-content\/uploads\/2023\/03\/Mailchimp-Images-Jan-24-2023-6.png\" url=\"http:\/\/bit.ly\/409ddcc\" url_new_window=\"on\" _builder_version=\"4.4.0\" hover_enabled=\"0\"][\/et_pb_image][et_pb_cta button_url=\"https:\/\/talkofthecities.iclei.org\/post-cop27-iclei-welcomes-climate-emergency-financing-calls-for-action-to-address-biodiversity-crisis\/\" url_new_window=\"on\" admin_label=\"Feature 01\" module_id=\"cop27\" _builder_version=\"4.4.0\" header_level=\"h1\" header_font=\"Montserrat||||\" header_text_align=\"left\" header_text_color=\"#1f1f1f\" header_font_size=\"31px\" header_line_height=\"1.4em\" body_font=\"||||||||\" background_color=\"#f4f4f4\" custom_button=\"on\" button_text_color=\"#ffffff\" button_bg_color=\"#00646c\" button_border_color=\"rgba(0,0,0,0)\" button_font=\"Montserrat|||on|\" button_use_icon=\"off\" text_orientation=\"left\" background_layout=\"light\" module_alignment=\"center\" custom_padding=\"40px|50px|20px|50px|false|false\" animation_style=\"fold\" animation_direction=\"bottom\" animation_intensity_fold=\"15%\" hover_enabled=\"0\" button_text_color_hover=\"#6eba01\" button_border_color_hover=\"#6eba01\" button_border_radius_hover=\"0\" button_letter_spacing_hover=\"2\" button_bg_color_hover=\"rgba(0,0,0,0)\" locked=\"off\" button_text_size__hover_enabled=\"off\" button_one_text_size__hover_enabled=\"off\" button_two_text_size__hover_enabled=\"off\" button_text_color__hover_enabled=\"on\" button_text_color__hover=\"#00646c\" button_one_text_color__hover_enabled=\"off\" button_two_text_color__hover_enabled=\"off\" button_border_width__hover_enabled=\"off\" button_one_border_width__hover_enabled=\"off\" button_two_border_width__hover_enabled=\"off\" button_border_color__hover_enabled=\"on|hover\" button_border_color__hover=\"#00646c\" button_one_border_color__hover_enabled=\"off\" button_two_border_color__hover_enabled=\"off\" button_border_radius__hover_enabled=\"on\" button_border_radius__hover=\"0\" button_one_border_radius__hover_enabled=\"off\" button_two_border_radius__hover_enabled=\"off\" button_letter_spacing__hover_enabled=\"on\" button_letter_spacing__hover=\"2\" button_one_letter_spacing__hover_enabled=\"off\" button_two_letter_spacing__hover_enabled=\"off\" button_bg_color__hover_enabled=\"on\" button_bg_color__hover=\"rgba(0,0,0,0)\" button_one_bg_color__hover_enabled=\"off\" button_two_bg_color__hover_enabled=\"off\"]<\/p><p>The Partners for Climate Protection program is a partnership between ICLEI Canada \u2013 Local Governments for Sustainability and the Federation of Canadian Municipalities.<\/p><p>[\/et_pb_cta][\/et_pb_column][et_pb_column type=\"3_5\" _builder_version=\"4.4.0\"][et_pb_text _builder_version=\"4.4.0\" hover_enabled=\"0\" header_2_font_size_tablet=\"\" header_2_font_size_phone=\"\" header_2_font_size_last_edited=\"on|phone\"]<\/p><h3>Learn how installing ground source heat pumps (GSHPs) to heat and cool your community buildings can help reduce your municipality\u2019s carbon footprint.<\/h3><p>[\/et_pb_text][et_pb_text _builder_version=\"4.4.0\" hover_enabled=\"0\" header_2_font_size_tablet=\"\" header_2_font_size_phone=\"\" header_2_font_size_last_edited=\"on|phone\"]<\/p><p><span style=\"font-weight: 400;\">Are you interested in reducing your municipality\u2019s carbon footprint? Join us on March 29 from 1 to 3 pm ET for a free webinar on GHSP systems. You\u2019ll hear from industry experts on the benefits of GHSP technology, including the business case for their installation and how to overcome common challenges. In this webinar, you\u2019ll:\u00a0\u00a0<\/span><\/p><ul><li style=\"font-weight: 400;\" aria-level=\"1\"><span style=\"font-weight: 400;\">Discover the benefits of GHSPs, including how they can help you meet your climate goals<\/span><\/li><li style=\"font-weight: 400;\" aria-level=\"1\"><span style=\"font-weight: 400;\">Hear about how geoexchange can work within your community<\/span><\/li><li style=\"font-weight: 400;\" aria-level=\"1\"><span style=\"font-weight: 400;\">Learn how GHSPs can fit with the rural, urban and suburban contexts<\/span><\/li><\/ul><p><span style=\"font-weight: 400;\">Learn more and register on the Partners for Climate Protection website. <\/span><\/p><p>[\/et_pb_text][et_pb_button button_url=\"http:\/\/bit.ly\/409ddcc\" url_new_window=\"on\" button_text=\"Learn more\" _builder_version=\"4.4.0\" hover_enabled=\"0\" custom_padding=\"||||false|false\" custom_margin=\"||30px||false|false\"][\/et_pb_button][\/et_pb_column][\/et_pb_row][\/et_pb_section][et_pb_section fb_built=\"1\" admin_label=\"Split Section\" module_id=\"project-updates\" _builder_version=\"4.4.0\" custom_padding=\"||0px||false|false\" animation_style=\"fold\" animation_direction=\"bottom\" animation_intensity_fold=\"4%\" saved_tabs=\"all\"][et_pb_row _builder_version=\"4.4.0\" background_size=\"initial\" background_position=\"top_left\" background_repeat=\"repeat\" max_width=\"1025px\" custom_padding=\"0px||||false|false\" use_custom_width=\"on\" custom_width_px=\"1025px\"][et_pb_column type=\"4_4\" _builder_version=\"3.25\" background_position=\"top_left\" custom_padding=\"|||\" custom_padding__hover=\"|||\"][et_pb_text admin_label=\"FAQ Section Title\" _builder_version=\"4.4.0\" text_font=\"|300|||||||\" link_font=\"||||||||\" header_font=\"Montserrat||||||||\" header_text_color=\"#1f1f1f\" text_orientation=\"center\" module_alignment=\"center\" animation_style=\"fold\" animation_direction=\"bottom\" animation_intensity_fold=\"20%\" hover_enabled=\"0\" header_font_size_tablet=\"\" header_font_size_phone=\"\" header_font_size_last_edited=\"on|phone\" max_width=\"80%\"]<\/p><h1>Webinar: Reflections and Resources from the Agents of Change Project<\/h1><p>[\/et_pb_text][\/et_pb_column][\/et_pb_row][et_pb_row _builder_version=\"4.4.0\" custom_padding=\"0px||0px||false|false\"][et_pb_column type=\"4_4\" _builder_version=\"4.4.0\"][et_pb_divider color=\"#C9E9EB\" divider_weight=\"4px\" _builder_version=\"4.4.0\"][\/et_pb_divider][\/et_pb_column][\/et_pb_row][et_pb_row column_structure=\"2_5,3_5\" module_id=\"primer\" _builder_version=\"4.4.0\"][et_pb_column type=\"2_5\" _builder_version=\"4.4.0\"][et_pb_image src=\"https:\/\/icleicanada.org\/wp-content\/uploads\/2023\/03\/Mailchimp-Images-Jan-24-2023-7.png\" url=\"http:\/\/bit.ly\/40bwo5s\" url_new_window=\"on\" _builder_version=\"4.4.0\" hover_enabled=\"0\"][\/et_pb_image][et_pb_cta button_url=\"https:\/\/talkofthecities.iclei.org\/post-cop27-iclei-welcomes-climate-emergency-financing-calls-for-action-to-address-biodiversity-crisis\/\" url_new_window=\"on\" admin_label=\"Feature 01\" module_id=\"cop27\" _builder_version=\"4.4.0\" header_level=\"h1\" header_font=\"Montserrat||||\" header_text_align=\"left\" header_text_color=\"#1f1f1f\" header_font_size=\"31px\" header_line_height=\"1.4em\" body_font=\"||||||||\" background_color=\"#f4f4f4\" custom_button=\"on\" button_text_color=\"#ffffff\" button_bg_color=\"#00646c\" button_border_color=\"rgba(0,0,0,0)\" button_font=\"Montserrat|||on|\" button_use_icon=\"off\" text_orientation=\"left\" background_layout=\"light\" module_alignment=\"center\" custom_padding=\"40px|50px|20px|50px|false|false\" animation_style=\"fold\" animation_direction=\"bottom\" animation_intensity_fold=\"15%\" hover_enabled=\"0\" button_text_color_hover=\"#6eba01\" button_border_color_hover=\"#6eba01\" button_border_radius_hover=\"0\" button_letter_spacing_hover=\"2\" button_bg_color_hover=\"rgba(0,0,0,0)\" locked=\"off\" button_text_size__hover_enabled=\"off\" button_one_text_size__hover_enabled=\"off\" button_two_text_size__hover_enabled=\"off\" button_text_color__hover_enabled=\"on\" button_text_color__hover=\"#00646c\" button_one_text_color__hover_enabled=\"off\" button_two_text_color__hover_enabled=\"off\" button_border_width__hover_enabled=\"off\" button_one_border_width__hover_enabled=\"off\" button_two_border_width__hover_enabled=\"off\" button_border_color__hover_enabled=\"on|hover\" button_border_color__hover=\"#00646c\" button_one_border_color__hover_enabled=\"off\" button_two_border_color__hover_enabled=\"off\" button_border_radius__hover_enabled=\"on\" button_border_radius__hover=\"0\" button_one_border_radius__hover_enabled=\"off\" button_two_border_radius__hover_enabled=\"off\" button_letter_spacing__hover_enabled=\"on\" button_letter_spacing__hover=\"2\" button_one_letter_spacing__hover_enabled=\"off\" button_two_letter_spacing__hover_enabled=\"off\" button_bg_color__hover_enabled=\"on\" button_bg_color__hover=\"rgba(0,0,0,0)\" button_one_bg_color__hover_enabled=\"off\" button_two_bg_color__hover_enabled=\"off\"]<\/p><p>We gratefully acknowledge that the Agents of Change project was undertaken with the financial support of the Government of Canada.<\/p><p>[\/et_pb_cta][\/et_pb_column][et_pb_column type=\"3_5\" _builder_version=\"4.4.0\"][et_pb_text _builder_version=\"4.4.0\" hover_enabled=\"0\" header_2_font_size_tablet=\"\" header_2_font_size_phone=\"\" header_2_font_size_last_edited=\"on|phone\"]<\/p><h3>Learn how ten Canadian municipalities built climate engagement volunteer programs to support municipal climate goals, and discover resources to help you do the same in your community.<\/h3><p>[\/et_pb_text][et_pb_text _builder_version=\"4.4.0\" hover_enabled=\"0\" header_2_font_size_tablet=\"\" header_2_font_size_phone=\"\" header_2_font_size_last_edited=\"on|phone\"]<\/p><p>ICLEI Canada\u2019s Agents of Change Project helped participating municipalities conceptualize impactful local volunteer programs tailored to their community and climate mitigation and\/or adaptation goals. Through a collaborative cohort model, participants explored key considerations like governance structures, partnership models, recruitment techniques, Indigenous engagement, inclusion and equity, approaches to social media, and more.<\/p><p>Join us Wednesday April 12 to learn about their experiences and discover resources that can support you in building your own climate volunteer engagement program. Protection website.<\/p><p>[\/et_pb_text][et_pb_button button_url=\"http:\/\/bit.ly\/40bwo5s\" url_new_window=\"on\" button_text=\"REGISTER\" _builder_version=\"4.4.0\" hover_enabled=\"0\" custom_padding=\"||||false|false\" custom_margin=\"||30px||false|false\"][\/et_pb_button][\/et_pb_column][\/et_pb_row][\/et_pb_section][et_pb_section fb_built=\"1\" admin_label=\"Split Section\" module_id=\"project-updates\" _builder_version=\"4.4.0\" custom_padding=\"||0px||false|false\" animation_style=\"fold\" animation_direction=\"bottom\" animation_intensity_fold=\"4%\" saved_tabs=\"all\"][et_pb_row _builder_version=\"4.4.0\" background_size=\"initial\" background_position=\"top_left\" background_repeat=\"repeat\" max_width=\"1025px\" custom_padding=\"0px||||false|false\" use_custom_width=\"on\" custom_width_px=\"1025px\"][et_pb_column type=\"4_4\" _builder_version=\"3.25\" background_position=\"top_left\" custom_padding=\"|||\" custom_padding__hover=\"|||\"][et_pb_text admin_label=\"FAQ Section Title\" _builder_version=\"4.4.0\" text_font=\"|300|||||||\" link_font=\"||||||||\" header_font=\"Montserrat||||||||\" header_text_color=\"#1f1f1f\" text_orientation=\"center\" module_alignment=\"center\" animation_style=\"fold\" animation_direction=\"bottom\" animation_intensity_fold=\"20%\" hover_enabled=\"0\" header_font_size_tablet=\"\" header_font_size_phone=\"\" header_font_size_last_edited=\"on|phone\" max_width=\"80%\"]<\/p><h1>2023 Livable Cities Forum: From Intention to Implementation<\/h1><p>[\/et_pb_text][\/et_pb_column][\/et_pb_row][et_pb_row _builder_version=\"4.4.0\" custom_padding=\"0px||0px||false|false\"][et_pb_column type=\"4_4\" _builder_version=\"4.4.0\"][et_pb_divider color=\"#C9E9EB\" divider_weight=\"4px\" _builder_version=\"4.4.0\"][\/et_pb_divider][\/et_pb_column][\/et_pb_row][et_pb_row column_structure=\"2_5,3_5\" module_id=\"primer\" _builder_version=\"4.4.0\"][et_pb_column type=\"2_5\" _builder_version=\"4.4.0\"][et_pb_image src=\"https:\/\/icleicanada.org\/wp-content\/uploads\/2023\/03\/Mailchimp-Images-Jan-24-2023-8.png\" url=\"http:\/\/bit.ly\/3ItPlsL\" url_new_window=\"on\" _builder_version=\"4.4.0\" hover_enabled=\"0\" show_bottom_space=\"off\"][\/et_pb_image][et_pb_text _builder_version=\"4.4.0\" text_font_size=\"9px\" hover_enabled=\"0\"]<\/p><p>Photo credit: Ai, Summer connections, 2022, mississauga.ca\/publicart.<\/p><p>[\/et_pb_text][et_pb_cta button_url=\"https:\/\/talkofthecities.iclei.org\/post-cop27-iclei-welcomes-climate-emergency-financing-calls-for-action-to-address-biodiversity-crisis\/\" url_new_window=\"on\" admin_label=\"Feature 01\" module_id=\"cop27\" _builder_version=\"4.4.0\" header_level=\"h1\" header_font=\"Montserrat||||\" header_text_align=\"left\" header_text_color=\"#1f1f1f\" header_font_size=\"31px\" header_line_height=\"1.4em\" body_font=\"||||||||\" background_color=\"#f4f4f4\" custom_button=\"on\" button_text_color=\"#ffffff\" button_bg_color=\"#00646c\" button_border_color=\"rgba(0,0,0,0)\" button_font=\"Montserrat|||on|\" button_use_icon=\"off\" text_orientation=\"left\" background_layout=\"light\" module_alignment=\"center\" custom_padding=\"40px|50px|20px|50px|false|false\" animation_style=\"fold\" animation_direction=\"bottom\" animation_intensity_fold=\"15%\" hover_enabled=\"0\" button_text_color_hover=\"#6eba01\" button_border_color_hover=\"#6eba01\" button_border_radius_hover=\"0\" button_letter_spacing_hover=\"2\" button_bg_color_hover=\"rgba(0,0,0,0)\" locked=\"off\" button_text_size__hover_enabled=\"off\" button_one_text_size__hover_enabled=\"off\" button_two_text_size__hover_enabled=\"off\" button_text_color__hover_enabled=\"on\" button_text_color__hover=\"#00646c\" button_one_text_color__hover_enabled=\"off\" button_two_text_color__hover_enabled=\"off\" button_border_width__hover_enabled=\"off\" button_one_border_width__hover_enabled=\"off\" button_two_border_width__hover_enabled=\"off\" button_border_color__hover_enabled=\"on|hover\" button_border_color__hover=\"#00646c\" button_one_border_color__hover_enabled=\"off\" button_two_border_color__hover_enabled=\"off\" button_border_radius__hover_enabled=\"on\" button_border_radius__hover=\"0\" button_one_border_radius__hover_enabled=\"off\" button_two_border_radius__hover_enabled=\"off\" button_letter_spacing__hover_enabled=\"on\" button_letter_spacing__hover=\"2\" button_one_letter_spacing__hover_enabled=\"off\" button_two_letter_spacing__hover_enabled=\"off\" button_bg_color__hover_enabled=\"on\" button_bg_color__hover=\"rgba(0,0,0,0)\" button_one_bg_color__hover_enabled=\"off\" button_two_bg_color__hover_enabled=\"off\"]<\/p><p>This year\u2019s LCF is hosted by the City of Mississauga in partnership with ICLEI Canada and the Canadian Urban Institute, and is sponsored by Co-operators.\u00a0<\/p><p>[\/et_pb_cta][\/et_pb_column][et_pb_column type=\"3_5\" _builder_version=\"4.4.0\"][et_pb_text _builder_version=\"4.4.0\" hover_enabled=\"0\" header_2_font_size_tablet=\"\" header_2_font_size_phone=\"\" header_2_font_size_last_edited=\"on|phone\"]<\/p><h3>Gain insights on leading edge energy transition and climate adaptation practices to build resilient, equitable, and livable communities.<\/h3><p>[\/et_pb_text][et_pb_text _builder_version=\"4.4.0\" hover_enabled=\"0\" header_2_font_size_tablet=\"\" header_2_font_size_phone=\"\" header_2_font_size_last_edited=\"on|phone\"]<\/p><p>Most Canadian cities and towns were not built with a vision of a net zero, resilient, and sustainable future. So what does the transition to resilient, equitable, and livable communities look like? How can we embrace diversity and inclusion in the process? And, ultimately, how can we accelerate implementation to keep pace with challenges municipalities face?\u00a0Join us September 25 to 27 to explore these questions through the lens of \u201cIntention to Implementation\u201d.\u00a0<\/p><p>LCF has been exploring how to take action at the local level to make Canadian communities more livable since 2011. It is the go-to event for local leaders, urban professionals, and on-the-ground practitioners working to transition to net zero, advance low carbon resilience, and build an inclusive and equitable future. The event attracts over 300 delegates from across the country and is widely known for its high caliber practical sessions, diverse speakers, and meaningful networking opportunities.<\/p><p>Save the date and stay tuned! We will announce the program and open registration shortly.<\/p><p>[\/et_pb_text][et_pb_button button_url=\"http:\/\/bit.ly\/3ItPlsL\" url_new_window=\"on\" button_text=\"Learn more\" _builder_version=\"4.4.0\" hover_enabled=\"0\" custom_padding=\"||||false|false\" custom_margin=\"||30px||false|false\"][\/et_pb_button][\/et_pb_column][\/et_pb_row][\/et_pb_section][et_pb_section fb_built=\"1\" admin_label=\"Footer\" _builder_version=\"4.4.0\" background_color=\"#00646c\" background_enable_image=\"off\" custom_padding=\"86px||90px||false|false\" global_module=\"57114\" saved_tabs=\"all\"][et_pb_row column_structure=\"1_3,2_3\" use_custom_gutter=\"on\" make_equal=\"on\" _builder_version=\"3.25\" background_size=\"initial\" background_position=\"top_left\" background_repeat=\"repeat\" custom_padding=\"|||\"][et_pb_column type=\"1_3\" _builder_version=\"3.25\" background_color=\"#ffffff\" background_position=\"top_left\" custom_padding=\"50px|40px|50px|40px\" custom_padding__hover=\"|||\"][et_pb_text admin_label=\"Contact US Title\" _builder_version=\"3.27.4\" text_font_size=\"16px\" header_font=\"Montserrat||||\" header_text_color=\"#1f1f1f\" header_font_size=\"22px\" custom_padding=\"0px|0px|0px|0px\" animation_style=\"fold\" animation_direction=\"bottom\" animation_intensity_fold=\"20%\"]<\/p><h1>Reach us<\/h1><p style=\"text-align: center;\">[\/et_pb_text][et_pb_text admin_label=\"Contact US Text\" _builder_version=\"3.27.4\" text_font=\"|300|||||||\" text_font_size=\"16px\" text_line_height=\"1.8em\" header_font=\"||||||||\" header_text_color=\"#1f1f1f\" custom_margin=\"20px||40px|\" custom_padding=\"0px|0px|0px|0px\" animation_style=\"fold\" animation_direction=\"bottom\" animation_intensity_fold=\"20%\"]Contact us to learn more about our\u00a0 network, services, and events.<\/p><p style=\"text-align: center;\">[\/et_pb_text][et_pb_blurb title=\"ICLEI Canada \" use_icon=\"on\" font_icon=\"%%249%%\" icon_placement=\"left\" use_icon_font_size=\"on\" icon_font_size=\"28px\" icon_font_size_last_edited=\"off|desktop\" admin_label=\"Address\" _builder_version=\"4.4.0\" header_font=\"|300|||||||\" header_font_size=\"17px\" body_font=\"|300|||||||\" body_font_size=\"15px\" custom_margin=\"|||\" animation_style=\"fold\" animation_direction=\"bottom\" animation_intensity_fold=\"20%\"]<\/p><p>401 Richmond St W (Suite 204)<br \/>Toronto, ON M5V 3A8<\/p><p style=\"text-align: center;\">[\/et_pb_blurb][et_pb_blurb use_icon=\"on\" font_icon=\"%%238%%\" icon_placement=\"left\" use_icon_font_size=\"on\" icon_font_size=\"28px\" icon_font_size_last_edited=\"off|desktop\" admin_label=\"Email\" _builder_version=\"4.4.0\" body_font=\"|300|||||||\" body_font_size=\"16px\" custom_margin=\"|||\" animation_style=\"fold\" animation_direction=\"bottom\" animation_intensity_fold=\"20%\"]iclei-canada@iclei.org<\/p><p style=\"text-align: center;\">[\/et_pb_blurb][et_pb_social_media_follow admin_label=\"Facebook\" _builder_version=\"4.4.0\" text_orientation=\"center\" custom_margin=\"|||\" border_radii=\"on|100%|100%|100%|100%\" link_shape=\"circle\"][et_pb_social_media_follow_network social_network=\"twitter\" url=\"https:\/\/twitter.com\/home\" _builder_version=\"4.4.0\" background_color=\"#c1c1c1\" custom_margin=\"|10px||\" bg_color=\"#00aced\" link_shape=\"circle\" follow_button=\"off\" url_new_window=\"on\"]twitter[\/et_pb_social_media_follow_network][et_pb_social_media_follow_network social_network=\"linkedin\" url=\"https:\/\/www.linkedin.com\/company\/iclei-canada\/\" _builder_version=\"4.4.0\" background_color=\"#c1c1c1\" custom_margin=\"|0px||\" bg_color=\"#007bb6\" link_shape=\"circle\" follow_button=\"off\" url_new_window=\"on\"]linkedin[\/et_pb_social_media_follow_network][\/et_pb_social_media_follow][et_pb_social_media_follow _builder_version=\"3.0.87\"][\/et_pb_social_media_follow][\/et_pb_column][et_pb_column type=\"2_3\" _builder_version=\"3.25\" background_color=\"#ffffff\" background_position=\"top_left\" custom_padding=\"50px|40px|50px|40px\" custom_padding__hover=\"|||\"][et_pb_text admin_label=\"Contact US Title\" _builder_version=\"4.4.0\" text_font_size=\"16px\" header_font=\"Montserrat||||\" header_text_color=\"#1f1f1f\" header_font_size=\"22px\" custom_padding=\"0px|0px|0px|0px\" animation_style=\"fold\" animation_direction=\"bottom\" animation_intensity_fold=\"20%\"]<\/p><h1>Join our email list<\/h1><p style=\"text-align: center;\">[\/et_pb_text][et_pb_code _builder_version=\"4.4.0\"]<!-- Begin Mailchimp Signup Form --><!-- [et_pb_line_break_holder] --><!-- [et_pb_line_break_holder] --><\/p><p><style type=\"text\/css\"><!-- [et_pb_line_break_holder] -->\t#mc_embed_signup{background:#fff; clear:left; font:14px Helvetica,Arial,sans-serif; }<!-- [et_pb_line_break_holder] -->\t\/* Add your own Mailchimp form style overrides in your site stylesheet or in this style block.<!-- [et_pb_line_break_holder] -->\t   We recommend moving this block and the preceding CSS link to the HEAD of your HTML file. *\/<!-- [et_pb_line_break_holder] --><\/style><\/p><p><!-- [et_pb_line_break_holder] --><\/p><div id=\"mc_embed_signup\"><!-- [et_pb_line_break_holder] --><form id=\"mc-embedded-subscribe-form\" class=\"validate\" action=\"https:\/\/icleicanada.us12.list-manage.com\/subscribe\/post?u=e3cc0564d955ddfa1ae97cb81&id=45fdde9fdb&f_id=008ab0e0f0\" method=\"post\" name=\"mc-embedded-subscribe-form\" novalidate=\"\" target=\"_blank\"><!-- [et_pb_line_break_holder] --><div id=\"mc_embed_signup_scroll\"><!-- [et_pb_line_break_holder] --><div class=\"indicates-required\"><span class=\"asterisk\">*<\/span> indicates required<\/div><p><!-- [et_pb_line_break_holder] --><\/p><div class=\"mc-field-group\"><!-- [et_pb_line_break_holder] --> <label for=\"mce-EMAIL\">Email Address <span class=\"asterisk\">*<\/span><!-- [et_pb_line_break_holder] --><\/label><!-- [et_pb_line_break_holder] --> <input id=\"mce-EMAIL\" class=\"required email\" name=\"EMAIL\" required=\"\" type=\"email\" value=\"\" \/><!-- [et_pb_line_break_holder] --> <span id=\"mce-EMAIL-HELPERTEXT\" class=\"helper_text\"><\/span><!-- [et_pb_line_break_holder] --><\/div><p><!-- [et_pb_line_break_holder] --><\/p><div class=\"mc-field-group\"><!-- [et_pb_line_break_holder] --> <label for=\"mce-FNAME\">First Name <span class=\"asterisk\">*<\/span><!-- [et_pb_line_break_holder] --><\/label><!-- [et_pb_line_break_holder] --> <input id=\"mce-FNAME\" class=\"required\" name=\"FNAME\" required=\"\" type=\"text\" value=\"\" \/><!-- [et_pb_line_break_holder] --> <span id=\"mce-FNAME-HELPERTEXT\" class=\"helper_text\"><\/span><!-- [et_pb_line_break_holder] --><\/div><p><!-- [et_pb_line_break_holder] --><\/p><div class=\"mc-field-group\"><!-- [et_pb_line_break_holder] --> <label for=\"mce-LNAME\">Last Name <\/label><!-- [et_pb_line_break_holder] --> <input id=\"mce-LNAME\" class=\"\" name=\"LNAME\" type=\"text\" value=\"\" \/><!-- [et_pb_line_break_holder] --> <span id=\"mce-LNAME-HELPERTEXT\" class=\"helper_text\"><\/span><!-- [et_pb_line_break_holder] --><\/div><p><!-- [et_pb_line_break_holder] --><\/p><div class=\"mc-field-group\"><!-- [et_pb_line_break_holder] --> <label for=\"mce-MMERGE6\">Organization <\/label><!-- [et_pb_line_break_holder] --> <input id=\"mce-MMERGE6\" class=\"\" name=\"MMERGE6\" type=\"text\" value=\"\" \/><!-- [et_pb_line_break_holder] --> <span id=\"mce-MMERGE6-HELPERTEXT\" class=\"helper_text\"><\/span><!-- [et_pb_line_break_holder] --><\/div><p><!-- [et_pb_line_break_holder] --><\/p><div id=\"mce-responses\" class=\"clear\"><!-- [et_pb_line_break_holder] --><div id=\"mce-error-response\" class=\"response\" style=\"display: none;\">\u00a0<\/div><p><!-- [et_pb_line_break_holder] --><\/p><div id=\"mce-success-response\" class=\"response\" style=\"display: none;\">\u00a0<\/div><p><!-- [et_pb_line_break_holder] --><\/p><\/div><p><!-- real people should not fill this in and expect good things - do not remove this or risk form bot signups--><!-- [et_pb_line_break_holder] --><\/p><div style=\"position: absolute; left: -5000px;\" aria-hidden=\"true\"><input tabindex=\"-1\" name=\"b_e3cc0564d955ddfa1ae97cb81_45fdde9fdb\" type=\"text\" value=\"\" \/><\/div><p><!-- [et_pb_line_break_holder] --><\/p><div class=\"clear\"><input id=\"mc-embedded-subscribe\" class=\"button\" name=\"subscribe\" type=\"submit\" value=\"Subscribe\" \/><\/div><p><!-- [et_pb_line_break_holder] --><\/p><\/div><p><!-- [et_pb_line_break_holder] --><\/p><\/form><p><!-- [et_pb_line_break_holder] --><\/p><\/div><p><!-- [et_pb_line_break_holder] --><script type='text\/javascript' src='\/\/s3.amazonaws.com\/downloads.mailchimp.com\/js\/mc-validate.js'><\/script><script type='text\/javascript'>(function($) {window.fnames = new Array(); window.ftypes = new Array();fnames[0]='EMAIL';ftypes[0]='email';fnames[1]='FNAME';ftypes[1]='text';fnames[2]='LNAME';ftypes[2]='text';fnames[3]='ADDRESS';ftypes[3]='address';fnames[4]='PHONE';ftypes[4]='phone';fnames[5]='MMERGE5';ftypes[5]='text';fnames[6]='MMERGE6';ftypes[6]='text';}(jQuery));var $mcj = jQuery.noConflict(true);<\/script><!-- [et_pb_line_break_holder] --><!--End mc_embed_signup-->[\/et_pb_code][\/et_pb_column][\/et_pb_row][\/et_pb_section]<\/p>","_et_gb_content_width":"","footnotes":""},"categories":[93],"tags":[],"class_list":["post-58450","post","type-post","status-publish","format-standard","hentry","category-nouvelles"],"_links":{"self":[{"href":"https:\/\/icleicanada.org\/fr\/wp-json\/wp\/v2\/posts\/58450","targetHints":{"allow":["GET"]}}],"collection":[{"href":"https:\/\/icleicanada.org\/fr\/wp-json\/wp\/v2\/posts"}],"about":[{"href":"https:\/\/icleicanada.org\/fr\/wp-json\/wp\/v2\/types\/post"}],"author":[{"embeddable":true,"href":"https:\/\/icleicanada.org\/fr\/wp-json\/wp\/v2\/users\/18"}],"replies":[{"embeddable":true,"href":"https:\/\/icleicanada.org\/fr\/wp-json\/wp\/v2\/comments?post=58450"}],"version-history":[{"count":8,"href":"https:\/\/icleicanada.org\/fr\/wp-json\/wp\/v2\/posts\/58450\/revisions"}],"predecessor-version":[{"id":58472,"href":"https:\/\/icleicanada.org\/fr\/wp-json\/wp\/v2\/posts\/58450\/revisions\/58472"}],"wp:attachment":[{"href":"https:\/\/icleicanada.org\/fr\/wp-json\/wp\/v2\/media?parent=58450"}],"wp:term":[{"taxonomy":"category","embeddable":true,"href":"https:\/\/icleicanada.org\/fr\/wp-json\/wp\/v2\/categories?post=58450"},{"taxonomy":"post_tag","embeddable":true,"href":"https:\/\/icleicanada.org\/fr\/wp-json\/wp\/v2\/tags?post=58450"}],"curies":[{"name":"wp","href":"https:\/\/api.w.org\/{rel}","templated":true}]}}