{"id":59019,"date":"2023-05-17T10:58:43","date_gmt":"2023-05-17T14:58:43","guid":{"rendered":"https:\/\/icleicanada.org\/?p=59019\/"},"modified":"2023-05-17T12:00:42","modified_gmt":"2023-05-17T16:00:42","slug":"forum-villes-viables-2023-tarifs-preferentiels","status":"publish","type":"post","link":"https:\/\/icleicanada.org\/fr\/forum-villes-viables-2023-tarifs-preferentiels\/","title":{"rendered":"Forum Villes viables 2023: Les tarifs pr\u00e9f\u00e9rentiels sont en vigueur jusqu\u2019au 4 juin"},"content":{"rendered":"<p>[et_pb_section fb_built=\u00a0\u00bb1&Prime; admin_label=\u00a0\u00bbSplit Section\u00a0\u00bb module_id=\u00a0\u00bbnews\u00a0\u00bb _builder_version=\u00a0\u00bb4.4.0&Prime; custom_margin=\u00a0\u00bb||||false|false\u00a0\u00bb custom_padding=\u00a0\u00bb0px||20px||false|false\u00a0\u00bb animation_style=\u00a0\u00bbfold\u00a0\u00bb animation_direction=\u00a0\u00bbbottom\u00a0\u00bb animation_intensity_fold=\u00a0\u00bb4%\u00a0\u00bb saved_tabs=\u00a0\u00bball\u00a0\u00bb][et_pb_row _builder_version=\u00a0\u00bb4.4.0&Prime; custom_padding=\u00a0\u00bb0px||10px||false|false\u00a0\u00bb][et_pb_column type=\u00a0\u00bb4_4&Prime; _builder_version=\u00a0\u00bb4.4.0&Prime;][et_pb_text _builder_version=\u00a0\u00bb4.4.0&Prime; text_font_size=\u00a0\u00bb11px\u00a0\u00bb text_line_height=\u00a0\u00bb1.4em\u00a0\u00bb max_width=\u00a0\u00bb100%\u00a0\u00bb module_alignment=\u00a0\u00bbcenter\u00a0\u00bb custom_padding=\u00a0\u00bb0px||||false|false\u00a0\u00bb]<\/p>\n<p>Cr\u00e9dit photo: Ai, <em>Summer connections<\/em>, 2022. Collection d&rsquo;art public temporaire de la ville de Mississauga. Photographie de Tori Lambermont.<\/p>\n<p>[\/et_pb_text][et_pb_divider color=\u00a0\u00bb#C9E9EB\u00a0\u00bb divider_position=\u00a0\u00bbcenter\u00a0\u00bb divider_weight=\u00a0\u00bb3px\u00a0\u00bb _builder_version=\u00a0\u00bb4.4.0&Prime; custom_margin=\u00a0\u00bb||||false|false\u00a0\u00bb custom_padding=\u00a0\u00bb||||false|false\u00a0\u00bb][\/et_pb_divider][et_pb_text _builder_version=\u00a0\u00bb4.4.0&Prime; header_font_size=\u00a0\u00bb28px\u00a0\u00bb header_line_height=\u00a0\u00bb1.1em\u00a0\u00bb]<\/p>\n<h1>Tarifs pr\u00e9f\u00e9rentiels du Forum Villes viables 2023<\/h1>\n<p>[\/et_pb_text][et_pb_text _builder_version=\u00a0\u00bb4.4.0&Prime; header_line_height=\u00a0\u00bb1.4em\u00a0\u00bb header_3_font=\u00a0\u00bb|600|||||||\u00a0\u00bb]<\/p>\n<h3>Pr\u00e9voyez-vous nous joindre au Forum Villes vivables cet automne ? Inscrivez-vous avant le 4 juin pour profiter des tarifs pr\u00e9f\u00e9rentiels pour les inscriptions h\u00e2tives !<\/h3>\n<p>[\/et_pb_text][et_pb_text _builder_version=\u00a0\u00bb4.4.0&Prime; header_line_height=\u00a0\u00bb1.4em\u00a0\u00bb header_3_font=\u00a0\u00bb|600|||||||\u00a0\u00bb custom_padding=\u00a0\u00bb||20px||false|false\u00a0\u00bb hover_enabled=\u00a0\u00bb0&Prime;]<\/p>\n<p>L\u2019inscription permet aux d\u00e9l\u00e9gu\u00e9s d\u2019assister \u00e0 toutes les s\u00e9ances (y compris les visites terrain), aux repas, aux pauses et aux \u00e9v\u00e9nements de r\u00e9seautage pendant les trois jours du Forum. Joignez-nous du 25 au 27 septembre pour explorer des moyens de b\u00e2tir des collectivit\u00e9s r\u00e9silientes, \u00e9quitables et viables \u00e0 travers le prisme \u00ab De l\u2019intention \u00e0 la mise en \u0153uvre \u00bb.<\/p>\n<p>[\/et_pb_text][\/et_pb_column][\/et_pb_row][et_pb_row column_structure=\u00a0\u00bb1_2,1_2&Prime; _builder_version=\u00a0\u00bb4.4.0&Prime; custom_padding=\u00a0\u00bb0px||10px||false|false\u00a0\u00bb][et_pb_column type=\u00a0\u00bb1_2&Prime; _builder_version=\u00a0\u00bb4.4.0&Prime;][et_pb_text _builder_version=\u00a0\u00bb4.4.0&Prime; header_line_height=\u00a0\u00bb1.4em\u00a0\u00bb header_3_font=\u00a0\u00bb|600|||||||\u00a0\u00bb header_4_line_height=\u00a0\u00bb1.1em\u00a0\u00bb]<\/p>\n<h4>Tarif pr\u00e9f\u00e9rentiel pour les inscriptions h\u00e2tives pour le Forum complet: $759<\/h4>\n<p>(Tarif r\u00e9gulier : $859)<\/p>\n<p>[\/et_pb_text][\/et_pb_column][et_pb_column type=\u00a0\u00bb1_2&Prime; _builder_version=\u00a0\u00bb4.4.0&Prime;][et_pb_text _builder_version=\u00a0\u00bb4.4.0&Prime; header_line_height=\u00a0\u00bb1.4em\u00a0\u00bb header_3_font=\u00a0\u00bb|600|||||||\u00a0\u00bb header_4_line_height=\u00a0\u00bb1.1em\u00a0\u00bb]<\/p>\n<h4>Tarif pr\u00e9f\u00e9rentiel pour les inscriptions h\u00e2tives pour les membres d\u2019ICLEI\/BARC : 659 $<\/h4>\n<p>(Tarif r\u00e9gulier pour les membre d\u2019ICLEI\/BARC : $759)<\/p>\n<p>[\/et_pb_text][\/et_pb_column][\/et_pb_row][et_pb_row _builder_version=\u00a0\u00bb4.4.0&Prime;][et_pb_column type=\u00a0\u00bb4_4&Prime; _builder_version=\u00a0\u00bb4.4.0&Prime;][et_pb_button button_url=\u00a0\u00bbhttps:\/\/bit.ly\/3neSsOp\u00a0\u00bb url_new_window=\u00a0\u00bbon\u00a0\u00bb button_text=\u00a0\u00bbEN SAVOIR PLUS ET S&rsquo;INSCRIRE\u00a0\u00bb button_alignment=\u00a0\u00bbcenter\u00a0\u00bb _builder_version=\u00a0\u00bb4.4.0&Prime;][\/et_pb_button][\/et_pb_column][\/et_pb_row][\/et_pb_section][et_pb_section fb_built=\u00a0\u00bb1&Prime; _builder_version=\u00a0\u00bb4.4.0&Prime; background_color=\u00a0\u00bb#f4f4f4&Prime;][et_pb_row _builder_version=\u00a0\u00bb4.4.0&Prime; custom_padding=\u00a0\u00bb||0px||false|false\u00a0\u00bb][et_pb_column type=\u00a0\u00bb4_4&Prime; _builder_version=\u00a0\u00bb4.4.0&Prime;][et_pb_text _builder_version=\u00a0\u00bb4.4.0&Prime; header_font_size=\u00a0\u00bb28px\u00a0\u00bb header_line_height=\u00a0\u00bb1.1em\u00a0\u00bb text_orientation=\u00a0\u00bbcenter\u00a0\u00bb]<\/p>\n<h1>D\u00e9couvrez le programme de cette ann\u00e9e<\/h1>\n<p>[\/et_pb_text][et_pb_divider color=\u00a0\u00bb#C9E9EB\u00a0\u00bb divider_position=\u00a0\u00bbcenter\u00a0\u00bb divider_weight=\u00a0\u00bb3px\u00a0\u00bb _builder_version=\u00a0\u00bb4.4.0&Prime; custom_margin=\u00a0\u00bb||||false|false\u00a0\u00bb custom_padding=\u00a0\u00bb||||false|false\u00a0\u00bb][\/et_pb_divider][\/et_pb_column][\/et_pb_row][et_pb_row column_structure=\u00a0\u00bb1_2,1_2&Prime; _builder_version=\u00a0\u00bb4.4.0&Prime; custom_padding=\u00a0\u00bb||0px||false|false\u00a0\u00bb][et_pb_column type=\u00a0\u00bb1_2&Prime; _builder_version=\u00a0\u00bb4.4.0&Prime;][et_pb_image src=\u00a0\u00bbhttps:\/\/icleicanada.org\/wp-content\/uploads\/2023\/05\/Mailchimp-Images-Jan-24-2023-11.png\u00a0\u00bb url=\u00a0\u00bbhttps:\/\/bit.ly\/3HN8172&Prime; url_new_window=\u00a0\u00bbon\u00a0\u00bb _builder_version=\u00a0\u00bb4.4.0&Prime;][\/et_pb_image][et_pb_text _builder_version=\u00a0\u00bb4.4.0&Prime; header_line_height=\u00a0\u00bb1.4em\u00a0\u00bb header_3_font=\u00a0\u00bb|600|||||||\u00a0\u00bb header_4_line_height=\u00a0\u00bb1.1em\u00a0\u00bb custom_padding=\u00a0\u00bb||20px||false|false\u00a0\u00bb header_4_font_size_tablet=\u00a0\u00bb\u00a0\u00bb header_4_font_size_phone=\u00a0\u00bb\u00a0\u00bb header_4_font_size_last_edited=\u00a0\u00bbon|phone\u00a0\u00bb]<\/p>\n<h4>Vers la carboneutralit\u00e9 : budg\u00e9tisation et divulgation des \u00e9missions de carbone \u00e0 l\u2019\u00e9chelon municipal<\/h4>\n<p>Contr\u00f4ler, mesurer et atteindre les objectifs locaux de r\u00e9duction des GES est souvent plus facile \u00e0 dire qu\u2019\u00e0 faire. Apprenez \u00e0 suivre et \u00e0 divulguer les progr\u00e8s accomplis dans la r\u00e9alisation des objectifs d\u2019att\u00e9nuation des \u00e9missions de GES, et comment int\u00e9grer la comptabilisation nette z\u00e9ro et les budgets carbone dans la prise de d\u00e9cision municipale.<\/p>\n<p>[\/et_pb_text][\/et_pb_column][et_pb_column type=\u00a0\u00bb1_2&Prime; _builder_version=\u00a0\u00bb4.4.0&Prime;][et_pb_image src=\u00a0\u00bbhttps:\/\/icleicanada.org\/wp-content\/uploads\/2023\/05\/Mailchimp-Images-Jan-24-2023-16.png\u00a0\u00bb url=\u00a0\u00bbhttps:\/\/bit.ly\/3HN8172&Prime; url_new_window=\u00a0\u00bbon\u00a0\u00bb _builder_version=\u00a0\u00bb4.4.0&Prime;][\/et_pb_image][et_pb_text _builder_version=\u00a0\u00bb4.4.0&Prime; header_line_height=\u00a0\u00bb1.4em\u00a0\u00bb header_3_font=\u00a0\u00bb|600|||||||\u00a0\u00bb header_4_line_height=\u00a0\u00bb1.1em\u00a0\u00bb custom_padding=\u00a0\u00bb||20px||false|false\u00a0\u00bb header_4_font_size_tablet=\u00a0\u00bb\u00a0\u00bb header_4_font_size_phone=\u00a0\u00bb\u00a0\u00bb header_4_font_size_last_edited=\u00a0\u00bbon|phone\u00a0\u00bb]<\/p>\n<h4>Vous souhaitez proc\u00e9der \u00e0 une \u00e9valuation des risques?<\/h4>\n<p>L\u2019\u00e9valuation des risques fait partie int\u00e9grante de tout effort d\u2019adaptation aux changements climatiques. Il existe un certain nombre de structures pour r\u00e9aliser cette \u00e9valuation. Mais lequel vous convient le mieux? Renseignez-vous sur les principaux cadres d&rsquo;\u00e9valuation des risques li\u00e9s aux changements climatiques et profitez de l&rsquo;occasion pour vous asseoir avec des experts, poser des questions et recevoir des conseils.<\/p>\n<p>[\/et_pb_text][\/et_pb_column][\/et_pb_row][et_pb_row column_structure=\u00a0\u00bb1_2,1_2&Prime; _builder_version=\u00a0\u00bb4.4.0&Prime; custom_margin=\u00a0\u00bb||||false|false\u00a0\u00bb custom_padding=\u00a0\u00bb10px||0px||false|false\u00a0\u00bb][et_pb_column type=\u00a0\u00bb1_2&Prime; _builder_version=\u00a0\u00bb4.4.0&Prime;][et_pb_image src=\u00a0\u00bbhttps:\/\/icleicanada.org\/wp-content\/uploads\/2023\/05\/Mailchimp-Images-Jan-24-2023-13.png\u00a0\u00bb url=\u00a0\u00bbhttps:\/\/bit.ly\/3HN8172&Prime; url_new_window=\u00a0\u00bbon\u00a0\u00bb _builder_version=\u00a0\u00bb4.4.0&Prime;][\/et_pb_image][et_pb_text _builder_version=\u00a0\u00bb4.4.0&Prime; header_line_height=\u00a0\u00bb1.4em\u00a0\u00bb header_3_font=\u00a0\u00bb|600|||||||\u00a0\u00bb header_4_line_height=\u00a0\u00bb1.1em\u00a0\u00bb custom_padding=\u00a0\u00bb||20px||false|false\u00a0\u00bb header_4_font_size_tablet=\u00a0\u00bb\u00a0\u00bb header_4_font_size_phone=\u00a0\u00bb\u00a0\u00bb header_4_font_size_last_edited=\u00a0\u00bbon|phone\u00a0\u00bb]<\/p>\n<h4>Cercle d\u2019\u00e9quit\u00e9, de diversit\u00e9 et d\u2019inclusion 2.0<\/h4>\n<p>Joignez-vous \u00e0 un dialogue non hi\u00e9rarchique et explorez comment int\u00e9grer l&rsquo;\u00e9quit\u00e9, la diversit\u00e9 et l&rsquo;inclusion dans le contexte de l&rsquo;action climatique au niveau local. Trois mises en situation examineront la n\u00e9cessit\u00e9 de placer l&rsquo;\u00e9quit\u00e9 au c\u0153ur de l&rsquo;action climatique par les gouvernements locaux et les moyens d&rsquo;y parvenir.<\/p>\n<p>[\/et_pb_text][\/et_pb_column][et_pb_column type=\u00a0\u00bb1_2&Prime; _builder_version=\u00a0\u00bb4.4.0&Prime;][et_pb_image src=\u00a0\u00bbhttps:\/\/icleicanada.org\/wp-content\/uploads\/2023\/05\/Mailchimp-Images-Jan-24-2023-14.png\u00a0\u00bb url=\u00a0\u00bbhttps:\/\/bit.ly\/3HN8172&Prime; url_new_window=\u00a0\u00bbon\u00a0\u00bb _builder_version=\u00a0\u00bb4.4.0&Prime;][\/et_pb_image][et_pb_text _builder_version=\u00a0\u00bb4.4.0&Prime; header_line_height=\u00a0\u00bb1.4em\u00a0\u00bb header_3_font=\u00a0\u00bb|600|||||||\u00a0\u00bb header_4_line_height=\u00a0\u00bb1.1em\u00a0\u00bb custom_padding=\u00a0\u00bb||20px||false|false\u00a0\u00bb header_4_font_size_tablet=\u00a0\u00bb\u00a0\u00bb header_4_font_size_phone=\u00a0\u00bb\u00a0\u00bb header_4_font_size_last_edited=\u00a0\u00bbon|phone\u00a0\u00bb]<\/p>\n<h4>Financement des actions climatiques par les coop\u00e9ratives<\/h4>\n<p>Comment les coop\u00e9ratives, les municipalit\u00e9s et les membres de la communaut\u00e9 peuvent-ils travailler ensemble pour financer des actions en faveur du climat? Dans cette s\u00e9ance, les participants d\u00e9couvriront les coop\u00e9ratives \u00e0 travers des \u00e9tudes de cas et prendront part \u00e0 un atelier stimulant pour explorer comment les actions climatiques pourraient \u00eatre financ\u00e9es par des coop\u00e9ratives dans leurs collectivit\u00e9s.<\/p>\n<p>[\/et_pb_text][\/et_pb_column][\/et_pb_row][et_pb_row _builder_version=\u00a0\u00bb4.4.0&Prime; custom_padding=\u00a0\u00bb10px||0px||false|false\u00a0\u00bb][et_pb_column type=\u00a0\u00bb4_4&Prime; _builder_version=\u00a0\u00bb4.4.0&Prime;][et_pb_button button_url=\u00a0\u00bbhttps:\/\/bit.ly\/3HN8172&Prime; url_new_window=\u00a0\u00bbon\u00a0\u00bb button_text=\u00a0\u00bbVoir le programme\u00a0\u00bb button_alignment=\u00a0\u00bbcenter\u00a0\u00bb _builder_version=\u00a0\u00bb4.4.0&Prime;][\/et_pb_button][\/et_pb_column][\/et_pb_row][\/et_pb_section][et_pb_section fb_built=\u00a0\u00bb1&Prime; _builder_version=\u00a0\u00bb4.4.0&Prime; custom_padding=\u00a0\u00bb20px||||false|false\u00a0\u00bb][et_pb_row _builder_version=\u00a0\u00bb4.4.0&Prime; custom_padding=\u00a0\u00bb0px||||false|false\u00a0\u00bb][et_pb_column type=\u00a0\u00bb4_4&Prime; _builder_version=\u00a0\u00bb4.4.0&Prime;][et_pb_divider color=\u00a0\u00bb#C9E9EB\u00a0\u00bb divider_position=\u00a0\u00bbcenter\u00a0\u00bb divider_weight=\u00a0\u00bb3px\u00a0\u00bb _builder_version=\u00a0\u00bb4.4.0&Prime; custom_margin=\u00a0\u00bb||||false|false\u00a0\u00bb custom_padding=\u00a0\u00bb||||false|false\u00a0\u00bb][\/et_pb_divider][et_pb_image src=\u00a0\u00bbhttps:\/\/icleicanada.org\/wp-content\/uploads\/2023\/03\/LCF-2023-Partner-Logos-Mailchimp-Image.png\u00a0\u00bb url=\u00a0\u00bbhttps:\/\/livablecitiesforum.com\/?lang=fr\u00a0\u00bb url_new_window=\u00a0\u00bbon\u00a0\u00bb _builder_version=\u00a0\u00bb4.4.0&Prime;][\/et_pb_image][et_pb_text _builder_version=\u00a0\u00bb4.4.0&Prime; header_text_align=\u00a0\u00bbcenter\u00a0\u00bb header_line_height=\u00a0\u00bb1.4em\u00a0\u00bb header_3_font=\u00a0\u00bb|600|||||||\u00a0\u00bb header_3_text_align=\u00a0\u00bbcenter\u00a0\u00bb header_3_line_height=\u00a0\u00bb1.1em\u00a0\u00bb header_4_font=\u00a0\u00bb|600|||||||\u00a0\u00bb header_4_text_align=\u00a0\u00bbcenter\u00a0\u00bb header_4_line_height=\u00a0\u00bb1.2em\u00a0\u00bb max_width=\u00a0\u00bb100%\u00a0\u00bb module_alignment=\u00a0\u00bbcenter\u00a0\u00bb]<\/p>\n<p>Le Forum Villes viables 2023 est organis\u00e9 par la Ville de Mississauga, en partenariat avec ICLEI Canada et l\u2019Institut Urbain du Canada, et est commandit\u00e9 par Co-operators.<\/p>\n<p>[\/et_pb_text][\/et_pb_column][\/et_pb_row][\/et_pb_section][et_pb_section fb_built=\u00a0\u00bb1&Prime; admin_label=\u00a0\u00bbFooter\u00a0\u00bb _builder_version=\u00a0\u00bb4.4.0&Prime; background_color=\u00a0\u00bb#00646c\u00a0\u00bb background_enable_image=\u00a0\u00bboff\u00a0\u00bb custom_padding=\u00a0\u00bb86px||90px||false|false\u00a0\u00bb global_module=\u00a0\u00bb57871&Prime; saved_tabs=\u00a0\u00bball\u00a0\u00bb][et_pb_row column_structure=\u00a0\u00bb1_3,2_3&Prime; use_custom_gutter=\u00a0\u00bbon\u00a0\u00bb make_equal=\u00a0\u00bbon\u00a0\u00bb _builder_version=\u00a0\u00bb3.25&Prime; background_size=\u00a0\u00bbinitial\u00a0\u00bb background_position=\u00a0\u00bbtop_left\u00a0\u00bb background_repeat=\u00a0\u00bbrepeat\u00a0\u00bb custom_padding=\u00a0\u00bb|||\u00a0\u00bb][et_pb_column type=\u00a0\u00bb1_3&Prime; _builder_version=\u00a0\u00bb3.25&Prime; background_color=\u00a0\u00bb#ffffff\u00a0\u00bb background_position=\u00a0\u00bbtop_left\u00a0\u00bb custom_padding=\u00a0\u00bb50px|40px|50px|40px\u00a0\u00bb custom_padding__hover=\u00a0\u00bb|||\u00a0\u00bb][et_pb_text admin_label=\u00a0\u00bbContact US Title\u00a0\u00bb _builder_version=\u00a0\u00bb4.4.0&Prime; text_font_size=\u00a0\u00bb16px\u00a0\u00bb header_font=\u00a0\u00bbMontserrat||||\u00a0\u00bb header_text_color=\u00a0\u00bb#1f1f1f\u00a0\u00bb header_font_size=\u00a0\u00bb22px\u00a0\u00bb custom_padding=\u00a0\u00bb0px|0px|0px|0px\u00a0\u00bb animation_style=\u00a0\u00bbfold\u00a0\u00bb animation_direction=\u00a0\u00bbbottom\u00a0\u00bb animation_intensity_fold=\u00a0\u00bb20%\u00a0\u00bb]<\/p>\n<div class=\"et_pb_module et_pb_text et_pb_text_11 et_pb_text_align_left et_pb_bg_layout_light et_had_animation\">\n<div class=\"et_pb_text_inner\">\n<h1>Nous joindre<\/h1>\n<\/div>\n<\/div>\n<p style=\"text-align: center;\">[\/et_pb_text][et_pb_text admin_label=\u00a0\u00bbContact US Text\u00a0\u00bb _builder_version=\u00a0\u00bb4.4.0&Prime; text_font=\u00a0\u00bb|300|||||||\u00a0\u00bb text_font_size=\u00a0\u00bb16px\u00a0\u00bb text_line_height=\u00a0\u00bb1.8em\u00a0\u00bb header_font=\u00a0\u00bb||||||||\u00a0\u00bb header_text_color=\u00a0\u00bb#1f1f1f\u00a0\u00bb custom_margin=\u00a0\u00bb20px||40px|\u00a0\u00bb custom_padding=\u00a0\u00bb0px|0px|0px|0px\u00a0\u00bb animation_style=\u00a0\u00bbfold\u00a0\u00bb animation_direction=\u00a0\u00bbbottom\u00a0\u00bb animation_intensity_fold=\u00a0\u00bb20%\u00a0\u00bb]<\/p>\n<p>Communiquez avec nous pour en apprendre davantage au sujet de notre r\u00e9seau, de nos services et de nos \u00e9v\u00e9nements.<\/p>\n<p style=\"text-align: center;\">[\/et_pb_text][et_pb_blurb title=\u00a0\u00bbICLEI Canada \u00a0\u00bb use_icon=\u00a0\u00bbon\u00a0\u00bb font_icon=\u00a0\u00bb%%249%%\u00a0\u00bb icon_placement=\u00a0\u00bbleft\u00a0\u00bb use_icon_font_size=\u00a0\u00bbon\u00a0\u00bb icon_font_size=\u00a0\u00bb28px\u00a0\u00bb icon_font_size_last_edited=\u00a0\u00bboff|desktop\u00a0\u00bb admin_label=\u00a0\u00bbAddress\u00a0\u00bb _builder_version=\u00a0\u00bb4.4.0&Prime; header_font=\u00a0\u00bb|300|||||||\u00a0\u00bb header_font_size=\u00a0\u00bb17px\u00a0\u00bb body_font=\u00a0\u00bb|300|||||||\u00a0\u00bb body_font_size=\u00a0\u00bb15px\u00a0\u00bb custom_margin=\u00a0\u00bb|||\u00a0\u00bb animation_style=\u00a0\u00bbfold\u00a0\u00bb animation_direction=\u00a0\u00bbbottom\u00a0\u00bb animation_intensity_fold=\u00a0\u00bb20%\u00a0\u00bb]<\/p>\n<p>401 Richmond St W (Suite 204)<br \/> Toronto, ON M5V 3A8<\/p>\n<p style=\"text-align: center;\">[\/et_pb_blurb][et_pb_blurb use_icon=\u00a0\u00bbon\u00a0\u00bb font_icon=\u00a0\u00bb%%238%%\u00a0\u00bb icon_placement=\u00a0\u00bbleft\u00a0\u00bb use_icon_font_size=\u00a0\u00bbon\u00a0\u00bb icon_font_size=\u00a0\u00bb28px\u00a0\u00bb icon_font_size_last_edited=\u00a0\u00bboff|desktop\u00a0\u00bb admin_label=\u00a0\u00bbEmail\u00a0\u00bb _builder_version=\u00a0\u00bb4.4.0&Prime; body_font=\u00a0\u00bb|300|||||||\u00a0\u00bb body_font_size=\u00a0\u00bb16px\u00a0\u00bb custom_margin=\u00a0\u00bb|||\u00a0\u00bb animation_style=\u00a0\u00bbfold\u00a0\u00bb animation_direction=\u00a0\u00bbbottom\u00a0\u00bb animation_intensity_fold=\u00a0\u00bb20%\u00a0\u00bb]iclei-canada@iclei.org<\/p>\n<p style=\"text-align: center;\">[\/et_pb_blurb][et_pb_social_media_follow admin_label=\u00a0\u00bbFacebook\u00a0\u00bb _builder_version=\u00a0\u00bb4.4.0&Prime; text_orientation=\u00a0\u00bbcenter\u00a0\u00bb custom_margin=\u00a0\u00bb|||\u00a0\u00bb border_radii=\u00a0\u00bbon|100%|100%|100%|100%\u00a0\u00bb link_shape=\u00a0\u00bbcircle\u00a0\u00bb][et_pb_social_media_follow_network social_network=\u00a0\u00bbtwitter\u00a0\u00bb url=\u00a0\u00bbhttps:\/\/twitter.com\/ICLEI_Canada\u00a0\u00bb _builder_version=\u00a0\u00bb4.4.0&Prime; background_color=\u00a0\u00bb#c1c1c1&Prime; custom_margin=\u00a0\u00bb|10px||\u00a0\u00bb bg_color=\u00a0\u00bb#00aced\u00a0\u00bb link_shape=\u00a0\u00bbcircle\u00a0\u00bb follow_button=\u00a0\u00bboff\u00a0\u00bb url_new_window=\u00a0\u00bbon\u00a0\u00bb]twitter[\/et_pb_social_media_follow_network][et_pb_social_media_follow_network social_network=\u00a0\u00bblinkedin\u00a0\u00bb url=\u00a0\u00bbhttps:\/\/www.linkedin.com\/company\/iclei-canada\/\u00a0\u00bb _builder_version=\u00a0\u00bb4.4.0&Prime; background_color=\u00a0\u00bb#c1c1c1&Prime; custom_margin=\u00a0\u00bb|0px||\u00a0\u00bb bg_color=\u00a0\u00bb#007bb6&Prime; link_shape=\u00a0\u00bbcircle\u00a0\u00bb follow_button=\u00a0\u00bboff\u00a0\u00bb url_new_window=\u00a0\u00bbon\u00a0\u00bb]linkedin[\/et_pb_social_media_follow_network][\/et_pb_social_media_follow][et_pb_social_media_follow _builder_version=\u00a0\u00bb3.0.87&Prime;][\/et_pb_social_media_follow][\/et_pb_column][et_pb_column type=\u00a0\u00bb2_3&Prime; _builder_version=\u00a0\u00bb3.25&Prime; background_color=\u00a0\u00bb#ffffff\u00a0\u00bb background_position=\u00a0\u00bbtop_left\u00a0\u00bb custom_padding=\u00a0\u00bb50px|40px|50px|40px\u00a0\u00bb custom_padding__hover=\u00a0\u00bb|||\u00a0\u00bb][et_pb_text admin_label=\u00a0\u00bbContact US Title\u00a0\u00bb _builder_version=\u00a0\u00bb4.4.0&Prime; text_font_size=\u00a0\u00bb16px\u00a0\u00bb header_font=\u00a0\u00bbMontserrat||||\u00a0\u00bb header_text_color=\u00a0\u00bb#1f1f1f\u00a0\u00bb header_font_size=\u00a0\u00bb22px\u00a0\u00bb custom_padding=\u00a0\u00bb0px|0px|0px|0px\u00a0\u00bb animation_style=\u00a0\u00bbfold\u00a0\u00bb animation_direction=\u00a0\u00bbbottom\u00a0\u00bb animation_intensity_fold=\u00a0\u00bb20%\u00a0\u00bb]<\/p>\n<h1>Inscrivez-vous \u00e0 notre liste de diffusion<\/h1>\n<p style=\"text-align: center;\">[\/et_pb_text][et_pb_code _builder_version=\u00a0\u00bb4.4.0&Prime;]<!-- Begin Mailchimp Signup Form --><!-- [et_pb_line_break_holder] --><link href=\"\/\/cdn-images.mailchimp.com\/embedcode\/classic-071822.css\" rel=\"stylesheet\" type=\"text\/css\"><!-- [et_pb_line_break_holder] --><\/p>\n<style type=\"text\/css\"><!-- [et_pb_line_break_holder] -->\t#mc_embed_signup{background:#fff; clear:left; font:14px Helvetica,Arial,sans-serif; }<!-- [et_pb_line_break_holder] -->\t\/* Add your own Mailchimp form style overrides in your site stylesheet or in this style block.<!-- [et_pb_line_break_holder] -->\t   We recommend moving this block and the preceding CSS link to the HEAD of your HTML file. *\/<!-- [et_pb_line_break_holder] --><\/style>\n<p><!-- [et_pb_line_break_holder] --><\/p>\n<div id=\"mc_embed_signup\"><!-- [et_pb_line_break_holder] -->    <\/p>\n<form action=\"https:\/\/icleicanada.us12.list-manage.com\/subscribe\/post?u=e3cc0564d955ddfa1ae97cb81&#038;id=45fdde9fdb&#038;f_id=008ab0e0f0\" method=\"post\" id=\"mc-embedded-subscribe-form\" name=\"mc-embedded-subscribe-form\" class=\"validate\" target=\"_blank\" novalidate><!-- [et_pb_line_break_holder] -->        <\/p>\n<div id=\"mc_embed_signup_scroll\"><!-- [et_pb_line_break_holder] -->        <\/p>\n<div class=\"indicates-required\"><span class=\"asterisk\">*<\/span> indicates required<\/div>\n<p><!-- [et_pb_line_break_holder] --><\/p>\n<div class=\"mc-field-group\"><!-- [et_pb_line_break_holder] -->\t<label for=\"mce-EMAIL\">Email Address  <span class=\"asterisk\">*<\/span><!-- [et_pb_line_break_holder] --><\/label><!-- [et_pb_line_break_holder] -->\t<input type=\"email\" value=\"\" name=\"EMAIL\" class=\"required email\" id=\"mce-EMAIL\" required><!-- [et_pb_line_break_holder] -->\t<span id=\"mce-EMAIL-HELPERTEXT\" class=\"helper_text\"><\/span><!-- [et_pb_line_break_holder] --><\/div>\n<p><!-- [et_pb_line_break_holder] --><\/p>\n<div class=\"mc-field-group\"><!-- [et_pb_line_break_holder] -->\t<label for=\"mce-FNAME\">First Name  <span class=\"asterisk\">*<\/span><!-- [et_pb_line_break_holder] --><\/label><!-- [et_pb_line_break_holder] -->\t<input type=\"text\" value=\"\" name=\"FNAME\" class=\"required\" id=\"mce-FNAME\" required><!-- [et_pb_line_break_holder] -->\t<span id=\"mce-FNAME-HELPERTEXT\" class=\"helper_text\"><\/span><!-- [et_pb_line_break_holder] --><\/div>\n<p><!-- [et_pb_line_break_holder] --><\/p>\n<div class=\"mc-field-group\"><!-- [et_pb_line_break_holder] -->\t<label for=\"mce-LNAME\">Last Name <\/label><!-- [et_pb_line_break_holder] -->\t<input type=\"text\" value=\"\" name=\"LNAME\" class=\"\" id=\"mce-LNAME\"><!-- [et_pb_line_break_holder] -->\t<span id=\"mce-LNAME-HELPERTEXT\" class=\"helper_text\"><\/span><!-- [et_pb_line_break_holder] --><\/div>\n<p><!-- [et_pb_line_break_holder] --><\/p>\n<div class=\"mc-field-group\"><!-- [et_pb_line_break_holder] -->\t<label for=\"mce-MMERGE6\">Organization <\/label><!-- [et_pb_line_break_holder] -->\t<input type=\"text\" value=\"\" name=\"MMERGE6\" class=\"\" id=\"mce-MMERGE6\"><!-- [et_pb_line_break_holder] -->\t<span id=\"mce-MMERGE6-HELPERTEXT\" class=\"helper_text\"><\/span><!-- [et_pb_line_break_holder] --><\/div>\n<p><!-- [et_pb_line_break_holder] -->\t<\/p>\n<div id=\"mce-responses\" class=\"clear\"><!-- [et_pb_line_break_holder] -->\t\t<\/p>\n<div class=\"response\" id=\"mce-error-response\" style=\"display:none\"><\/div>\n<p><!-- [et_pb_line_break_holder] -->\t\t<\/p>\n<div class=\"response\" id=\"mce-success-response\" style=\"display:none\"><\/div>\n<p><!-- [et_pb_line_break_holder] -->\t<\/div>\n<p>    <!-- real people should not fill this in and expect good things - do not remove this or risk form bot signups--><!-- [et_pb_line_break_holder] -->    <\/p>\n<div style=\"position: absolute; left: -5000px;\" aria-hidden=\"true\"><input type=\"text\" name=\"b_e3cc0564d955ddfa1ae97cb81_45fdde9fdb\" tabindex=\"-1\" value=\"\"><\/div>\n<p><!-- [et_pb_line_break_holder] -->    <\/p>\n<div class=\"clear\"><input type=\"submit\" value=\"Subscribe\" name=\"subscribe\" id=\"mc-embedded-subscribe\" class=\"button\"><\/div>\n<p><!-- [et_pb_line_break_holder] -->    <\/div>\n<p><!-- [et_pb_line_break_holder] --><\/form>\n<p><!-- [et_pb_line_break_holder] --><\/div>\n<p><!-- [et_pb_line_break_holder] --><script type='text\/javascript' src='\/\/s3.amazonaws.com\/downloads.mailchimp.com\/js\/mc-validate.js'><\/script><script type='text\/javascript'>(function($) {window.fnames = new Array(); window.ftypes = new Array();fnames[0]='EMAIL';ftypes[0]='email';fnames[1]='FNAME';ftypes[1]='text';fnames[2]='LNAME';ftypes[2]='text';fnames[3]='ADDRESS';ftypes[3]='address';fnames[4]='PHONE';ftypes[4]='phone';fnames[5]='MMERGE5';ftypes[5]='text';fnames[6]='MMERGE6';ftypes[6]='text';}(jQuery));var $mcj = jQuery.noConflict(true);<\/script>[\/et_pb_code][\/et_pb_column][\/et_pb_row][\/et_pb_section]<\/p>\n","protected":false},"excerpt":{"rendered":"<p>[et_pb_section fb_built=\u00a0\u00bb1&Prime; admin_label=\u00a0\u00bbSplit Section\u00a0\u00bb module_id=\u00a0\u00bbnews\u00a0\u00bb _builder_version=\u00a0\u00bb4.4.0&Prime; custom_margin=\u00a0\u00bb||||false|false\u00a0\u00bb custom_padding=\u00a0\u00bb0px||20px||false|false\u00a0\u00bb animation_style=\u00a0\u00bbfold\u00a0\u00bb animation_direction=\u00a0\u00bbbottom\u00a0\u00bb animation_intensity_fold=\u00a0\u00bb4%\u00a0\u00bb saved_tabs=\u00a0\u00bball\u00a0\u00bb][et_pb_row _builder_version=\u00a0\u00bb4.4.0&Prime; custom_padding=\u00a0\u00bb0px||10px||false|false\u00a0\u00bb][et_pb_column type=\u00a0\u00bb4_4&Prime; _builder_version=\u00a0\u00bb4.4.0&Prime;][et_pb_text _builder_version=\u00a0\u00bb4.4.0&Prime; text_font_size=\u00a0\u00bb11px\u00a0\u00bb text_line_height=\u00a0\u00bb1.4em\u00a0\u00bb max_width=\u00a0\u00bb100%\u00a0\u00bb module_alignment=\u00a0\u00bbcenter\u00a0\u00bb custom_padding=\u00a0\u00bb0px||||false|false\u00a0\u00bb] Cr\u00e9dit photo: Ai, Summer connections, 2022. Collection d&rsquo;art public temporaire de la ville de Mississauga. Photographie de Tori Lambermont. [\/et_pb_text][et_pb_divider color=\u00a0\u00bb#C9E9EB\u00a0\u00bb divider_position=\u00a0\u00bbcenter\u00a0\u00bb divider_weight=\u00a0\u00bb3px\u00a0\u00bb _builder_version=\u00a0\u00bb4.4.0&Prime; custom_margin=\u00a0\u00bb||||false|false\u00a0\u00bb custom_padding=\u00a0\u00bb||||false|false\u00a0\u00bb][\/et_pb_divider][et_pb_text _builder_version=\u00a0\u00bb4.4.0&Prime; header_font_size=\u00a0\u00bb28px\u00a0\u00bb header_line_height=\u00a0\u00bb1.1em\u00a0\u00bb] Tarifs pr\u00e9f\u00e9rentiels du Forum [&hellip;]<\/p>\n","protected":false},"author":18,"featured_media":59030,"comment_status":"closed","ping_status":"closed","sticky":false,"template":"","format":"standard","meta":{"_et_pb_use_builder":"on","_et_pb_old_content":"","_et_gb_content_width":"","footnotes":""},"categories":[93,93],"tags":[],"class_list":["post-59019","post","type-post","status-publish","format-standard","has-post-thumbnail","hentry","category-nouvelles"],"_links":{"self":[{"href":"https:\/\/icleicanada.org\/fr\/wp-json\/wp\/v2\/posts\/59019","targetHints":{"allow":["GET"]}}],"collection":[{"href":"https:\/\/icleicanada.org\/fr\/wp-json\/wp\/v2\/posts"}],"about":[{"href":"https:\/\/icleicanada.org\/fr\/wp-json\/wp\/v2\/types\/post"}],"author":[{"embeddable":true,"href":"https:\/\/icleicanada.org\/fr\/wp-json\/wp\/v2\/users\/18"}],"replies":[{"embeddable":true,"href":"https:\/\/icleicanada.org\/fr\/wp-json\/wp\/v2\/comments?post=59019"}],"version-history":[{"count":13,"href":"https:\/\/icleicanada.org\/fr\/wp-json\/wp\/v2\/posts\/59019\/revisions"}],"predecessor-version":[{"id":59041,"href":"https:\/\/icleicanada.org\/fr\/wp-json\/wp\/v2\/posts\/59019\/revisions\/59041"}],"wp:featuredmedia":[{"embeddable":true,"href":"https:\/\/icleicanada.org\/fr\/wp-json\/wp\/v2\/media\/59030"}],"wp:attachment":[{"href":"https:\/\/icleicanada.org\/fr\/wp-json\/wp\/v2\/media?parent=59019"}],"wp:term":[{"taxonomy":"category","embeddable":true,"href":"https:\/\/icleicanada.org\/fr\/wp-json\/wp\/v2\/categories?post=59019"},{"taxonomy":"post_tag","embeddable":true,"href":"https:\/\/icleicanada.org\/fr\/wp-json\/wp\/v2\/tags?post=59019"}],"curies":[{"name":"wp","href":"https:\/\/api.w.org\/{rel}","templated":true}]}}