{"id":59512,"date":"2023-08-30T11:30:00","date_gmt":"2023-08-30T15:30:00","guid":{"rendered":"https:\/\/icleicanada.org\/?p=59512\/"},"modified":"2023-08-30T12:23:06","modified_gmt":"2023-08-30T16:23:06","slug":"nous-sommes-ravis-dannoncer-les-conferenciers-du-forum-2023","status":"publish","type":"post","link":"https:\/\/icleicanada.org\/fr\/nous-sommes-ravis-dannoncer-les-conferenciers-du-forum-2023\/","title":{"rendered":"Nous sommes ravis d&rsquo;annoncer les conf\u00e9renciers du Forum 2023 !"},"content":{"rendered":"<p>[et_pb_section fb_built=\u00a0\u00bb1&Prime; admin_label=\u00a0\u00bbSplit Section\u00a0\u00bb module_id=\u00a0\u00bbnews\u00a0\u00bb _builder_version=\u00a0\u00bb4.4.0&Prime; custom_margin=\u00a0\u00bb||||false|false\u00a0\u00bb custom_padding=\u00a0\u00bb0px||20px||false|false\u00a0\u00bb animation_style=\u00a0\u00bbfold\u00a0\u00bb animation_direction=\u00a0\u00bbbottom\u00a0\u00bb animation_intensity_fold=\u00a0\u00bb4%\u00a0\u00bb saved_tabs=\u00a0\u00bball\u00a0\u00bb][et_pb_row _builder_version=\u00a0\u00bb4.4.0&Prime; custom_padding=\u00a0\u00bb0px||10px||false|false\u00a0\u00bb][et_pb_column type=\u00a0\u00bb4_4&Prime; _builder_version=\u00a0\u00bb4.4.0&Prime;][et_pb_text _builder_version=\u00a0\u00bb4.4.0&Prime; header_font_size=\u00a0\u00bb28px\u00a0\u00bb header_line_height=\u00a0\u00bb1.1em\u00a0\u00bb custom_padding=\u00a0\u00bb40px||0px||false|false\u00a0\u00bb]<\/p>\n<h1>Renforcez votre r\u00e9seau de soutien<\/h1>\n<p>[\/et_pb_text][et_pb_divider color=\u00a0\u00bb#C9E9EB\u00a0\u00bb divider_position=\u00a0\u00bbcenter\u00a0\u00bb divider_weight=\u00a0\u00bb3px\u00a0\u00bb _builder_version=\u00a0\u00bb4.4.0&Prime; custom_margin=\u00a0\u00bb||||false|false\u00a0\u00bb custom_padding=\u00a0\u00bb0px||||false|false\u00a0\u00bb][\/et_pb_divider][et_pb_text _builder_version=\u00a0\u00bb4.4.0&Prime; header_line_height=\u00a0\u00bb1.4em\u00a0\u00bb header_3_font=\u00a0\u00bb|600|||||||\u00a0\u00bb custom_padding=\u00a0\u00bb||20px||false|false\u00a0\u00bb]<\/p>\n<p>Connectez avec des leaders, des professionnels de l\u2019urbanisme et des acteurs locaux qui sont \u00e9galement dans le parcours de l\u2019action climatique.<br \/>Plus de 80 conf\u00e9renciers vont offrir leurs perspectives, id\u00e9es novatrices et des enseignements tir\u00e9s d\u2019exp\u00e9riences dans les th\u00e8mes du Forum et engager les d\u00e9l\u00e9gu\u00e9s par le biais de dialogues r\u00e9fl\u00e9chis. Chaque s\u00e9ance est sp\u00e9cialement con\u00e7ue pour aller au-del\u00e0 de la simple pr\u00e9sentation et permet l&rsquo;\u00e9mergence de solutions et offre l&rsquo;opportunit\u00e9 de cr\u00e9er des liens. Rencontrez nos conf\u00e9renciers !<\/p>\n<p>[\/et_pb_text][\/et_pb_column][\/et_pb_row][et_pb_row column_structure=\u00a0\u00bb1_4,1_4,1_4,1_4&Prime; _builder_version=\u00a0\u00bb4.4.0&Prime; custom_padding=\u00a0\u00bb0px||0px||false|false\u00a0\u00bb][et_pb_column type=\u00a0\u00bb1_4&Prime; _builder_version=\u00a0\u00bb4.4.0&Prime;][et_pb_team_member name=\u00a0\u00bbFatima Crerar\u00a0\u00bb position=\u00a0\u00bbVice-pr\u00e9sidente, Strat\u00e9gie et partenariats, The Atmospheric Fund (TAF)\u00a0\u00bb image_url=\u00a0\u00bbhttps:\/\/icleicanada.org\/wp-content\/uploads\/2023\/08\/Fatima-Crerar.png\u00a0\u00bb _builder_version=\u00a0\u00bb4.4.0&Prime; max_width=\u00a0\u00bb100%\u00a0\u00bb module_alignment=\u00a0\u00bbcenter\u00a0\u00bb]<\/p>\n<p>Fatima dirige les efforts visant \u00e0 faire progresser la croissance et l&rsquo;efficacit\u00e9 organisationnelles du TAF. Inspir\u00e9e par le pouvoir des gens et arm\u00e9e d&rsquo;une volont\u00e9 de faire avancer les id\u00e9es, Fatima con\u00e7oit et met en \u0153uvre depuis plus de 15 ans des programmes et des strat\u00e9gies qui apportent des avantages sociaux, environnementaux et financiers \u00e0 toutes les \u00e9chelles.<\/p>\n<p>[\/et_pb_team_member][\/et_pb_column][et_pb_column type=\u00a0\u00bb1_4&Prime; _builder_version=\u00a0\u00bb4.4.0&Prime;][et_pb_team_member name=\u00a0\u00bbAngie Daz\u00e9\u00a0\u00bb position=\u00a0\u00bbDirectrice, \u00c9galit\u00e9 des genres et inclusion sociale pour la r\u00e9silience, Institut international du d\u00e9veloppement durable (IIDD)\u00a0\u00bb image_url=\u00a0\u00bbhttps:\/\/icleicanada.org\/wp-content\/uploads\/2023\/08\/Angie-Daze.jpg\u00a0\u00bb _builder_version=\u00a0\u00bb4.4.0&Prime; max_width=\u00a0\u00bb100%\u00a0\u00bb module_alignment=\u00a0\u00bbcenter\u00a0\u00bb]<\/p>\n<p>Angie travaille depuis pr\u00e8s de 20 ans au carrefour de l&rsquo;\u00e9galit\u00e9 des genres et de l&rsquo;adaptation aux changements climatiques. Son travail actuel comprend des \u00e9valuations globales des progr\u00e8s r\u00e9alis\u00e9s en mati\u00e8re de planification de l&rsquo;adaptation sensible au genre et l&rsquo;exploration d&rsquo;approches cr\u00e9atives pour une participation inclusive dans les processus de prise de d\u00e9cision en mati\u00e8re d&rsquo;adaptation.<\/p>\n<p>[\/et_pb_team_member][\/et_pb_column][et_pb_column type=\u00a0\u00bb1_4&Prime; _builder_version=\u00a0\u00bb4.4.0&Prime;][et_pb_team_member name=\u00a0\u00bbMary W. Rowe\u00a0\u00bb position=\u00a0\u00bbPr\u00e9sidente et directrice g\u00e9n\u00e9rale, Institut urbain du Canada\u00a0\u00bb image_url=\u00a0\u00bbhttps:\/\/icleicanada.org\/wp-content\/uploads\/2023\/08\/Mary_Rowe-CUI-2023-scaled.jpg\u00a0\u00bb _builder_version=\u00a0\u00bb4.4.0&Prime; max_width=\u00a0\u00bb100%\u00a0\u00bb module_alignment=\u00a0\u00bbcenter\u00a0\u00bb]<\/p>\n<p>Mary W. Rowe est une d\u00e9fenseure des communaut\u00e9s urbaines de premier plan et une pionni\u00e8re de la soci\u00e9t\u00e9 civile qui a travaill\u00e9 dans des villes et avec des communaut\u00e9s \u00e0 travers le Canada et les \u00c9tats-Unis. Mary contribue fr\u00e9quemment \u00e0 des programmes nationaux et internationaux de d\u00e9veloppement urbain, notamment UN Habitat, le Massey City Summit, The Art of City Building et le Forum urbain mondial. Elle commente souvent les m\u00e9dias et \u00e9crit des articles.<\/p>\n<p>[\/et_pb_team_member][\/et_pb_column][et_pb_column type=\u00a0\u00bb1_4&Prime; _builder_version=\u00a0\u00bb4.4.0&Prime;][et_pb_team_member name=\u00a0\u00bbJean-Patrick Toussaint (he\/him)\u00a0\u00bb position=\u00a0\u00bbDirecteur Principal du Programme Climat, Fondation Familiale Trottier\u00a0\u00bb image_url=\u00a0\u00bbhttps:\/\/icleicanada.org\/wp-content\/uploads\/2023\/08\/JPT.png\u00a0\u00bb _builder_version=\u00a0\u00bb4.4.0&Prime; max_width=\u00a0\u00bb100%\u00a0\u00bb module_alignment=\u00a0\u00bbcenter\u00a0\u00bb]<\/p>\n<p>Biologiste de formation, Jean-Patrick est d\u00e9tenteur d\u2019un doctorat en sciences de l\u2019environnement. Durant sa carri\u00e8re, il a fait de la recherche universitaire et a travaill\u00e9 sur une multitude de dossiers environnementaux avec diverses organisations nationales et internationales. Il est chroniqueur en environnement pour Qu\u00e9bec Science en plus de si\u00e9ger sur diff\u00e9rents comit\u00e9s chez Ouranos, l\u2019Institut Canadien pour des Choix Climatiques, ainsi que l\u2019Avant Garde du CIRANO.<\/p>\n<p>[\/et_pb_team_member][\/et_pb_column][\/et_pb_row][et_pb_row _builder_version=\u00a0\u00bb4.4.0&Prime;][et_pb_column type=\u00a0\u00bb4_4&Prime; _builder_version=\u00a0\u00bb4.4.0&Prime;][et_pb_button button_url=\u00a0\u00bbhttps:\/\/livablecitiesforum.com\/2023-speakers\/\u00a0\u00bb url_new_window=\u00a0\u00bbon\u00a0\u00bb button_text=\u00a0\u00bbRENCONTREZ LES CONF\u00c9RENCIERS \u00a0\u00bb button_alignment=\u00a0\u00bbcenter\u00a0\u00bb _builder_version=\u00a0\u00bb4.4.0&Prime;][\/et_pb_button][et_pb_text _builder_version=\u00a0\u00bb4.4.0&Prime; text_orientation=\u00a0\u00bbcenter\u00a0\u00bb]<\/p>\n<p>(Anglais)<\/p>\n<p>[\/et_pb_text][\/et_pb_column][\/et_pb_row][\/et_pb_section][et_pb_section fb_built=\u00a0\u00bb1&Prime; _builder_version=\u00a0\u00bb4.4.0&Prime; background_color=\u00a0\u00bb#f4f4f4&Prime; custom_padding=\u00a0\u00bb||||false|false\u00a0\u00bb][et_pb_row _builder_version=\u00a0\u00bb4.4.0&Prime; custom_padding=\u00a0\u00bb||0px||false|false\u00a0\u00bb][et_pb_column type=\u00a0\u00bb4_4&Prime; _builder_version=\u00a0\u00bb4.4.0&Prime;][et_pb_text _builder_version=\u00a0\u00bb4.4.0&Prime; header_font_size=\u00a0\u00bb28px\u00a0\u00bb header_line_height=\u00a0\u00bb1.1em\u00a0\u00bb text_orientation=\u00a0\u00bbcenter\u00a0\u00bb]<\/p>\n<h1>Nouvelles sessions au programme<\/h1>\n<p>[\/et_pb_text][et_pb_divider color=\u00a0\u00bb#C9E9EB\u00a0\u00bb divider_position=\u00a0\u00bbcenter\u00a0\u00bb divider_weight=\u00a0\u00bb3px\u00a0\u00bb _builder_version=\u00a0\u00bb4.4.0&Prime; custom_margin=\u00a0\u00bb||||false|false\u00a0\u00bb custom_padding=\u00a0\u00bb||||false|false\u00a0\u00bb][\/et_pb_divider][\/et_pb_column][\/et_pb_row][et_pb_row column_structure=\u00a0\u00bb1_2,1_2&Prime; _builder_version=\u00a0\u00bb4.4.0&Prime; custom_padding=\u00a0\u00bb||0px||false|false\u00a0\u00bb][et_pb_column type=\u00a0\u00bb1_2&Prime; _builder_version=\u00a0\u00bb4.4.0&Prime;][et_pb_image src=\u00a0\u00bbhttps:\/\/icleicanada.org\/wp-content\/uploads\/2023\/08\/Mailchimp-Images-LCF-2023.png\u00a0\u00bb url=\u00a0\u00bbhttps:\/\/livablecitiesforum.com\/programme-2023\/?lang=fr\u00a0\u00bb url_new_window=\u00a0\u00bbon\u00a0\u00bb _builder_version=\u00a0\u00bb4.4.0&Prime;][\/et_pb_image][et_pb_text _builder_version=\u00a0\u00bb4.4.0&Prime; header_line_height=\u00a0\u00bb1.4em\u00a0\u00bb header_3_font=\u00a0\u00bb|600|||||||\u00a0\u00bb header_4_line_height=\u00a0\u00bb1.1em\u00a0\u00bb custom_padding=\u00a0\u00bb||20px||false|false\u00a0\u00bb header_4_font_size_tablet=\u00a0\u00bb\u00a0\u00bb header_4_font_size_phone=\u00a0\u00bb\u00a0\u00bb header_4_font_size_last_edited=\u00a0\u00bbon|phone\u00a0\u00bb]<\/p>\n<h4>Avons-nous fait connaissance ? Rencontrez les fournisseurs de services climatiques canadiens\u00a0<\/h4>\n<p>Le Canada poss\u00e8de un r\u00e9seau de fournisseurs de services climatiques qui travaillent \u00e0 l&rsquo;\u00e9chelle nationale et r\u00e9gionale pour aider les d\u00e9cideurs \u00e0 renforcer la r\u00e9silience face aux impacts actuels et futurs des changements climatiques. Au cours de cette session, vous ferez connaissance avec des fournisseurs de services climatiques de tout le pays et aurez l&rsquo;occasion de poser des questions, vous renseigner sur les ressources et le soutien qu\u2019ils peuvent offrir \u00e0 votre travail local.<\/p>\n<p>[\/et_pb_text][\/et_pb_column][et_pb_column type=\u00a0\u00bb1_2&Prime; _builder_version=\u00a0\u00bb4.4.0&Prime;][et_pb_image src=\u00a0\u00bbhttps:\/\/icleicanada.org\/wp-content\/uploads\/2023\/08\/Mailchimp-Images-LCF-2023-1.png\u00a0\u00bb url=\u00a0\u00bbhttps:\/\/livablecitiesforum.com\/programme-2023\/?lang=fr\u00a0\u00bb url_new_window=\u00a0\u00bbon\u00a0\u00bb _builder_version=\u00a0\u00bb4.4.0&Prime;][\/et_pb_image][et_pb_text _builder_version=\u00a0\u00bb4.4.0&Prime; header_line_height=\u00a0\u00bb1.4em\u00a0\u00bb header_3_font=\u00a0\u00bb|600|||||||\u00a0\u00bb header_4_line_height=\u00a0\u00bb1.1em\u00a0\u00bb custom_padding=\u00a0\u00bb||20px||false|false\u00a0\u00bb header_4_font_size_tablet=\u00a0\u00bb\u00a0\u00bb header_4_font_size_phone=\u00a0\u00bb\u00a0\u00bb header_4_font_size_last_edited=\u00a0\u00bbon|phone\u00a0\u00bb]<\/p>\n<h4>Atelier : Aidez \u00e0 fa\u00e7onner la nouvelle trousse d&rsquo;outils sur le climat et les services de soutien d&rsquo;Infrastructure Canada<\/h4>\n<p>Appel \u00e0 tous les praticiens en infrastructures ! Partagez vos connaissances, votre expertise et vos exp\u00e9riences en mati\u00e8re de planification et de mise en \u0153uvre de projets d&rsquo;infrastructures r\u00e9silientes sobre en carbone carbone pour aider \u00e0 fa\u00e7onner la nouvelle trousse d&rsquo;outils sur le climat et les services de soutien d&rsquo;Infrastructure Canada. Les meilleurs outils et ressources pr\u00e9sentement disponibles seront \u00e9galement discut\u00e9s et il sera possible d\u2019en identifier les lacunes afin de guider la cr\u00e9ation de nouvelles connaissances et la mobilisation de fonds.<\/p>\n<p>[\/et_pb_text][\/et_pb_column][\/et_pb_row][et_pb_row _builder_version=\u00a0\u00bb4.4.0&Prime; custom_padding=\u00a0\u00bb10px||0px||false|false\u00a0\u00bb][et_pb_column type=\u00a0\u00bb4_4&Prime; _builder_version=\u00a0\u00bb4.4.0&Prime;][et_pb_button button_url=\u00a0\u00bbhttps:\/\/livablecitiesforum.com\/programme-2023\/?lang=fr\u00a0\u00bb url_new_window=\u00a0\u00bbon\u00a0\u00bb button_text=\u00a0\u00bbVoir le programme\u00a0\u00bb button_alignment=\u00a0\u00bbcenter\u00a0\u00bb _builder_version=\u00a0\u00bb4.4.0&Prime;][\/et_pb_button][\/et_pb_column][\/et_pb_row][\/et_pb_section][et_pb_section fb_built=\u00a0\u00bb1&Prime; _builder_version=\u00a0\u00bb4.4.0&Prime; background_color=\u00a0\u00bb#9FDDE4&Prime; custom_padding=\u00a0\u00bb80px||||false|false\u00a0\u00bb][et_pb_row _builder_version=\u00a0\u00bb4.4.0&Prime; custom_padding=\u00a0\u00bb||||false|false\u00a0\u00bb][et_pb_column type=\u00a0\u00bb4_4&Prime; _builder_version=\u00a0\u00bb4.4.0&Prime;][et_pb_text _builder_version=\u00a0\u00bb4.4.0&Prime; header_font_size=\u00a0\u00bb28px\u00a0\u00bb header_line_height=\u00a0\u00bb1.1em\u00a0\u00bb text_orientation=\u00a0\u00bbcenter\u00a0\u00bb hover_enabled=\u00a0\u00bb0&Prime;]<\/p>\n<h1>Nous sommes \u00e0 moins d&rsquo;un mois du Forum !<\/h1>\n<p>[\/et_pb_text][et_pb_divider color=\u00a0\u00bb#C9E9EB\u00a0\u00bb divider_position=\u00a0\u00bbcenter\u00a0\u00bb divider_weight=\u00a0\u00bb3px\u00a0\u00bb _builder_version=\u00a0\u00bb4.4.0&Prime; custom_margin=\u00a0\u00bb||||false|false\u00a0\u00bb custom_padding=\u00a0\u00bb||||false|false\u00a0\u00bb][\/et_pb_divider][et_pb_text _builder_version=\u00a0\u00bb4.4.0&Prime;]<\/p>\n<p>Le Forum approche \u00e0 grands pas et nous sommes impatients d&rsquo;accueillir les d\u00e9l\u00e9gu\u00e9s \u00e0 Mississauga, Ontario. Rejoignez-nous ! Les inscriptions sont ouvertes jusqu&rsquo;au vendredi 22 septembre.<\/p>\n<p>[\/et_pb_text][\/et_pb_column][\/et_pb_row][et_pb_row _builder_version=\u00a0\u00bb4.4.0&Prime; custom_padding=\u00a0\u00bb10px||0px||false|false\u00a0\u00bb][et_pb_column type=\u00a0\u00bb4_4&Prime; _builder_version=\u00a0\u00bb4.4.0&Prime;][et_pb_button button_url=\u00a0\u00bbhttps:\/\/livablecitiesforum.com\/inscription\/?lang=fr\u00a0\u00bb url_new_window=\u00a0\u00bbon\u00a0\u00bb button_text=\u00a0\u00bbS&rsquo;INSCRIRE\u00a0\u00bb button_alignment=\u00a0\u00bbcenter\u00a0\u00bb _builder_version=\u00a0\u00bb4.4.0&Prime;][\/et_pb_button][\/et_pb_column][\/et_pb_row][\/et_pb_section][et_pb_section fb_built=\u00a0\u00bb1&Prime; _builder_version=\u00a0\u00bb4.4.0&Prime; custom_padding=\u00a0\u00bb20px||||false|false\u00a0\u00bb][et_pb_row _builder_version=\u00a0\u00bb4.4.0&Prime; custom_padding=\u00a0\u00bb0px||||false|false\u00a0\u00bb][et_pb_column type=\u00a0\u00bb4_4&Prime; _builder_version=\u00a0\u00bb4.4.0&Prime;][et_pb_divider color=\u00a0\u00bb#C9E9EB\u00a0\u00bb divider_position=\u00a0\u00bbcenter\u00a0\u00bb divider_weight=\u00a0\u00bb3px\u00a0\u00bb _builder_version=\u00a0\u00bb4.4.0&Prime; custom_margin=\u00a0\u00bb||||false|false\u00a0\u00bb custom_padding=\u00a0\u00bb||||false|false\u00a0\u00bb][\/et_pb_divider][et_pb_image src=\u00a0\u00bbhttps:\/\/icleicanada.org\/wp-content\/uploads\/2023\/03\/LCF-2023-Partner-Logos-Mailchimp-Image.png\u00a0\u00bb url=\u00a0\u00bbhttps:\/\/livablecitiesforum.com\/?lang=fr\u00a0\u00bb url_new_window=\u00a0\u00bbon\u00a0\u00bb _builder_version=\u00a0\u00bb4.4.0&Prime;][\/et_pb_image][et_pb_text _builder_version=\u00a0\u00bb4.4.0&Prime; header_text_align=\u00a0\u00bbcenter\u00a0\u00bb header_line_height=\u00a0\u00bb1.4em\u00a0\u00bb header_3_font=\u00a0\u00bb|600|||||||\u00a0\u00bb header_3_text_align=\u00a0\u00bbcenter\u00a0\u00bb header_3_line_height=\u00a0\u00bb1.1em\u00a0\u00bb header_4_font=\u00a0\u00bb|600|||||||\u00a0\u00bb header_4_text_align=\u00a0\u00bbcenter\u00a0\u00bb header_4_line_height=\u00a0\u00bb1.2em\u00a0\u00bb max_width=\u00a0\u00bb100%\u00a0\u00bb module_alignment=\u00a0\u00bbcenter\u00a0\u00bb]<\/p>\n<p>Le Forum Villes viables 2023 est organis\u00e9 par la Ville de Mississauga, en partenariat avec ICLEI Canada et l\u2019Institut Urbain du Canada, et est commandit\u00e9 par Co-operators.<\/p>\n<p>[\/et_pb_text][\/et_pb_column][\/et_pb_row][\/et_pb_section][et_pb_section fb_built=\u00a0\u00bb1&Prime; admin_label=\u00a0\u00bbFooter\u00a0\u00bb _builder_version=\u00a0\u00bb4.4.0&Prime; background_color=\u00a0\u00bb#00646c\u00a0\u00bb background_enable_image=\u00a0\u00bboff\u00a0\u00bb custom_padding=\u00a0\u00bb86px||90px||false|false\u00a0\u00bb global_module=\u00a0\u00bb57871&Prime; saved_tabs=\u00a0\u00bball\u00a0\u00bb][et_pb_row column_structure=\u00a0\u00bb1_3,2_3&Prime; use_custom_gutter=\u00a0\u00bbon\u00a0\u00bb make_equal=\u00a0\u00bbon\u00a0\u00bb _builder_version=\u00a0\u00bb3.25&Prime; background_size=\u00a0\u00bbinitial\u00a0\u00bb background_position=\u00a0\u00bbtop_left\u00a0\u00bb background_repeat=\u00a0\u00bbrepeat\u00a0\u00bb custom_padding=\u00a0\u00bb|||\u00a0\u00bb][et_pb_column type=\u00a0\u00bb1_3&Prime; _builder_version=\u00a0\u00bb3.25&Prime; background_color=\u00a0\u00bb#ffffff\u00a0\u00bb background_position=\u00a0\u00bbtop_left\u00a0\u00bb custom_padding=\u00a0\u00bb50px|40px|50px|40px\u00a0\u00bb custom_padding__hover=\u00a0\u00bb|||\u00a0\u00bb][et_pb_text admin_label=\u00a0\u00bbContact US Title\u00a0\u00bb _builder_version=\u00a0\u00bb4.4.0&Prime; text_font_size=\u00a0\u00bb16px\u00a0\u00bb header_font=\u00a0\u00bbMontserrat||||\u00a0\u00bb header_text_color=\u00a0\u00bb#1f1f1f\u00a0\u00bb header_font_size=\u00a0\u00bb22px\u00a0\u00bb custom_padding=\u00a0\u00bb0px|0px|0px|0px\u00a0\u00bb animation_style=\u00a0\u00bbfold\u00a0\u00bb animation_direction=\u00a0\u00bbbottom\u00a0\u00bb animation_intensity_fold=\u00a0\u00bb20%\u00a0\u00bb]<\/p>\n<div class=\"et_pb_module et_pb_text et_pb_text_11 et_pb_text_align_left et_pb_bg_layout_light et_had_animation\">\n<div class=\"et_pb_text_inner\">\n<h1>Nous joindre<\/h1>\n<\/div>\n<\/div>\n<p style=\"text-align: center;\">[\/et_pb_text][et_pb_text admin_label=\u00a0\u00bbContact US Text\u00a0\u00bb _builder_version=\u00a0\u00bb4.4.0&Prime; text_font=\u00a0\u00bb|300|||||||\u00a0\u00bb text_font_size=\u00a0\u00bb16px\u00a0\u00bb text_line_height=\u00a0\u00bb1.8em\u00a0\u00bb header_font=\u00a0\u00bb||||||||\u00a0\u00bb header_text_color=\u00a0\u00bb#1f1f1f\u00a0\u00bb custom_margin=\u00a0\u00bb20px||40px|\u00a0\u00bb custom_padding=\u00a0\u00bb0px|0px|0px|0px\u00a0\u00bb animation_style=\u00a0\u00bbfold\u00a0\u00bb animation_direction=\u00a0\u00bbbottom\u00a0\u00bb animation_intensity_fold=\u00a0\u00bb20%\u00a0\u00bb]<\/p>\n<p>Communiquez avec nous pour en apprendre davantage au sujet de notre r\u00e9seau, de nos services et de nos \u00e9v\u00e9nements.<\/p>\n<p style=\"text-align: center;\">[\/et_pb_text][et_pb_blurb title=\u00a0\u00bbICLEI Canada \u00a0\u00bb use_icon=\u00a0\u00bbon\u00a0\u00bb font_icon=\u00a0\u00bb%%249%%\u00a0\u00bb icon_placement=\u00a0\u00bbleft\u00a0\u00bb use_icon_font_size=\u00a0\u00bbon\u00a0\u00bb icon_font_size=\u00a0\u00bb28px\u00a0\u00bb icon_font_size_last_edited=\u00a0\u00bboff|desktop\u00a0\u00bb admin_label=\u00a0\u00bbAddress\u00a0\u00bb _builder_version=\u00a0\u00bb4.4.0&Prime; header_font=\u00a0\u00bb|300|||||||\u00a0\u00bb header_font_size=\u00a0\u00bb17px\u00a0\u00bb body_font=\u00a0\u00bb|300|||||||\u00a0\u00bb body_font_size=\u00a0\u00bb15px\u00a0\u00bb custom_margin=\u00a0\u00bb|||\u00a0\u00bb animation_style=\u00a0\u00bbfold\u00a0\u00bb animation_direction=\u00a0\u00bbbottom\u00a0\u00bb animation_intensity_fold=\u00a0\u00bb20%\u00a0\u00bb]<\/p>\n<p>401 Richmond St W (Suite 204)<br \/> Toronto, ON M5V 3A8<\/p>\n<p style=\"text-align: center;\">[\/et_pb_blurb][et_pb_blurb use_icon=\u00a0\u00bbon\u00a0\u00bb font_icon=\u00a0\u00bb%%238%%\u00a0\u00bb icon_placement=\u00a0\u00bbleft\u00a0\u00bb use_icon_font_size=\u00a0\u00bbon\u00a0\u00bb icon_font_size=\u00a0\u00bb28px\u00a0\u00bb icon_font_size_last_edited=\u00a0\u00bboff|desktop\u00a0\u00bb admin_label=\u00a0\u00bbEmail\u00a0\u00bb _builder_version=\u00a0\u00bb4.4.0&Prime; body_font=\u00a0\u00bb|300|||||||\u00a0\u00bb body_font_size=\u00a0\u00bb16px\u00a0\u00bb custom_margin=\u00a0\u00bb|||\u00a0\u00bb animation_style=\u00a0\u00bbfold\u00a0\u00bb animation_direction=\u00a0\u00bbbottom\u00a0\u00bb animation_intensity_fold=\u00a0\u00bb20%\u00a0\u00bb]iclei-canada@iclei.org<\/p>\n<p style=\"text-align: center;\">[\/et_pb_blurb][et_pb_social_media_follow admin_label=\u00a0\u00bbFacebook\u00a0\u00bb _builder_version=\u00a0\u00bb4.4.0&Prime; text_orientation=\u00a0\u00bbcenter\u00a0\u00bb custom_margin=\u00a0\u00bb|||\u00a0\u00bb border_radii=\u00a0\u00bbon|100%|100%|100%|100%\u00a0\u00bb link_shape=\u00a0\u00bbcircle\u00a0\u00bb][et_pb_social_media_follow_network social_network=\u00a0\u00bbtwitter\u00a0\u00bb url=\u00a0\u00bbhttps:\/\/twitter.com\/ICLEI_Canada\u00a0\u00bb _builder_version=\u00a0\u00bb4.4.0&Prime; background_color=\u00a0\u00bb#c1c1c1&Prime; custom_margin=\u00a0\u00bb|10px||\u00a0\u00bb bg_color=\u00a0\u00bb#00aced\u00a0\u00bb link_shape=\u00a0\u00bbcircle\u00a0\u00bb follow_button=\u00a0\u00bboff\u00a0\u00bb url_new_window=\u00a0\u00bbon\u00a0\u00bb]twitter[\/et_pb_social_media_follow_network][et_pb_social_media_follow_network social_network=\u00a0\u00bblinkedin\u00a0\u00bb url=\u00a0\u00bbhttps:\/\/www.linkedin.com\/company\/iclei-canada\/\u00a0\u00bb _builder_version=\u00a0\u00bb4.4.0&Prime; background_color=\u00a0\u00bb#c1c1c1&Prime; custom_margin=\u00a0\u00bb|0px||\u00a0\u00bb bg_color=\u00a0\u00bb#007bb6&Prime; link_shape=\u00a0\u00bbcircle\u00a0\u00bb follow_button=\u00a0\u00bboff\u00a0\u00bb url_new_window=\u00a0\u00bbon\u00a0\u00bb]linkedin[\/et_pb_social_media_follow_network][\/et_pb_social_media_follow][et_pb_social_media_follow _builder_version=\u00a0\u00bb3.0.87&Prime;][\/et_pb_social_media_follow][\/et_pb_column][et_pb_column type=\u00a0\u00bb2_3&Prime; _builder_version=\u00a0\u00bb3.25&Prime; background_color=\u00a0\u00bb#ffffff\u00a0\u00bb background_position=\u00a0\u00bbtop_left\u00a0\u00bb custom_padding=\u00a0\u00bb50px|40px|50px|40px\u00a0\u00bb custom_padding__hover=\u00a0\u00bb|||\u00a0\u00bb][et_pb_text admin_label=\u00a0\u00bbContact US Title\u00a0\u00bb _builder_version=\u00a0\u00bb4.4.0&Prime; text_font_size=\u00a0\u00bb16px\u00a0\u00bb header_font=\u00a0\u00bbMontserrat||||\u00a0\u00bb header_text_color=\u00a0\u00bb#1f1f1f\u00a0\u00bb header_font_size=\u00a0\u00bb22px\u00a0\u00bb custom_padding=\u00a0\u00bb0px|0px|0px|0px\u00a0\u00bb animation_style=\u00a0\u00bbfold\u00a0\u00bb animation_direction=\u00a0\u00bbbottom\u00a0\u00bb animation_intensity_fold=\u00a0\u00bb20%\u00a0\u00bb]<\/p>\n<h1>Inscrivez-vous \u00e0 notre liste de diffusion<\/h1>\n<p style=\"text-align: center;\">[\/et_pb_text][et_pb_code _builder_version=\u00a0\u00bb4.4.0&Prime;]<!-- Begin Mailchimp Signup Form --><!-- [et_pb_line_break_holder] --><link href=\"\/\/cdn-images.mailchimp.com\/embedcode\/classic-071822.css\" rel=\"stylesheet\" type=\"text\/css\"><!-- [et_pb_line_break_holder] --><\/p>\n<style type=\"text\/css\"><!-- [et_pb_line_break_holder] -->\t#mc_embed_signup{background:#fff; clear:left; font:14px Helvetica,Arial,sans-serif; }<!-- [et_pb_line_break_holder] -->\t\/* Add your own Mailchimp form style overrides in your site stylesheet or in this style block.<!-- [et_pb_line_break_holder] -->\t   We recommend moving this block and the preceding CSS link to the HEAD of your HTML file. *\/<!-- [et_pb_line_break_holder] --><\/style>\n<p><!-- [et_pb_line_break_holder] --><\/p>\n<div id=\"mc_embed_signup\"><!-- [et_pb_line_break_holder] -->    <\/p>\n<form action=\"https:\/\/icleicanada.us12.list-manage.com\/subscribe\/post?u=e3cc0564d955ddfa1ae97cb81&#038;id=45fdde9fdb&#038;f_id=008ab0e0f0\" method=\"post\" id=\"mc-embedded-subscribe-form\" name=\"mc-embedded-subscribe-form\" class=\"validate\" target=\"_blank\" novalidate><!-- [et_pb_line_break_holder] -->        <\/p>\n<div id=\"mc_embed_signup_scroll\"><!-- [et_pb_line_break_holder] -->        <\/p>\n<div class=\"indicates-required\"><span class=\"asterisk\">*<\/span> indicates required<\/div>\n<p><!-- [et_pb_line_break_holder] --><\/p>\n<div class=\"mc-field-group\"><!-- [et_pb_line_break_holder] -->\t<label for=\"mce-EMAIL\">Email Address  <span class=\"asterisk\">*<\/span><!-- [et_pb_line_break_holder] --><\/label><!-- [et_pb_line_break_holder] -->\t<input type=\"email\" value=\"\" name=\"EMAIL\" class=\"required email\" id=\"mce-EMAIL\" required><!-- [et_pb_line_break_holder] -->\t<span id=\"mce-EMAIL-HELPERTEXT\" class=\"helper_text\"><\/span><!-- [et_pb_line_break_holder] --><\/div>\n<p><!-- [et_pb_line_break_holder] --><\/p>\n<div class=\"mc-field-group\"><!-- [et_pb_line_break_holder] -->\t<label for=\"mce-FNAME\">First Name  <span class=\"asterisk\">*<\/span><!-- [et_pb_line_break_holder] --><\/label><!-- [et_pb_line_break_holder] -->\t<input type=\"text\" value=\"\" name=\"FNAME\" class=\"required\" id=\"mce-FNAME\" required><!-- [et_pb_line_break_holder] -->\t<span id=\"mce-FNAME-HELPERTEXT\" class=\"helper_text\"><\/span><!-- [et_pb_line_break_holder] --><\/div>\n<p><!-- [et_pb_line_break_holder] --><\/p>\n<div class=\"mc-field-group\"><!-- [et_pb_line_break_holder] -->\t<label for=\"mce-LNAME\">Last Name <\/label><!-- [et_pb_line_break_holder] -->\t<input type=\"text\" value=\"\" name=\"LNAME\" class=\"\" id=\"mce-LNAME\"><!-- [et_pb_line_break_holder] -->\t<span id=\"mce-LNAME-HELPERTEXT\" class=\"helper_text\"><\/span><!-- [et_pb_line_break_holder] --><\/div>\n<p><!-- [et_pb_line_break_holder] --><\/p>\n<div class=\"mc-field-group\"><!-- [et_pb_line_break_holder] -->\t<label for=\"mce-MMERGE6\">Organization <\/label><!-- [et_pb_line_break_holder] -->\t<input type=\"text\" value=\"\" name=\"MMERGE6\" class=\"\" id=\"mce-MMERGE6\"><!-- [et_pb_line_break_holder] -->\t<span id=\"mce-MMERGE6-HELPERTEXT\" class=\"helper_text\"><\/span><!-- [et_pb_line_break_holder] --><\/div>\n<p><!-- [et_pb_line_break_holder] -->\t<\/p>\n<div id=\"mce-responses\" class=\"clear\"><!-- [et_pb_line_break_holder] -->\t\t<\/p>\n<div class=\"response\" id=\"mce-error-response\" style=\"display:none\"><\/div>\n<p><!-- [et_pb_line_break_holder] -->\t\t<\/p>\n<div class=\"response\" id=\"mce-success-response\" style=\"display:none\"><\/div>\n<p><!-- [et_pb_line_break_holder] -->\t<\/div>\n<p>    <!-- real people should not fill this in and expect good things - do not remove this or risk form bot signups--><!-- [et_pb_line_break_holder] -->    <\/p>\n<div style=\"position: absolute; left: -5000px;\" aria-hidden=\"true\"><input type=\"text\" name=\"b_e3cc0564d955ddfa1ae97cb81_45fdde9fdb\" tabindex=\"-1\" value=\"\"><\/div>\n<p><!-- [et_pb_line_break_holder] -->    <\/p>\n<div class=\"clear\"><input type=\"submit\" value=\"Subscribe\" name=\"subscribe\" id=\"mc-embedded-subscribe\" class=\"button\"><\/div>\n<p><!-- [et_pb_line_break_holder] -->    <\/div>\n<p><!-- [et_pb_line_break_holder] --><\/form>\n<p><!-- [et_pb_line_break_holder] --><\/div>\n<p><!-- [et_pb_line_break_holder] --><script type='text\/javascript' src='\/\/s3.amazonaws.com\/downloads.mailchimp.com\/js\/mc-validate.js'><\/script><script type='text\/javascript'>(function($) {window.fnames = new Array(); window.ftypes = new Array();fnames[0]='EMAIL';ftypes[0]='email';fnames[1]='FNAME';ftypes[1]='text';fnames[2]='LNAME';ftypes[2]='text';fnames[3]='ADDRESS';ftypes[3]='address';fnames[4]='PHONE';ftypes[4]='phone';fnames[5]='MMERGE5';ftypes[5]='text';fnames[6]='MMERGE6';ftypes[6]='text';}(jQuery));var $mcj = jQuery.noConflict(true);<\/script>[\/et_pb_code][\/et_pb_column][\/et_pb_row][\/et_pb_section]<\/p>\n","protected":false},"excerpt":{"rendered":"<p>[et_pb_section fb_built=\u00a0\u00bb1&Prime; admin_label=\u00a0\u00bbSplit Section\u00a0\u00bb module_id=\u00a0\u00bbnews\u00a0\u00bb _builder_version=\u00a0\u00bb4.4.0&Prime; custom_margin=\u00a0\u00bb||||false|false\u00a0\u00bb custom_padding=\u00a0\u00bb0px||20px||false|false\u00a0\u00bb animation_style=\u00a0\u00bbfold\u00a0\u00bb animation_direction=\u00a0\u00bbbottom\u00a0\u00bb animation_intensity_fold=\u00a0\u00bb4%\u00a0\u00bb saved_tabs=\u00a0\u00bball\u00a0\u00bb][et_pb_row _builder_version=\u00a0\u00bb4.4.0&Prime; custom_padding=\u00a0\u00bb0px||10px||false|false\u00a0\u00bb][et_pb_column type=\u00a0\u00bb4_4&Prime; _builder_version=\u00a0\u00bb4.4.0&Prime;][et_pb_text _builder_version=\u00a0\u00bb4.4.0&Prime; header_font_size=\u00a0\u00bb28px\u00a0\u00bb header_line_height=\u00a0\u00bb1.1em\u00a0\u00bb custom_padding=\u00a0\u00bb40px||0px||false|false\u00a0\u00bb] Renforcez votre r\u00e9seau de soutien [\/et_pb_text][et_pb_divider color=\u00a0\u00bb#C9E9EB\u00a0\u00bb divider_position=\u00a0\u00bbcenter\u00a0\u00bb divider_weight=\u00a0\u00bb3px\u00a0\u00bb _builder_version=\u00a0\u00bb4.4.0&Prime; custom_margin=\u00a0\u00bb||||false|false\u00a0\u00bb custom_padding=\u00a0\u00bb0px||||false|false\u00a0\u00bb][\/et_pb_divider][et_pb_text _builder_version=\u00a0\u00bb4.4.0&Prime; header_line_height=\u00a0\u00bb1.4em\u00a0\u00bb header_3_font=\u00a0\u00bb|600|||||||\u00a0\u00bb custom_padding=\u00a0\u00bb||20px||false|false\u00a0\u00bb] Connectez avec des leaders, des professionnels de l\u2019urbanisme et des acteurs locaux qui sont \u00e9galement dans le parcours de [&hellip;]<\/p>\n","protected":false},"author":18,"featured_media":59513,"comment_status":"closed","ping_status":"closed","sticky":false,"template":"","format":"standard","meta":{"_et_pb_use_builder":"on","_et_pb_old_content":"","_et_gb_content_width":"","footnotes":""},"categories":[93],"tags":[],"class_list":["post-59512","post","type-post","status-publish","format-standard","has-post-thumbnail","hentry","category-nouvelles"],"_links":{"self":[{"href":"https:\/\/icleicanada.org\/fr\/wp-json\/wp\/v2\/posts\/59512","targetHints":{"allow":["GET"]}}],"collection":[{"href":"https:\/\/icleicanada.org\/fr\/wp-json\/wp\/v2\/posts"}],"about":[{"href":"https:\/\/icleicanada.org\/fr\/wp-json\/wp\/v2\/types\/post"}],"author":[{"embeddable":true,"href":"https:\/\/icleicanada.org\/fr\/wp-json\/wp\/v2\/users\/18"}],"replies":[{"embeddable":true,"href":"https:\/\/icleicanada.org\/fr\/wp-json\/wp\/v2\/comments?post=59512"}],"version-history":[{"count":5,"href":"https:\/\/icleicanada.org\/fr\/wp-json\/wp\/v2\/posts\/59512\/revisions"}],"predecessor-version":[{"id":59528,"href":"https:\/\/icleicanada.org\/fr\/wp-json\/wp\/v2\/posts\/59512\/revisions\/59528"}],"wp:featuredmedia":[{"embeddable":true,"href":"https:\/\/icleicanada.org\/fr\/wp-json\/wp\/v2\/media\/59513"}],"wp:attachment":[{"href":"https:\/\/icleicanada.org\/fr\/wp-json\/wp\/v2\/media?parent=59512"}],"wp:term":[{"taxonomy":"category","embeddable":true,"href":"https:\/\/icleicanada.org\/fr\/wp-json\/wp\/v2\/categories?post=59512"},{"taxonomy":"post_tag","embeddable":true,"href":"https:\/\/icleicanada.org\/fr\/wp-json\/wp\/v2\/tags?post=59512"}],"curies":[{"name":"wp","href":"https:\/\/api.w.org\/{rel}","templated":true}]}}