{"id":63694,"date":"2025-09-24T09:00:34","date_gmt":"2025-09-24T13:00:34","guid":{"rendered":"https:\/\/icleicanada.org\/?p=63694\/"},"modified":"2025-11-05T09:29:35","modified_gmt":"2025-11-05T14:29:35","slug":"adaptation-canada-est-de-retour","status":"publish","type":"post","link":"https:\/\/icleicanada.org\/fr\/adaptation-canada-est-de-retour\/","title":{"rendered":"La Conf\u00e9rence nationale sur l\u2019Adaptation aux changements climatiques du Canada"},"content":{"rendered":"<p>[et_pb_section fb_built=\u00a0\u00bb1&Prime; admin_label=\u00a0\u00bbSplit Section\u00a0\u00bb module_id=\u00a0\u00bbnews\u00a0\u00bb _builder_version=\u00a0\u00bb4.4.0&Prime; max_width=\u00a0\u00bb76%\u00a0\u00bb module_alignment=\u00a0\u00bbcenter\u00a0\u00bb custom_margin=\u00a0\u00bb||||false|false\u00a0\u00bb custom_padding=\u00a0\u00bb0px||20px||false|false\u00a0\u00bb animation_style=\u00a0\u00bbfold\u00a0\u00bb animation_direction=\u00a0\u00bbbottom\u00a0\u00bb animation_intensity_fold=\u00a0\u00bb4%\u00a0\u00bb saved_tabs=\u00a0\u00bball\u00a0\u00bb][et_pb_row _builder_version=\u00a0\u00bb4.4.0&Prime; custom_margin=\u00a0\u00bb||0px||false|false\u00a0\u00bb custom_padding=\u00a0\u00bb||0px||false|false\u00a0\u00bb][et_pb_column type=\u00a0\u00bb4_4&Prime; _builder_version=\u00a0\u00bb4.4.0&Prime;][et_pb_text _builder_version=\u00a0\u00bb4.4.0&Prime; header_font_size=\u00a0\u00bb36px\u00a0\u00bb header_line_height=\u00a0\u00bb1.4em\u00a0\u00bb header_font_size_tablet=\u00a0\u00bb\u00a0\u00bb header_font_size_phone=\u00a0\u00bb26px\u00a0\u00bb header_font_size_last_edited=\u00a0\u00bbon|phone\u00a0\u00bb]<\/p>\n<h1>La Conf\u00e9rence nationale sur l\u2019Adaptation aux changements climatiques du Canada revient en 2026<\/h1>\n<p>[\/et_pb_text][et_pb_text _builder_version=\u00a0\u00bb4.4.0&Prime; header_font_size=\u00a0\u00bb32px\u00a0\u00bb header_line_height=\u00a0\u00bb1.4em\u00a0\u00bb header_2_line_height=\u00a0\u00bb1.4em\u00a0\u00bb header_3_font=\u00a0\u00bb|600|||||||\u00a0\u00bb header_3_line_height=\u00a0\u00bb1.4em\u00a0\u00bb custom_padding=\u00a0\u00bb||0px||false|false\u00a0\u00bb link_option_url_new_window=\u00a0\u00bbon\u00a0\u00bb header_2_font_size_tablet=\u00a0\u00bb22px\u00a0\u00bb header_2_font_size_phone=\u00a0\u00bb23px\u00a0\u00bb header_2_font_size_last_edited=\u00a0\u00bbon|phone\u00a0\u00bb header_3_font_size_tablet=\u00a0\u00bb\u00a0\u00bb header_3_font_size_phone=\u00a0\u00bb\u00a0\u00bb header_3_font_size_last_edited=\u00a0\u00bbon|phone\u00a0\u00bb]<\/p>\n<h2>Adaptation Canada 2026 r\u00e9unira plus de 1000 dirigeants de tous les secteurs et de toutes les r\u00e9gions, du 22 au 24 septembre 2026.<\/h2>\n<p>La conf\u00e9rence nationale canadienne sur l\u2019adaptation aux changements climatiques aura lieu \u00e0 Toronto l\u2019automne prochain, du 22 au 24 septembre 2026. S\u2019appuyant sur l\u2019\u00e9lan des \u00e9ditions pr\u00e9c\u00e9dentes, <a href=\"https:\/\/adaptationcanada2026.ca\/?lang=fr\" target=\"_blank\" rel=\"noopener noreferrer\">Adaptation Canada 2026<\/a> r\u00e9unira plus de 1000 participants issus de divers secteurs et collectivit\u00e9s afin de faire progresser les efforts du Canada en mati\u00e8re de r\u00e9silience climatique.<\/p>\n<blockquote>\n<p>\u00ab La <a href=\"https:\/\/www.canada.ca\/fr\/services\/environnement\/meteo\/changementsclimatiques\/plan-climatique\/strategie-nationale-adaptation\/strategie-complete.html\" target=\"_blank\" rel=\"noopener noreferrer\">Strat\u00e9gie Nationale d\u2019Adaptation du Canada<\/a> est essentielle pour assurer la r\u00e9silience climatique, nous permettant ainsi de prot\u00e9ger les personnes, la nature, les infrastructures et l\u2019\u00e9conomie contre les effets des changements climatiques. Des conf\u00e9rences comme Adaptation Canada sont essentielles pour faire de cette vision une r\u00e9alit\u00e9 \u00bb, d\u00e9clare l\u2019honorable Julie Dabrusin, ministre de l\u2019Environnement et du Changement climatique. \u00ab Les conditions m\u00e9t\u00e9orologiques extr\u00eames, notamment les feux de for\u00eat, les inondations et les s\u00e9cheresses, ont des r\u00e9percussions sur nos collectivit\u00e9s, nos moyens de subsistance et notre \u00e9conomie. Travailler ensemble pour am\u00e9liorer notre r\u00e9silience climatique est un moyen rentable et abordable de pr\u00e9server notre avenir. Cela permet d\u2019\u00e9viter des co\u00fbts plus importants \u00e0 long terme, tout en prot\u00e9geant la population canadienne et l\u2019endroit qu\u2019elle consid\u00e8re comme son foyer aujourd\u2019hui. \u00bb<\/p>\n<\/blockquote>\n<p>La conf\u00e9rence, qui s\u2019adresse aux professionnels du secteur, aux fonctionnaires, aux chercheurs et aux organisations communautaires, est organis\u00e9e par ICLEI Canada en 2026, avec le soutien du gouvernement du Canada et d\u2019un r\u00e9seau de partenaires. Adaptation Canada, qui en est \u00e0 sa troisi\u00e8me \u00e9dition, aura une port\u00e9e plus vaste que jamais.<\/p>\n<blockquote>\n<p>\u00ab Alors que les impacts climatiques s\u2019intensifient \u00e0 travers le Canada, le besoin de solutions collaboratives entre les secteurs n\u2019a jamais \u00e9t\u00e9 aussi grand \u00bb, explique Ewa Jackson, directrice principale d\u2019ICLEI Canada. \u00ab Les conversations que nous avons aujourd\u2019hui fa\u00e7onneront notre avenir, et Adaptation Canada 2026 offre une plateforme pour les types de discussions et de partenariats dont nous avons besoin pour que les Canadiens et Canadiennes aient un avenir prosp\u00e8re. \u00bb<\/p>\n<\/blockquote>\n<p>[\/et_pb_text][\/et_pb_column][\/et_pb_row][et_pb_row module_id=\u00a0\u00bbLCF\u00a0\u00bb _builder_version=\u00a0\u00bb4.4.0&Prime; custom_padding=\u00a0\u00bb0px||0px||false|false\u00a0\u00bb][et_pb_column type=\u00a0\u00bb4_4&Prime; _builder_version=\u00a0\u00bb4.4.0&Prime;][et_pb_text _builder_version=\u00a0\u00bb4.4.0&Prime; header_font_size=\u00a0\u00bb32px\u00a0\u00bb header_line_height=\u00a0\u00bb1.4em\u00a0\u00bb header_2_line_height=\u00a0\u00bb1.4em\u00a0\u00bb header_3_font=\u00a0\u00bb|600|||||||\u00a0\u00bb header_3_line_height=\u00a0\u00bb1.4em\u00a0\u00bb custom_padding=\u00a0\u00bb||10px||false|false\u00a0\u00bb link_option_url_new_window=\u00a0\u00bbon\u00a0\u00bb header_2_font_size_tablet=\u00a0\u00bb22px\u00a0\u00bb header_2_font_size_phone=\u00a0\u00bb23px\u00a0\u00bb header_2_font_size_last_edited=\u00a0\u00bbon|phone\u00a0\u00bb header_3_font_size_tablet=\u00a0\u00bb\u00a0\u00bb header_3_font_size_phone=\u00a0\u00bb\u00a0\u00bb header_3_font_size_last_edited=\u00a0\u00bbon|phone\u00a0\u00bb]<\/p>\n<h2>Une plateforme pour des solutions urgentes et concert\u00e9es<\/h2>\n<p>Partout au Canada, les cons\u00e9quences des changements climatiques s\u2019accentuent. Les membres des collectivit\u00e9s, des diff\u00e9rents secteurs et des organisations cr\u00e9ent des solutions qui renforcent la r\u00e9silience aux \u00e9chelles locale, r\u00e9gionale et nationale. Adaptation Canada 2026 mise sur cet \u00e9lan et propose une approche pansoci\u00e9tale pour nous guider vers l\u2019avenir.<\/p>\n<blockquote>\n<p>\u00ab Aucun secteur ne peut \u00e0 lui seul entreprendre les d\u00e9marches n\u00e9cessaires et urgentes pour renforcer la r\u00e9silience climatique de nos collectivit\u00e9s \u00bb explique Chad Park, vice-pr\u00e9sident du d\u00e9veloppement durable et de la citoyennet\u00e9 de Co-operators. \u00ab Il s&rsquo;agit d&rsquo;un travail coop\u00e9ratif qui doit impliquer l&rsquo;ensemble de la soci\u00e9t\u00e9 et qui exige que les gouvernements, les entreprises, les collectivit\u00e9s et les citoyens unissent leurs forces pour investir dans nos communaut\u00e9s. \u00bb<\/p>\n<\/blockquote>\n<p>Reconnaissant que les plus grandes crises du Canada, \u00e0 savoir l\u2019\u00e9conomie, la sant\u00e9 et le logement, sont profond\u00e9ment li\u00e9es aux changements climatiques, Adaptation Canada offre une plateforme pour briser les silos, \u00e9tablir des liens fructueux et orienter les strat\u00e9gies \u00e0 long terme afin d\u2019affronter certains des plus grands enjeux du pays.<\/p>\n<p>[\/et_pb_text][et_pb_text _builder_version=\u00a0\u00bb4.4.0&Prime; header_font_size=\u00a0\u00bb32px\u00a0\u00bb header_line_height=\u00a0\u00bb1.4em\u00a0\u00bb header_2_line_height=\u00a0\u00bb1.4em\u00a0\u00bb header_3_font=\u00a0\u00bb|600|||||||\u00a0\u00bb header_3_line_height=\u00a0\u00bb1.4em\u00a0\u00bb custom_padding=\u00a0\u00bb||10px||false|false\u00a0\u00bb link_option_url_new_window=\u00a0\u00bbon\u00a0\u00bb header_2_font_size_tablet=\u00a0\u00bb22px\u00a0\u00bb header_2_font_size_phone=\u00a0\u00bb23px\u00a0\u00bb header_2_font_size_last_edited=\u00a0\u00bbon|phone\u00a0\u00bb header_3_font_size_tablet=\u00a0\u00bb\u00a0\u00bb header_3_font_size_phone=\u00a0\u00bb\u00a0\u00bb header_3_font_size_last_edited=\u00a0\u00bbon|phone\u00a0\u00bb]<\/p>\n<h2>Rassembler des perspectives diverses<\/h2>\n<p>La conf\u00e9rence proposera des tables rondes captivantes, des ateliers interactifs, des s\u00e9ances immersives et des possibilit\u00e9s de r\u00e9seautage. Les participants pourront ainsi explorer des th\u00e8mes ancr\u00e9s dans l\u2019action du monde r\u00e9el, tels que :<\/p>\n<ul>\n<li>Vivre avec le risque et comment les changements climatiques remod\u00e8lent le Canada;<\/li>\n<li>Comment le leadership autochtone, les solutions ax\u00e9es sur la collectivit\u00e9 et les partenariats public-priv\u00e9 peuvent d\u00e9bloquer de nouvelles possibilit\u00e9s;<\/li>\n<li>B\u00e2tir des collectivit\u00e9s adapt\u00e9es au climat gr\u00e2ce au logement, \u00e0 l\u2019infrastructure, aux syst\u00e8mes alimentaires et \u00e0 la r\u00e9silience sobre en carbone;<\/li>\n<li>Rendre l\u2019adaptation juste et inclusive;<\/li>\n<li>Faire progresser l\u2019adaptation gr\u00e2ce \u00e0 des syst\u00e8mes plus solides et des politiques plus judicieuses;<\/li>\n<li>Diff\u00e9rentes voix et perspectives, y compris les jeunes, les artistes, les \u00e9ducateurs, le secteur technologique, et bien d\u2019autres encore.<\/li>\n<\/ul>\n<p>Ces th\u00e8mes mettent en \u00e9vidence la diversit\u00e9 des perspectives qui guident l\u2019adaptation \u00e0 travers le Canada.<\/p>\n<blockquote>\n<p>\u00ab Adaptation Canada 2026 est une plateforme essentielle non seulement pour l\u2019inclusion, mais aussi pour la valorisation des savoirs et du leadership autochtones \u00bb, pr\u00e9cise Hetxw&rsquo;ms Gyetxw, \u00e9galement connu sous le nom de Brett D. Huson, pr\u00e9sident-directeur g\u00e9n\u00e9ral d\u2019Aluu&rsquo;taa. \u00ab La v\u00e9ritable r\u00e9silience climatique est ancr\u00e9e dans la compr\u00e9hension interconnect\u00e9e et locale de notre relation avec la terre et l\u2019eau. Il est imp\u00e9ratif que ces perspectives guident nos efforts collectifs en gardant \u00e0 l\u2019esprit l\u2019avenir des sept prochaines g\u00e9n\u00e9rations, guid\u00e9es par les connaissances des sept g\u00e9n\u00e9rations pr\u00e9c\u00e9dentes. \u00bb<\/p>\n<\/blockquote>\n<p>La planification est assur\u00e9e gr\u00e2ce aux efforts de collaboration d\u2019un groupe conseil compos\u00e9 de plus de 24 repr\u00e9sentants de divers secteurs et r\u00e9gions du pays.<\/p>\n<blockquote><\/blockquote>\n<p>[\/et_pb_text][et_pb_image src=\u00a0\u00bbhttps:\/\/icleicanada.org\/wp-content\/uploads\/2025\/09\/AC2026-2025-09-Blog-Image-1.png\u00a0\u00bb url=\u00a0\u00bbhttps:\/\/adaptationcanada2026.ca\/?lang=fr\u00a0\u00bb url_new_window=\u00a0\u00bbon\u00a0\u00bb _builder_version=\u00a0\u00bb4.4.0&Prime; custom_padding=\u00a0\u00bb||40px||false|false\u00a0\u00bb][\/et_pb_image][\/et_pb_column][\/et_pb_row][et_pb_row _builder_version=\u00a0\u00bb4.4.0&Prime; custom_padding=\u00a0\u00bb0px||0px||false|false\u00a0\u00bb][et_pb_column type=\u00a0\u00bb4_4&Prime; _builder_version=\u00a0\u00bb4.4.0&Prime;][et_pb_text _builder_version=\u00a0\u00bb4.4.0&Prime; header_font_size=\u00a0\u00bb32px\u00a0\u00bb header_line_height=\u00a0\u00bb1.4em\u00a0\u00bb header_2_line_height=\u00a0\u00bb1.4em\u00a0\u00bb header_3_font=\u00a0\u00bb|600|||||||\u00a0\u00bb header_3_line_height=\u00a0\u00bb1.4em\u00a0\u00bb custom_padding=\u00a0\u00bb||20px||false|false\u00a0\u00bb link_option_url_new_window=\u00a0\u00bbon\u00a0\u00bb hover_enabled=\u00a0\u00bb0&Prime; header_2_font_size_tablet=\u00a0\u00bb22px\u00a0\u00bb header_2_font_size_phone=\u00a0\u00bb23px\u00a0\u00bb header_2_font_size_last_edited=\u00a0\u00bbon|phone\u00a0\u00bb header_3_font_size_tablet=\u00a0\u00bb\u00a0\u00bb header_3_font_size_phone=\u00a0\u00bb\u00a0\u00bb header_3_font_size_last_edited=\u00a0\u00bbon|phone\u00a0\u00bb]<\/p>\n<h2>Prenez une part active \u00e0 la conf\u00e9rence sur l\u2019adaptation du Canada<\/h2>\n<p>Adaptation Canada 2026 aura lieu du 22 au 24 septembre 2026 au Westin Harbour Castle, sur le territoire traditionnel des Mississaugas du Cr\u00e9dit, des Annishnabeg, des Chippewa, des Haudenosaunee et des Wendat. P\u00f4le d\u2019\u00e9change dynamique r\u00e9unissant les pouvoirs publics, les entreprises et le secteur de l\u2019innovation, Toronto offre une toile de fond id\u00e9ale pour les discussions sur l\u2019adaptation aux changements climatiques, les partenariats public ou priv\u00e9 et l\u2019action collective.<\/p>\n<p>Les inscriptions sont ouvertes et un appel \u00e0 conf\u00e9renciers est en cours jusqu\u2019au <strong>mercredi 30 novembre 2025<\/strong>. C\u2019est l\u2019occasion de partager des solutions, d\u2019\u00e9tablir des partenariats et de contribuer \u00e0 fa\u00e7onner l\u2019avenir du Canada en mati\u00e8re de climat. Participez \u00e0 la conversation nationale sur l\u2019adaptation aux changements climatiques.<\/p>\n<ul>\n<li><a href=\"https:\/\/adaptationcanada2026.ca\/inscriptions\/?lang=fr\" target=\"_blank\" rel=\"noopener noreferrer\">S\u2019inscrire<\/a><\/li>\n<li><a href=\"https:\/\/adaptationcanada2026.ca\/appel-a-presentations\/?lang=fr\" target=\"_blank\" rel=\"noopener noreferrer\">Soumettre une proposition de conf\u00e9rence<\/a><\/li>\n<li><a href=\"https:\/\/adaptationcanada2026.ca\/commanditaires\/?lang=fr\" target=\"_blank\" rel=\"noopener noreferrer\">S\u2019associer \u00e0 Adaptation Canada 2026<\/a><\/li>\n<li><a href=\"https:\/\/mailchi.mp\/iclei.org\/liste-de-diffusion-adaptation-canada\" target=\"_blank\" rel=\"noopener noreferrer\">S&rsquo;inscrire \u00e0 la liste de diffusion d&rsquo;Adaptation Canada\u00a0<\/a><\/li>\n<\/ul>\n<p>Joignez-vous \u00e0 nous pour fa\u00e7onner ensemble des solutions climatiques au Canada.<\/p>\n<p>[\/et_pb_text][\/et_pb_column][\/et_pb_row][\/et_pb_section][et_pb_section fb_built=\u00a0\u00bb1&Prime; _builder_version=\u00a0\u00bb4.4.0&Prime; custom_margin=\u00a0\u00bb||||false|false\u00a0\u00bb custom_padding=\u00a0\u00bb0px||||false|false\u00a0\u00bb][et_pb_row column_structure=\u00a0\u00bb1_4,1_4,1_4,1_4&Prime; _builder_version=\u00a0\u00bb4.4.0&Prime; background_enable_color=\u00a0\u00bboff\u00a0\u00bb background_image=\u00a0\u00bbhttps:\/\/icleicanada.org\/wp-content\/uploads\/2025\/09\/AC2026-2025-09-Blog-Feature-Image-1.png\u00a0\u00bb custom_margin=\u00a0\u00bb20px||20px||false|false\u00a0\u00bb custom_padding=\u00a0\u00bb40px|40px|40px|40px|false|true\u00a0\u00bb max_width__hover_enabled=\u00a0\u00bbon|desktop\u00a0\u00bb][et_pb_column type=\u00a0\u00bb1_4&Prime; _builder_version=\u00a0\u00bb4.4.0&Prime;][et_pb_blurb title=\u00a0\u00bbS\u2019inscrire\u00a0\u00bb url=\u00a0\u00bbhttps:\/\/adaptationcanada2026.ca\/inscriptions\/?lang=fr\u00a0\u00bb use_icon=\u00a0\u00bbon\u00a0\u00bb font_icon=\u00a0\u00bb%%116%%\u00a0\u00bb icon_color=\u00a0\u00bb#FFFFFF\u00a0\u00bb _builder_version=\u00a0\u00bb4.4.0&Prime; header_font=\u00a0\u00bb|||on|||||\u00a0\u00bb header_text_align=\u00a0\u00bbcenter\u00a0\u00bb header_text_color=\u00a0\u00bb#FFFFFF\u00a0\u00bb link_option_url=\u00a0\u00bbhttps:\/\/adaptationcanada2026.ca\/inscriptions\/?lang=fr\u00a0\u00bb hover_enabled=\u00a0\u00bb0&Prime; url_new_window=\u00a0\u00bbon\u00a0\u00bb link_option_url_new_window=\u00a0\u00bbon\u00a0\u00bb][\/et_pb_blurb][\/et_pb_column][et_pb_column type=\u00a0\u00bb1_4&Prime; _builder_version=\u00a0\u00bb4.4.0&Prime;][et_pb_blurb title=\u00a0\u00bbSoumettre une proposition\u00a0\u00bb url=\u00a0\u00bbhttps:\/\/adaptationcanada2026.ca\/appel-a-presentations\/?lang=fr\u00a0\u00bb use_icon=\u00a0\u00bbon\u00a0\u00bb font_icon=\u00a0\u00bb%%75%%\u00a0\u00bb icon_color=\u00a0\u00bb#FFFFFF\u00a0\u00bb _builder_version=\u00a0\u00bb4.4.0&Prime; header_font=\u00a0\u00bb|||on|||||\u00a0\u00bb header_text_align=\u00a0\u00bbcenter\u00a0\u00bb header_text_color=\u00a0\u00bb#FFFFFF\u00a0\u00bb link_option_url=\u00a0\u00bbhttps:\/\/adaptationcanada2026.ca\/appel-a-presentations\/?lang=fr\u00a0\u00bb hover_enabled=\u00a0\u00bb0&Prime; url_new_window=\u00a0\u00bbon\u00a0\u00bb link_option_url_new_window=\u00a0\u00bbon\u00a0\u00bb][\/et_pb_blurb][\/et_pb_column][et_pb_column type=\u00a0\u00bb1_4&Prime; _builder_version=\u00a0\u00bb4.4.0&Prime;][et_pb_blurb title=\u00a0\u00bbS\u2019associer \u00e0 Adaptation Canada\u00a0\u00bb url=\u00a0\u00bbhttps:\/\/adaptationcanada2026.ca\/commanditaires\/?lang=fr\u00a0\u00bb use_icon=\u00a0\u00bbon\u00a0\u00bb font_icon=\u00a0\u00bb%%169%%\u00a0\u00bb icon_color=\u00a0\u00bb#FFFFFF\u00a0\u00bb _builder_version=\u00a0\u00bb4.4.0&Prime; header_font=\u00a0\u00bb|||on|||||\u00a0\u00bb header_text_align=\u00a0\u00bbcenter\u00a0\u00bb header_text_color=\u00a0\u00bb#FFFFFF\u00a0\u00bb link_option_url=\u00a0\u00bbhttps:\/\/adaptationcanada2026.ca\/commanditaires\/?lang=fr\u00a0\u00bb hover_enabled=\u00a0\u00bb0&Prime; url_new_window=\u00a0\u00bbon\u00a0\u00bb link_option_url_new_window=\u00a0\u00bbon\u00a0\u00bb][\/et_pb_blurb][\/et_pb_column][et_pb_column type=\u00a0\u00bb1_4&Prime; _builder_version=\u00a0\u00bb4.4.0&Prime;][et_pb_blurb title=\u00a0\u00bbRester inform\u00e9\u00a0\u00bb url=\u00a0\u00bbhttps:\/\/mailchi.mp\/iclei.org\/liste-de-diffusion-adaptation-canada\u00a0\u00bb use_icon=\u00a0\u00bbon\u00a0\u00bb font_icon=\u00a0\u00bb%%109%%\u00a0\u00bb icon_color=\u00a0\u00bb#FFFFFF\u00a0\u00bb _builder_version=\u00a0\u00bb4.4.0&Prime; header_font=\u00a0\u00bb|||on|||||\u00a0\u00bb header_text_align=\u00a0\u00bbcenter\u00a0\u00bb header_text_color=\u00a0\u00bb#FFFFFF\u00a0\u00bb link_option_url=\u00a0\u00bbhttps:\/\/mailchi.mp\/iclei.org\/liste-de-diffusion-adaptation-canada\u00a0\u00bb hover_enabled=\u00a0\u00bb0&Prime; url_new_window=\u00a0\u00bbon\u00a0\u00bb link_option_url_new_window=\u00a0\u00bbon\u00a0\u00bb][\/et_pb_blurb][\/et_pb_column][\/et_pb_row][\/et_pb_section][et_pb_section fb_built=\u00a0\u00bb1&Prime; admin_label=\u00a0\u00bbFooter\u00a0\u00bb _builder_version=\u00a0\u00bb4.4.0&Prime; background_color=\u00a0\u00bb#00646c\u00a0\u00bb background_enable_image=\u00a0\u00bboff\u00a0\u00bb custom_padding=\u00a0\u00bb86px||90px||false|false\u00a0\u00bb global_module=\u00a0\u00bb57871&Prime; saved_tabs=\u00a0\u00bball\u00a0\u00bb][et_pb_row column_structure=\u00a0\u00bb1_3,2_3&Prime; use_custom_gutter=\u00a0\u00bbon\u00a0\u00bb make_equal=\u00a0\u00bbon\u00a0\u00bb _builder_version=\u00a0\u00bb3.25&Prime; background_size=\u00a0\u00bbinitial\u00a0\u00bb background_position=\u00a0\u00bbtop_left\u00a0\u00bb background_repeat=\u00a0\u00bbrepeat\u00a0\u00bb custom_padding=\u00a0\u00bb|||\u00a0\u00bb][et_pb_column type=\u00a0\u00bb1_3&Prime; _builder_version=\u00a0\u00bb3.25&Prime; background_color=\u00a0\u00bb#ffffff\u00a0\u00bb background_position=\u00a0\u00bbtop_left\u00a0\u00bb custom_padding=\u00a0\u00bb50px|40px|50px|40px\u00a0\u00bb custom_padding__hover=\u00a0\u00bb|||\u00a0\u00bb][et_pb_text admin_label=\u00a0\u00bbContact US Title\u00a0\u00bb _builder_version=\u00a0\u00bb4.4.0&Prime; text_font_size=\u00a0\u00bb16px\u00a0\u00bb header_font=\u00a0\u00bbMontserrat||||\u00a0\u00bb header_text_color=\u00a0\u00bb#1f1f1f\u00a0\u00bb header_font_size=\u00a0\u00bb22px\u00a0\u00bb custom_padding=\u00a0\u00bb0px|0px|0px|0px\u00a0\u00bb animation_style=\u00a0\u00bbfold\u00a0\u00bb animation_direction=\u00a0\u00bbbottom\u00a0\u00bb animation_intensity_fold=\u00a0\u00bb20%\u00a0\u00bb]<\/p>\n<div class=\"et_pb_module et_pb_text et_pb_text_11 et_pb_text_align_left et_pb_bg_layout_light et_had_animation\">\n<div class=\"et_pb_text_inner\">\n<h1>Nous joindre<\/h1>\n<\/div>\n<\/div>\n<p style=\"text-align: center;\">[\/et_pb_text][et_pb_text admin_label=\u00a0\u00bbContact US Text\u00a0\u00bb _builder_version=\u00a0\u00bb4.4.0&Prime; text_font=\u00a0\u00bb|300|||||||\u00a0\u00bb text_font_size=\u00a0\u00bb16px\u00a0\u00bb text_line_height=\u00a0\u00bb1.8em\u00a0\u00bb header_font=\u00a0\u00bb||||||||\u00a0\u00bb header_text_color=\u00a0\u00bb#1f1f1f\u00a0\u00bb custom_margin=\u00a0\u00bb20px||40px|\u00a0\u00bb custom_padding=\u00a0\u00bb0px|0px|0px|0px\u00a0\u00bb animation_style=\u00a0\u00bbfold\u00a0\u00bb animation_direction=\u00a0\u00bbbottom\u00a0\u00bb animation_intensity_fold=\u00a0\u00bb20%\u00a0\u00bb]<\/p>\n<p>Communiquez avec nous pour en apprendre davantage au sujet de notre r\u00e9seau, de nos services et de nos \u00e9v\u00e9nements.<\/p>\n<p style=\"text-align: center;\">[\/et_pb_text][et_pb_blurb title=\u00a0\u00bbICLEI Canada \u00a0\u00bb use_icon=\u00a0\u00bbon\u00a0\u00bb font_icon=\u00a0\u00bb%%249%%\u00a0\u00bb icon_placement=\u00a0\u00bbleft\u00a0\u00bb use_icon_font_size=\u00a0\u00bbon\u00a0\u00bb icon_font_size=\u00a0\u00bb28px\u00a0\u00bb icon_font_size_last_edited=\u00a0\u00bboff|desktop\u00a0\u00bb admin_label=\u00a0\u00bbAddress\u00a0\u00bb _builder_version=\u00a0\u00bb4.4.0&Prime; header_font=\u00a0\u00bb|300|||||||\u00a0\u00bb header_font_size=\u00a0\u00bb17px\u00a0\u00bb body_font=\u00a0\u00bb|300|||||||\u00a0\u00bb body_font_size=\u00a0\u00bb15px\u00a0\u00bb custom_margin=\u00a0\u00bb|||\u00a0\u00bb animation_style=\u00a0\u00bbfold\u00a0\u00bb animation_direction=\u00a0\u00bbbottom\u00a0\u00bb animation_intensity_fold=\u00a0\u00bb20%\u00a0\u00bb]<\/p>\n<p>401 Richmond St W (Suite 204)<br \/> Toronto, ON M5V 3A8<\/p>\n<p style=\"text-align: center;\">[\/et_pb_blurb][et_pb_blurb use_icon=\u00a0\u00bbon\u00a0\u00bb font_icon=\u00a0\u00bb%%238%%\u00a0\u00bb icon_placement=\u00a0\u00bbleft\u00a0\u00bb use_icon_font_size=\u00a0\u00bbon\u00a0\u00bb icon_font_size=\u00a0\u00bb28px\u00a0\u00bb icon_font_size_last_edited=\u00a0\u00bboff|desktop\u00a0\u00bb admin_label=\u00a0\u00bbEmail\u00a0\u00bb _builder_version=\u00a0\u00bb4.4.0&Prime; body_font=\u00a0\u00bb|300|||||||\u00a0\u00bb body_font_size=\u00a0\u00bb16px\u00a0\u00bb custom_margin=\u00a0\u00bb|||\u00a0\u00bb animation_style=\u00a0\u00bbfold\u00a0\u00bb animation_direction=\u00a0\u00bbbottom\u00a0\u00bb animation_intensity_fold=\u00a0\u00bb20%\u00a0\u00bb]iclei-canada@iclei.org<\/p>\n<p style=\"text-align: center;\">[\/et_pb_blurb][et_pb_social_media_follow admin_label=\u00a0\u00bbFacebook\u00a0\u00bb _builder_version=\u00a0\u00bb4.4.0&Prime; text_orientation=\u00a0\u00bbcenter\u00a0\u00bb custom_margin=\u00a0\u00bb|||\u00a0\u00bb border_radii=\u00a0\u00bbon|100%|100%|100%|100%\u00a0\u00bb link_shape=\u00a0\u00bbcircle\u00a0\u00bb][et_pb_social_media_follow_network social_network=\u00a0\u00bblinkedin\u00a0\u00bb url=\u00a0\u00bbhttps:\/\/www.linkedin.com\/company\/iclei-canada\/\u00a0\u00bb _builder_version=\u00a0\u00bb4.4.0&Prime; background_color=\u00a0\u00bb#c1c1c1&Prime; custom_margin=\u00a0\u00bb|0px||\u00a0\u00bb bg_color=\u00a0\u00bb#007bb6&Prime; link_shape=\u00a0\u00bbcircle\u00a0\u00bb follow_button=\u00a0\u00bboff\u00a0\u00bb url_new_window=\u00a0\u00bbon\u00a0\u00bb]linkedin[\/et_pb_social_media_follow_network][\/et_pb_social_media_follow][et_pb_social_media_follow _builder_version=\u00a0\u00bb3.0.87&Prime;][\/et_pb_social_media_follow][\/et_pb_column][et_pb_column type=\u00a0\u00bb2_3&Prime; _builder_version=\u00a0\u00bb3.25&Prime; background_color=\u00a0\u00bb#ffffff\u00a0\u00bb background_position=\u00a0\u00bbtop_left\u00a0\u00bb custom_padding=\u00a0\u00bb50px|40px|50px|40px\u00a0\u00bb custom_padding__hover=\u00a0\u00bb|||\u00a0\u00bb][et_pb_text admin_label=\u00a0\u00bbContact US Title\u00a0\u00bb _builder_version=\u00a0\u00bb4.4.0&Prime; text_font_size=\u00a0\u00bb16px\u00a0\u00bb header_font=\u00a0\u00bbMontserrat||||\u00a0\u00bb header_text_color=\u00a0\u00bb#1f1f1f\u00a0\u00bb header_font_size=\u00a0\u00bb22px\u00a0\u00bb custom_padding=\u00a0\u00bb0px|0px|0px|0px\u00a0\u00bb animation_style=\u00a0\u00bbfold\u00a0\u00bb animation_direction=\u00a0\u00bbbottom\u00a0\u00bb animation_intensity_fold=\u00a0\u00bb20%\u00a0\u00bb]<\/p>\n<h1>Inscrivez-vous \u00e0 notre liste de diffusion<\/h1>\n<p style=\"text-align: center;\">[\/et_pb_text][et_pb_code _builder_version=\u00a0\u00bb4.4.0&Prime;]<!-- Begin Mailchimp Signup Form --><!-- [et_pb_line_break_holder] --><link href=\"\/\/cdn-images.mailchimp.com\/embedcode\/classic-071822.css\" rel=\"stylesheet\" type=\"text\/css\"><!-- [et_pb_line_break_holder] --><\/p>\n<style type=\"text\/css\"><!-- [et_pb_line_break_holder] -->\t#mc_embed_signup{background:#fff; clear:left; font:14px Helvetica,Arial,sans-serif; }<!-- [et_pb_line_break_holder] -->\t\/* Add your own Mailchimp form style overrides in your site stylesheet or in this style block.<!-- [et_pb_line_break_holder] -->\t   We recommend moving this block and the preceding CSS link to the HEAD of your HTML file. *\/<!-- [et_pb_line_break_holder] --><\/style>\n<p><!-- [et_pb_line_break_holder] --><\/p>\n<div id=\"mc_embed_signup\"><!-- [et_pb_line_break_holder] -->    <\/p>\n<form action=\"https:\/\/icleicanada.us12.list-manage.com\/subscribe\/post?u=e3cc0564d955ddfa1ae97cb81&#038;id=45fdde9fdb&#038;f_id=008ab0e0f0\" method=\"post\" id=\"mc-embedded-subscribe-form\" name=\"mc-embedded-subscribe-form\" class=\"validate\" target=\"_blank\" novalidate><!-- [et_pb_line_break_holder] -->        <\/p>\n<div id=\"mc_embed_signup_scroll\"><!-- [et_pb_line_break_holder] -->        <\/p>\n<div class=\"indicates-required\"><span class=\"asterisk\">*<\/span> indicates required<\/div>\n<p><!-- [et_pb_line_break_holder] --><\/p>\n<div class=\"mc-field-group\"><!-- [et_pb_line_break_holder] -->\t<label for=\"mce-EMAIL\">Email Address  <span class=\"asterisk\">*<\/span><!-- [et_pb_line_break_holder] --><\/label><!-- [et_pb_line_break_holder] -->\t<input type=\"email\" value=\"\" name=\"EMAIL\" class=\"required email\" id=\"mce-EMAIL\" required><!-- [et_pb_line_break_holder] -->\t<span id=\"mce-EMAIL-HELPERTEXT\" class=\"helper_text\"><\/span><!-- [et_pb_line_break_holder] --><\/div>\n<p><!-- [et_pb_line_break_holder] --><\/p>\n<div class=\"mc-field-group\"><!-- [et_pb_line_break_holder] -->\t<label for=\"mce-FNAME\">First Name  <span class=\"asterisk\">*<\/span><!-- [et_pb_line_break_holder] --><\/label><!-- [et_pb_line_break_holder] -->\t<input type=\"text\" value=\"\" name=\"FNAME\" class=\"required\" id=\"mce-FNAME\" required><!-- [et_pb_line_break_holder] -->\t<span id=\"mce-FNAME-HELPERTEXT\" class=\"helper_text\"><\/span><!-- [et_pb_line_break_holder] --><\/div>\n<p><!-- [et_pb_line_break_holder] --><\/p>\n<div class=\"mc-field-group\"><!-- [et_pb_line_break_holder] -->\t<label for=\"mce-LNAME\">Last Name <\/label><!-- [et_pb_line_break_holder] -->\t<input type=\"text\" value=\"\" name=\"LNAME\" class=\"\" id=\"mce-LNAME\"><!-- [et_pb_line_break_holder] -->\t<span id=\"mce-LNAME-HELPERTEXT\" class=\"helper_text\"><\/span><!-- [et_pb_line_break_holder] --><\/div>\n<p><!-- [et_pb_line_break_holder] --><\/p>\n<div class=\"mc-field-group\"><!-- [et_pb_line_break_holder] -->\t<label for=\"mce-MMERGE6\">Organization <\/label><!-- [et_pb_line_break_holder] -->\t<input type=\"text\" value=\"\" name=\"MMERGE6\" class=\"\" id=\"mce-MMERGE6\"><!-- [et_pb_line_break_holder] -->\t<span id=\"mce-MMERGE6-HELPERTEXT\" class=\"helper_text\"><\/span><!-- [et_pb_line_break_holder] --><\/div>\n<p><!-- [et_pb_line_break_holder] -->\t<\/p>\n<div id=\"mce-responses\" class=\"clear\"><!-- [et_pb_line_break_holder] -->\t\t<\/p>\n<div class=\"response\" id=\"mce-error-response\" style=\"display:none\"><\/div>\n<p><!-- [et_pb_line_break_holder] -->\t\t<\/p>\n<div class=\"response\" id=\"mce-success-response\" style=\"display:none\"><\/div>\n<p><!-- [et_pb_line_break_holder] -->\t<\/div>\n<p>    <!-- real people should not fill this in and expect good things - do not remove this or risk form bot signups--><!-- [et_pb_line_break_holder] -->    <\/p>\n<div style=\"position: absolute; left: -5000px;\" aria-hidden=\"true\"><input type=\"text\" name=\"b_e3cc0564d955ddfa1ae97cb81_45fdde9fdb\" tabindex=\"-1\" value=\"\"><\/div>\n<p><!-- [et_pb_line_break_holder] -->    <\/p>\n<div class=\"clear\"><input type=\"submit\" value=\"Subscribe\" name=\"subscribe\" id=\"mc-embedded-subscribe\" class=\"button\"><\/div>\n<p><!-- [et_pb_line_break_holder] -->    <\/div>\n<p><!-- [et_pb_line_break_holder] --><\/form>\n<p><!-- [et_pb_line_break_holder] --><\/div>\n<p><!-- [et_pb_line_break_holder] --><script type='text\/javascript' src='\/\/s3.amazonaws.com\/downloads.mailchimp.com\/js\/mc-validate.js'><\/script><script type='text\/javascript'>(function($) {window.fnames = new Array(); window.ftypes = new Array();fnames[0]='EMAIL';ftypes[0]='email';fnames[1]='FNAME';ftypes[1]='text';fnames[2]='LNAME';ftypes[2]='text';fnames[3]='ADDRESS';ftypes[3]='address';fnames[4]='PHONE';ftypes[4]='phone';fnames[5]='MMERGE5';ftypes[5]='text';fnames[6]='MMERGE6';ftypes[6]='text';}(jQuery));var $mcj = jQuery.noConflict(true);<\/script>[\/et_pb_code][\/et_pb_column][\/et_pb_row][\/et_pb_section]<\/p>\n","protected":false},"excerpt":{"rendered":"<p>[et_pb_section fb_built=\u00a0\u00bb1&Prime; admin_label=\u00a0\u00bbSplit Section\u00a0\u00bb module_id=\u00a0\u00bbnews\u00a0\u00bb _builder_version=\u00a0\u00bb4.4.0&Prime; max_width=\u00a0\u00bb76%\u00a0\u00bb module_alignment=\u00a0\u00bbcenter\u00a0\u00bb custom_margin=\u00a0\u00bb||||false|false\u00a0\u00bb custom_padding=\u00a0\u00bb0px||20px||false|false\u00a0\u00bb animation_style=\u00a0\u00bbfold\u00a0\u00bb animation_direction=\u00a0\u00bbbottom\u00a0\u00bb animation_intensity_fold=\u00a0\u00bb4%\u00a0\u00bb saved_tabs=\u00a0\u00bball\u00a0\u00bb][et_pb_row _builder_version=\u00a0\u00bb4.4.0&Prime; custom_margin=\u00a0\u00bb||0px||false|false\u00a0\u00bb custom_padding=\u00a0\u00bb||0px||false|false\u00a0\u00bb][et_pb_column type=\u00a0\u00bb4_4&Prime; _builder_version=\u00a0\u00bb4.4.0&Prime;][et_pb_text _builder_version=\u00a0\u00bb4.4.0&Prime; header_font_size=\u00a0\u00bb36px\u00a0\u00bb header_line_height=\u00a0\u00bb1.4em\u00a0\u00bb header_font_size_tablet=\u00a0\u00bb\u00a0\u00bb header_font_size_phone=\u00a0\u00bb26px\u00a0\u00bb header_font_size_last_edited=\u00a0\u00bbon|phone\u00a0\u00bb] La Conf\u00e9rence nationale sur l\u2019Adaptation aux changements climatiques du Canada revient en 2026 [\/et_pb_text][et_pb_text _builder_version=\u00a0\u00bb4.4.0&Prime; header_font_size=\u00a0\u00bb32px\u00a0\u00bb header_line_height=\u00a0\u00bb1.4em\u00a0\u00bb header_2_line_height=\u00a0\u00bb1.4em\u00a0\u00bb header_3_font=\u00a0\u00bb|600|||||||\u00a0\u00bb header_3_line_height=\u00a0\u00bb1.4em\u00a0\u00bb custom_padding=\u00a0\u00bb||0px||false|false\u00a0\u00bb link_option_url_new_window=\u00a0\u00bbon\u00a0\u00bb header_2_font_size_tablet=\u00a0\u00bb22px\u00a0\u00bb header_2_font_size_phone=\u00a0\u00bb23px\u00a0\u00bb header_2_font_size_last_edited=\u00a0\u00bbon|phone\u00a0\u00bb header_3_font_size_tablet=\u00a0\u00bb\u00a0\u00bb header_3_font_size_phone=\u00a0\u00bb\u00a0\u00bb header_3_font_size_last_edited=\u00a0\u00bbon|phone\u00a0\u00bb] Adaptation Canada [&hellip;]<\/p>\n","protected":false},"author":18,"featured_media":63680,"comment_status":"closed","ping_status":"closed","sticky":false,"template":"","format":"standard","meta":{"_et_pb_use_builder":"on","_et_pb_old_content":"[et_pb_section fb_built=\"1\" admin_label=\"Split Section\" module_id=\"news\" _builder_version=\"4.4.0\" max_width=\"75%\" module_alignment=\"center\" custom_margin=\"||||false|false\" custom_padding=\"0px||20px||false|false\" animation_style=\"fold\" animation_direction=\"bottom\" animation_intensity_fold=\"4%\" saved_tabs=\"all\"][et_pb_row _builder_version=\"4.4.0\" custom_margin=\"||0px||false|false\" custom_padding=\"||0px||false|false\"][et_pb_column type=\"4_4\" _builder_version=\"4.4.0\"][et_pb_text _builder_version=\"4.4.0\" header_font_size=\"36px\" header_line_height=\"1.4em\" hover_enabled=\"0\" header_font_size_tablet=\"\" header_font_size_phone=\"26px\" header_font_size_last_edited=\"on|phone\"]<h1>Canada\u2019s National Climate Adaptation Conference Returns in 2026<\/h1>\r\n[\/et_pb_text][et_pb_text _builder_version=\"4.4.0\" header_font_size=\"32px\" header_line_height=\"1.4em\" header_2_line_height=\"1.4em\" header_3_font=\"|600|||||||\" header_3_line_height=\"1.4em\" custom_padding=\"||0px||false|false\" link_option_url_new_window=\"on\" hover_enabled=\"0\" header_2_font_size_tablet=\"22px\" header_2_font_size_phone=\"23px\" header_2_font_size_last_edited=\"on|phone\" header_3_font_size_tablet=\"\" header_3_font_size_phone=\"\" header_3_font_size_last_edited=\"on|phone\"]<h2>Adaptation Canada 2026 will convene over 1,000 leaders from across sectors and regions, September 22\u201324, 2026.<\/h2>\r\n<p><span style=\"font-weight: 400;\">Canada\u2019s national climate adaptation conference will take place in Toronto next fall, from September 22 to 24, 2026. Building on the momentum of previous editions, <\/span><a href=\"https:\/\/adaptationcanada2026.ca\/\" target=\"_blank\" rel=\"noopener noreferrer\"><span style=\"font-weight: 400;\">Adaptation Canada 2026<\/span><\/a><span style=\"font-weight: 400;\"> will bring together over 1,000 participants from diverse sectors and communities to drive Canada\u2019s climate resilience efforts forward.<\/span><\/p>\r\n<blockquote>\r\n<p><span style=\"font-weight: 400;\">\u201c<\/span><a href=\"https:\/\/www.canada.ca\/en\/services\/environment\/weather\/climatechange\/climate-plan\/national-adaptation-strategy\/full-strategy.html\" target=\"_blank\" rel=\"noopener noreferrer\"><span style=\"font-weight: 400;\">Canada's National Adaptation Strategy<\/span><\/a><span style=\"font-weight: 400;\"> is essential for achieving climate resilience, enabling us to protect people, nature, infrastructure, and the economy from the impacts of climate change. Conferences like Adaptation Canada are key to turning that vision into reality,\u201d says the Honourable Julie Dabrusin, Minister of Environment and Climate Change. \u201cExtreme weather\u2014including forest fires, flooding and droughts\u2014are impacting our communities, our livelihoods and our economy. Working together to improve our climate resilience is a cost effective and affordable way to safeguard our future. It helps prevent greater costs down the road, while protecting Canadians and the place they call home today.\u201d<\/span><\/p>\r\n<\/blockquote>\r\n<p><span style=\"font-weight: 400;\">The conference, aimed at industry professionals, government staff, researchers, and community organizations, is being delivered by ICLEI Canada in 2026, with support from the Government of Canada and a network of partners. Now in its third edition, Adaptation Canada 2026 will be more expansive in its reach than ever.<\/span><\/p>\r\n<blockquote>\r\n<p><span style=\"font-weight: 400;\">\u201cAs climate impacts intensify across Canada, the need for collaborative solutions across sectors has never been greater,\u201d explains Ewa Jackson, Managing Director at ICLEI Canada. \u201cThe conversations we have today will shape our future, and Adaptation Canada 2026 provides a platform for the kinds of conversations and partnerships we need for Canadians to have a prosperous future.\u201d<\/span><\/p>\r\n<\/blockquote>\r\n[\/et_pb_text][\/et_pb_column][\/et_pb_row][et_pb_row module_id=\"LCF\" _builder_version=\"4.4.0\" custom_padding=\"0px||0px||false|false\" hover_enabled=\"0\"][et_pb_column type=\"4_4\" _builder_version=\"4.4.0\"][et_pb_text _builder_version=\"4.4.0\" header_font_size=\"32px\" header_line_height=\"1.4em\" header_2_line_height=\"1.4em\" header_3_font=\"|600|||||||\" header_3_line_height=\"1.4em\" custom_padding=\"||10px||false|false\" link_option_url_new_window=\"on\" hover_enabled=\"0\" header_2_font_size_tablet=\"22px\" header_2_font_size_phone=\"23px\" header_2_font_size_last_edited=\"on|phone\" header_3_font_size_tablet=\"\" header_3_font_size_phone=\"\" header_3_font_size_last_edited=\"on|phone\"]<h2>A Platform for Urgent, Collaborative Solutions<\/h2>\r\n<p><span style=\"font-weight: 400;\">Across Canada, climate impacts are increasing. People in communities, sectors, and organizations are creating solutions that strengthen resilience at the local, regional, and national levels. Adaptation Canada 2026 builds on this momentum and provides a whole-of-society approach to guide us into the future.<\/span><\/p>\r\n<blockquote>\r\n<p><span style=\"font-weight: 400;\">\u201cThe necessary and urgent effort to build climate resilience in our communities isn\u2019t something any one sector can do alone,\u201d explains Chad Park, VP Sustainability & Citizenship at Co-operators. \u201cThis is co-operative, whole of society work that will require governments, businesses, communities, and individuals to join together and invest in our communities.\u201d<\/span><span style=\"font-weight: 400;\">\u00a0<\/span><\/p>\r\n<\/blockquote>\r\n<p><span style=\"font-weight: 400;\">Recognizing that Canada\u2019s biggest crises\u2014economy, health, and housing\u2014are deeply connected to climate change, Adaptation Canada provides a platform to break down silos, build meaningful connections, and inform long-term strategies to address some of Canada\u2019s biggest challenges.<\/span><\/p>\r\n[\/et_pb_text][et_pb_text _builder_version=\"4.4.0\" header_font_size=\"32px\" header_line_height=\"1.4em\" header_2_line_height=\"1.4em\" header_3_font=\"|600|||||||\" header_3_line_height=\"1.4em\" custom_padding=\"||10px||false|false\" link_option_url_new_window=\"on\" hover_enabled=\"0\" header_2_font_size_tablet=\"22px\" header_2_font_size_phone=\"23px\" header_2_font_size_last_edited=\"on|phone\" header_3_font_size_tablet=\"\" header_3_font_size_phone=\"\" header_3_font_size_last_edited=\"on|phone\"]<h2>Bringing Together Diverse Perspectives<\/h2>\r\n<p>The conference will feature engaging panels, interactive workshops, immersive sessions, and curated networking opportunities. Through these, attendees will explore themes grounded in real-world action, such as:<\/p>\r\n<ul>\r\n<li>Living with risk and how climate change is reshaping Canada;<\/li>\r\n<li>How Indigenous leadership, community-driven solutions, and public-private partnerships can unlock new opportunities;<\/li>\r\n<li>Building climate-ready communities through housing, infrastructure, food systems, and low-carbon resilience;<\/li>\r\n<li>Making adaptation just and inclusive;<\/li>\r\n<li>Advancing adaptation through stronger systems and smarter policies; and,<\/li>\r\n<li>Different voices and perspectives, including youth, artists, educators, the tech sector, and many more.<br \/> These themes highlight the diversity of perspectives guiding adaptation across Canada.<\/li>\r\n<\/ul>\r\n<blockquote>\r\n<p>\u201cAdaptation Canada 2026 is an essential platform to not just include, but center Indigenous knowledge and leadership,\u201d explains Hetxw\u2019ms Gyetxw, also known as Brett D. Huson, President & CEO of Aluu\u2019taa. \u201cTrue climate resilience is rooted in the interconnected, place-based understandings of our relationship with the land and water, and it's imperative that these perspectives guide our collective efforts with the future of the next seven generations in mind, guided by the knowledge of the seven generations before.\u201d<\/p>\r\n<\/blockquote>\r\n<p>Planning is being undertaken through the collaborative efforts of an Advisory Group with over 24 representatives from various sectors and regions of the country.<\/p>\r\n<blockquote><\/blockquote>\r\n[\/et_pb_text][et_pb_image src=\"https:\/\/icleicanada.org\/wp-content\/uploads\/2025\/09\/AC2026-2025-09-Blog-Image-1.png\" _builder_version=\"4.4.0\" custom_padding=\"||40px||false|false\" hover_enabled=\"0\" url=\"https:\/\/adaptationcanada2026.ca\/\" url_new_window=\"on\"][\/et_pb_image][\/et_pb_column][\/et_pb_row][et_pb_row _builder_version=\"4.4.0\" custom_padding=\"0px||0px||false|false\" hover_enabled=\"0\"][et_pb_column type=\"4_4\" _builder_version=\"4.4.0\"][et_pb_text _builder_version=\"4.4.0\" header_font_size=\"32px\" header_line_height=\"1.4em\" header_2_line_height=\"1.4em\" header_3_font=\"|600|||||||\" header_3_line_height=\"1.4em\" custom_padding=\"||20px||false|false\" link_option_url_new_window=\"on\" hover_enabled=\"0\" header_2_font_size_tablet=\"22px\" header_2_font_size_phone=\"23px\" header_2_font_size_last_edited=\"on|phone\" header_3_font_size_tablet=\"\" header_3_font_size_phone=\"\" header_3_font_size_last_edited=\"on|phone\"]<p><span style=\"font-weight: 400;\"><\/span><\/p>\r\n<h2>Get involved in Canada\u2019s Adaptation Conference<\/h2>\r\n<p>Adaptation Canada 2026 will take place from September 22 to 24, 2026, at the Westin Harbour Castle in Toronto, on the traditional territory of the Mississaugas of the Credit, the Annishnabeg, the Chippewa, the Haudenosaunee and the Wendat peoples. A vibrant hub of government, business, and innovation, Toronto offers an ideal backdrop for discussions on climate adaptation, public\/private partnerships, and collective action.<\/p>\r\n<p>Registration is open, and a call for speakers is underway until Wednesday, November 19, 2025. This is your chance to share solutions, build partnerships, and help shape Canada\u2019s climate-ready future. To join the national conversation on climate adaptation:<\/p>\r\n<ul>\r\n<li><a href=\"https:\/\/adaptationcanada2026.ca\/registration\/\" target=\"_blank\" rel=\"noopener noreferrer\">Register\u00a0<\/a><\/li>\r\n<li><a href=\"https:\/\/adaptationcanada2026.ca\/call-for-speakers\/\" target=\"_blank\" rel=\"noopener noreferrer\">Submit a speaker application\u00a0<\/a><\/li>\r\n<li><a href=\"https:\/\/adaptationcanada2026.ca\/sponsor\/\" target=\"_blank\" rel=\"noopener noreferrer\">Explore options to partner with Adaptation Canada 2026<\/a><\/li>\r\n<li><a href=\"https:\/\/icleicanada.us12.list-manage.com\/subscribe?u=e3cc0564d955ddfa1ae97cb81&id=45fdde9fdb\" target=\"_blank\" rel=\"noopener noreferrer\">Sign up to our email list to receive updates<\/a><\/li>\r\n<\/ul>\r\n<p>Join us in shaping climate solutions across Canada.<\/p>\r\n[\/et_pb_text][\/et_pb_column][\/et_pb_row][\/et_pb_section][et_pb_section fb_built=\"1\" _builder_version=\"4.4.0\" custom_margin=\"||||false|false\" custom_padding=\"0px||||false|false\" hover_enabled=\"0\"][et_pb_row column_structure=\"1_4,1_4,1_4,1_4\" _builder_version=\"4.4.0\" custom_margin=\"20px||20px||false|false\" custom_padding=\"40px|40px|40px|40px|false|true\" hover_enabled=\"0\" max_width__hover_enabled=\"on|desktop\" background_enable_color=\"off\" background_image=\"https:\/\/icleicanada.org\/wp-content\/uploads\/2025\/09\/AC2026-2025-09-Blog-Feature-Image-1.png\"][et_pb_column type=\"1_4\" _builder_version=\"4.4.0\"][et_pb_blurb title=\"Register\" _builder_version=\"4.4.0\" use_icon=\"on\" font_icon=\"%%116%%\" icon_color=\"#FFFFFF\" header_text_align=\"center\" header_text_color=\"#FFFFFF\" hover_enabled=\"0\" header_font=\"|||on|||||\" url=\"https:\/\/adaptationcanada2026.ca\/registration\/\" link_option_url=\"https:\/\/adaptationcanada2026.ca\/registration\/\"][\/et_pb_blurb][\/et_pb_column][et_pb_column type=\"1_4\" _builder_version=\"4.4.0\"][et_pb_blurb title=\"Apply to speak\" _builder_version=\"4.4.0\" use_icon=\"on\" font_icon=\"%%75%%\" icon_color=\"#FFFFFF\" header_text_align=\"center\" header_text_color=\"#FFFFFF\" hover_enabled=\"0\" header_font=\"|||on|||||\" url=\"https:\/\/adaptationcanada2026.ca\/call-for-speakers\/\" link_option_url=\"https:\/\/adaptationcanada2026.ca\/call-for-speakers\/\"][\/et_pb_blurb][\/et_pb_column][et_pb_column type=\"1_4\" _builder_version=\"4.4.0\"][et_pb_blurb title=\"Become a sponsor\" _builder_version=\"4.4.0\" use_icon=\"on\" font_icon=\"%%169%%\" icon_color=\"#FFFFFF\" header_text_align=\"center\" header_text_color=\"#FFFFFF\" hover_enabled=\"0\" header_font=\"|||on|||||\" url=\"https:\/\/adaptationcanada2026.ca\/sponsor\/\" link_option_url=\"https:\/\/adaptationcanada2026.ca\/sponsor\/\"][\/et_pb_blurb][\/et_pb_column][et_pb_column type=\"1_4\" _builder_version=\"4.4.0\"][et_pb_blurb title=\"Stay informed\" _builder_version=\"4.4.0\" use_icon=\"on\" font_icon=\"%%109%%\" icon_color=\"#FFFFFF\" header_text_align=\"center\" header_text_color=\"#FFFFFF\" hover_enabled=\"0\" header_font=\"|||on|||||\" url=\"https:\/\/icleicanada.us12.list-manage.com\/subscribe?u=e3cc0564d955ddfa1ae97cb81&id=45fdde9fdb\" link_option_url=\"https:\/\/icleicanada.us12.list-manage.com\/subscribe?u=e3cc0564d955ddfa1ae97cb81&id=45fdde9fdb\"][\/et_pb_blurb][\/et_pb_column][\/et_pb_row][\/et_pb_section][et_pb_section fb_built=\"1\" admin_label=\"Footer\" _builder_version=\"4.4.0\" background_color=\"#00646c\" background_enable_image=\"off\" custom_padding=\"86px||90px||false|false\" global_module=\"57114\" saved_tabs=\"all\"][et_pb_row column_structure=\"1_3,2_3\" use_custom_gutter=\"on\" make_equal=\"on\" _builder_version=\"3.25\" background_size=\"initial\" background_position=\"top_left\" background_repeat=\"repeat\" custom_padding=\"|||\"][et_pb_column type=\"1_3\" _builder_version=\"3.25\" background_color=\"#ffffff\" background_position=\"top_left\" custom_padding=\"50px|40px|50px|40px\" custom_padding__hover=\"|||\"][et_pb_text admin_label=\"Contact US Title\" _builder_version=\"4.4.0\" text_font_size=\"16px\" header_font=\"Montserrat||||\" header_text_color=\"#1f1f1f\" header_font_size=\"22px\" custom_padding=\"0px|0px|0px|0px\" animation_direction=\"bottom\"]<h1>Reach us<\/h1>\r\n<p style=\"text-align: center;\">[\/et_pb_text][et_pb_text admin_label=\"Contact US Text\" _builder_version=\"4.4.0\" text_font=\"|300|||||||\" text_font_size=\"16px\" text_line_height=\"1.8em\" header_font=\"||||||||\" header_text_color=\"#1f1f1f\" custom_margin=\"20px||40px|\" custom_padding=\"0px|0px|0px|0px\" animation_direction=\"bottom\"]Contact us to learn more about our\u00a0 network, services, and events.<\/p>\r\n<p style=\"text-align: center;\">[\/et_pb_text][et_pb_blurb title=\"ICLEI Canada \" use_icon=\"on\" font_icon=\"%%249%%\" icon_placement=\"left\" use_icon_font_size=\"on\" icon_font_size=\"28px\" icon_font_size_last_edited=\"off|desktop\" admin_label=\"Address\" _builder_version=\"4.4.0\" header_font=\"|300|||||||\" header_font_size=\"17px\" body_font=\"|300|||||||\" body_font_size=\"15px\" custom_margin=\"|||\" animation_direction=\"bottom\"]<p>401 Richmond St W (Suite 204)<br \/> Toronto, ON M5V 3A8<\/p>\r\n<p style=\"text-align: center;\">[\/et_pb_blurb][et_pb_blurb use_icon=\"on\" font_icon=\"%%238%%\" icon_placement=\"left\" use_icon_font_size=\"on\" icon_font_size=\"28px\" icon_font_size_last_edited=\"off|desktop\" admin_label=\"Email\" _builder_version=\"4.4.0\" body_font=\"|300|||||||\" body_font_size=\"16px\" custom_margin=\"|||\" animation_direction=\"bottom\"]iclei-canada@iclei.org<\/p>\r\n<p style=\"text-align: center;\">[\/et_pb_blurb][et_pb_social_media_follow admin_label=\"Facebook\" _builder_version=\"4.4.0\" text_orientation=\"center\" custom_margin=\"|||\" border_radii=\"on|100%|100%|100%|100%\" link_shape=\"circle\"][et_pb_social_media_follow_network social_network=\"linkedin\" url=\"https:\/\/www.linkedin.com\/company\/iclei-canada\/\" _builder_version=\"4.4.0\" background_color=\"#c1c1c1\" custom_margin=\"|0px||\" bg_color=\"#007bb6\" link_shape=\"circle\" follow_button=\"off\" url_new_window=\"on\"]linkedin[\/et_pb_social_media_follow_network][\/et_pb_social_media_follow][et_pb_social_media_follow _builder_version=\"3.0.87\"][\/et_pb_social_media_follow][\/et_pb_column][et_pb_column type=\"2_3\" _builder_version=\"3.25\" background_color=\"#ffffff\" background_position=\"top_left\" custom_padding=\"50px|40px|50px|40px\" custom_padding__hover=\"|||\"][et_pb_text admin_label=\"Contact US Title\" _builder_version=\"4.4.0\" text_font_size=\"16px\" header_font=\"Montserrat||||\" header_text_color=\"#1f1f1f\" header_font_size=\"22px\" custom_padding=\"0px|0px|0px|0px\" animation_direction=\"bottom\"]<h1>Join our email list<\/h1>\r\n<p style=\"text-align: center;\">[\/et_pb_text][et_pb_code _builder_version=\"4.4.0\"]<!-- Begin Mailchimp Signup Form --><!-- [et_pb_line_break_holder] --><link href=\"\/\/cdn-images.mailchimp.com\/embedcode\/classic-071822.css\" rel=\"stylesheet\" type=\"text\/css\"><!-- [et_pb_line_break_holder] --><style type=\"text\/css\"><!-- [et_pb_line_break_holder] -->\t#mc_embed_signup{background:#fff; clear:left; font:14px Helvetica,Arial,sans-serif; }<!-- [et_pb_line_break_holder] -->\t\/* Add your own Mailchimp form style overrides in your site stylesheet or in this style block.<!-- [et_pb_line_break_holder] -->\t   We recommend moving this block and the preceding CSS link to the HEAD of your HTML file. *\/<!-- [et_pb_line_break_holder] --><\/style><!-- [et_pb_line_break_holder] --><div id=\"mc_embed_signup\"><!-- [et_pb_line_break_holder] -->    <form action=\"https:\/\/icleicanada.us12.list-manage.com\/subscribe\/post?u=e3cc0564d955ddfa1ae97cb81&id=45fdde9fdb&f_id=008ab0e0f0\" method=\"post\" id=\"mc-embedded-subscribe-form\" name=\"mc-embedded-subscribe-form\" class=\"validate\" target=\"_blank\" novalidate><!-- [et_pb_line_break_holder] -->        <div id=\"mc_embed_signup_scroll\"><!-- [et_pb_line_break_holder] -->        <div class=\"indicates-required\"><span class=\"asterisk\">*<\/span> indicates required<\/div><!-- [et_pb_line_break_holder] --><div class=\"mc-field-group\"><!-- [et_pb_line_break_holder] -->\t<label for=\"mce-EMAIL\">Email Address  <span class=\"asterisk\">*<\/span><!-- [et_pb_line_break_holder] --><\/label><!-- [et_pb_line_break_holder] -->\t<input type=\"email\" value=\"\" name=\"EMAIL\" class=\"required email\" id=\"mce-EMAIL\" required><!-- [et_pb_line_break_holder] -->\t<span id=\"mce-EMAIL-HELPERTEXT\" class=\"helper_text\"><\/span><!-- [et_pb_line_break_holder] --><\/div><!-- [et_pb_line_break_holder] --><div class=\"mc-field-group\"><!-- [et_pb_line_break_holder] -->\t<label for=\"mce-FNAME\">First Name  <span class=\"asterisk\">*<\/span><!-- [et_pb_line_break_holder] --><\/label><!-- [et_pb_line_break_holder] -->\t<input type=\"text\" value=\"\" name=\"FNAME\" class=\"required\" id=\"mce-FNAME\" required><!-- [et_pb_line_break_holder] -->\t<span id=\"mce-FNAME-HELPERTEXT\" class=\"helper_text\"><\/span><!-- [et_pb_line_break_holder] --><\/div><!-- [et_pb_line_break_holder] --><div class=\"mc-field-group\"><!-- [et_pb_line_break_holder] -->\t<label for=\"mce-LNAME\">Last Name <\/label><!-- [et_pb_line_break_holder] -->\t<input type=\"text\" value=\"\" name=\"LNAME\" class=\"\" id=\"mce-LNAME\"><!-- [et_pb_line_break_holder] -->\t<span id=\"mce-LNAME-HELPERTEXT\" class=\"helper_text\"><\/span><!-- [et_pb_line_break_holder] --><\/div><!-- [et_pb_line_break_holder] --><div class=\"mc-field-group\"><!-- [et_pb_line_break_holder] -->\t<label for=\"mce-MMERGE6\">Organization <\/label><!-- [et_pb_line_break_holder] -->\t<input type=\"text\" value=\"\" name=\"MMERGE6\" class=\"\" id=\"mce-MMERGE6\"><!-- [et_pb_line_break_holder] -->\t<span id=\"mce-MMERGE6-HELPERTEXT\" class=\"helper_text\"><\/span><!-- [et_pb_line_break_holder] --><\/div><!-- [et_pb_line_break_holder] -->\t<div id=\"mce-responses\" class=\"clear\"><!-- [et_pb_line_break_holder] -->\t\t<div class=\"response\" id=\"mce-error-response\" style=\"display:none\"><\/div><!-- [et_pb_line_break_holder] -->\t\t<div class=\"response\" id=\"mce-success-response\" style=\"display:none\"><\/div><!-- [et_pb_line_break_holder] -->\t<\/div>    <!-- real people should not fill this in and expect good things - do not remove this or risk form bot signups--><!-- [et_pb_line_break_holder] -->    <div style=\"position: absolute; left: -5000px;\" aria-hidden=\"true\"><input type=\"text\" name=\"b_e3cc0564d955ddfa1ae97cb81_45fdde9fdb\" tabindex=\"-1\" value=\"\"><\/div><!-- [et_pb_line_break_holder] -->    <div class=\"clear\"><input type=\"submit\" value=\"Subscribe\" name=\"subscribe\" id=\"mc-embedded-subscribe\" class=\"button\"><\/div><!-- [et_pb_line_break_holder] -->    <\/div><!-- [et_pb_line_break_holder] --><\/form><!-- [et_pb_line_break_holder] --><\/div><!-- [et_pb_line_break_holder] --><script type='text\/javascript' src='\/\/s3.amazonaws.com\/downloads.mailchimp.com\/js\/mc-validate.js'><\/script><script type='text\/javascript'>(function($) {window.fnames = new Array(); window.ftypes = new Array();fnames[0]='EMAIL';ftypes[0]='email';fnames[1]='FNAME';ftypes[1]='text';fnames[2]='LNAME';ftypes[2]='text';fnames[3]='ADDRESS';ftypes[3]='address';fnames[4]='PHONE';ftypes[4]='phone';fnames[5]='MMERGE5';ftypes[5]='text';fnames[6]='MMERGE6';ftypes[6]='text';}(jQuery));var $mcj = jQuery.noConflict(true);<\/script><!-- [et_pb_line_break_holder] --><!--End mc_embed_signup-->[\/et_pb_code][\/et_pb_column][\/et_pb_row][\/et_pb_section]","_et_gb_content_width":"","footnotes":""},"categories":[93,93],"tags":[],"class_list":["post-63694","post","type-post","status-publish","format-standard","has-post-thumbnail","hentry","category-nouvelles"],"_links":{"self":[{"href":"https:\/\/icleicanada.org\/fr\/wp-json\/wp\/v2\/posts\/63694","targetHints":{"allow":["GET"]}}],"collection":[{"href":"https:\/\/icleicanada.org\/fr\/wp-json\/wp\/v2\/posts"}],"about":[{"href":"https:\/\/icleicanada.org\/fr\/wp-json\/wp\/v2\/types\/post"}],"author":[{"embeddable":true,"href":"https:\/\/icleicanada.org\/fr\/wp-json\/wp\/v2\/users\/18"}],"replies":[{"embeddable":true,"href":"https:\/\/icleicanada.org\/fr\/wp-json\/wp\/v2\/comments?post=63694"}],"version-history":[{"count":5,"href":"https:\/\/icleicanada.org\/fr\/wp-json\/wp\/v2\/posts\/63694\/revisions"}],"predecessor-version":[{"id":64098,"href":"https:\/\/icleicanada.org\/fr\/wp-json\/wp\/v2\/posts\/63694\/revisions\/64098"}],"wp:featuredmedia":[{"embeddable":true,"href":"https:\/\/icleicanada.org\/fr\/wp-json\/wp\/v2\/media\/63680"}],"wp:attachment":[{"href":"https:\/\/icleicanada.org\/fr\/wp-json\/wp\/v2\/media?parent=63694"}],"wp:term":[{"taxonomy":"category","embeddable":true,"href":"https:\/\/icleicanada.org\/fr\/wp-json\/wp\/v2\/categories?post=63694"},{"taxonomy":"post_tag","embeddable":true,"href":"https:\/\/icleicanada.org\/fr\/wp-json\/wp\/v2\/tags?post=63694"}],"curies":[{"name":"wp","href":"https:\/\/api.w.org\/{rel}","templated":true}]}}