{"id":64176,"date":"2025-11-21T13:29:52","date_gmt":"2025-11-21T18:29:52","guid":{"rendered":"https:\/\/icleicanada.org\/?p=64176\/"},"modified":"2025-11-21T13:48:09","modified_gmt":"2025-11-21T18:48:09","slug":"programme-adaptation-canada","status":"publish","type":"post","link":"https:\/\/icleicanada.org\/fr\/programme-adaptation-canada\/","title":{"rendered":"Trouvez votre place dans le programme d\u2019Adaptation Canada 2026"},"content":{"rendered":"<p>[et_pb_section fb_built=\u00a0\u00bb1&Prime; admin_label=\u00a0\u00bbSplit Section\u00a0\u00bb module_id=\u00a0\u00bbnews\u00a0\u00bb _builder_version=\u00a0\u00bb4.4.0&Prime; max_width=\u00a0\u00bb75%\u00a0\u00bb module_alignment=\u00a0\u00bbcenter\u00a0\u00bb custom_margin=\u00a0\u00bb||||false|false\u00a0\u00bb custom_padding=\u00a0\u00bb20px||20px||false|false\u00a0\u00bb animation_style=\u00a0\u00bbfold\u00a0\u00bb animation_direction=\u00a0\u00bbbottom\u00a0\u00bb animation_intensity_fold=\u00a0\u00bb4%\u00a0\u00bb saved_tabs=\u00a0\u00bball\u00a0\u00bb][et_pb_row _builder_version=\u00a0\u00bb4.4.0&Prime;][et_pb_column type=\u00a0\u00bb4_4&Prime; _builder_version=\u00a0\u00bb4.4.0&Prime;][et_pb_text _builder_version=\u00a0\u00bb4.4.0&Prime; header_font_size=\u00a0\u00bb36px\u00a0\u00bb header_line_height=\u00a0\u00bb1.4em\u00a0\u00bb header_font_size_tablet=\u00a0\u00bb\u00a0\u00bb header_font_size_phone=\u00a0\u00bb26px\u00a0\u00bb header_font_size_last_edited=\u00a0\u00bbon|phone\u00a0\u00bb]<\/p>\n<h1>Trouvez votre place dans le programme d\u2019Adaptation Canada 2026<\/h1>\n<p>[\/et_pb_text][et_pb_text _builder_version=\u00a0\u00bb4.4.0&Prime; header_font_size=\u00a0\u00bb32px\u00a0\u00bb header_line_height=\u00a0\u00bb1.4em\u00a0\u00bb header_2_line_height=\u00a0\u00bb1.4em\u00a0\u00bb header_3_font=\u00a0\u00bb|600|||||||\u00a0\u00bb header_3_line_height=\u00a0\u00bb1.4em\u00a0\u00bb link_option_url_new_window=\u00a0\u00bbon\u00a0\u00bb header_2_font_size_tablet=\u00a0\u00bb22px\u00a0\u00bb header_2_font_size_phone=\u00a0\u00bb23px\u00a0\u00bb header_2_font_size_last_edited=\u00a0\u00bbon|desktop\u00a0\u00bb header_3_font_size_tablet=\u00a0\u00bb\u00a0\u00bb header_3_font_size_phone=\u00a0\u00bb\u00a0\u00bb header_3_font_size_last_edited=\u00a0\u00bbon|phone\u00a0\u00bb]<\/p>\n<h2>Parcourez les s\u00e9ances simultan\u00e9es pour rep\u00e9rer celles qui s\u2019alignent \u00e0 votre travail.<\/h2>\n<p>Pr\u00e9parer les collectivit\u00e9s canadiennes pour l\u2019avenir et pour les impacts climatiques qui s\u2019aggravent exige une approche intersectorielle o\u00f9 les gouvernements, les entreprises, les organismes sans but lucratif, les collectivit\u00e9s et les individus travaillent ensemble. Les organisations et les personnes qui souhaitent contribuer \u00e0 la conversation nationale sur l\u2019adaptation aux changements climatiques \u2014 et aborder les impacts climatiques gr\u00e2ce \u00e0 une approche pangouvernementale \u2014 sont invit\u00e9es \u00e0 soumettre une proposition pour pr\u00e9senter \u00e0 <a href=\"https:\/\/adaptationcanada2026.ca\/?lang=fr\" target=\"_blank\" rel=\"noopener noreferrer\">Adaptation Canada 2026<\/a>.<\/p>\n<p>Adaptation Canada 2026 est la principale conf\u00e9rence nationale sur l\u2019adaptation aux changements climatiques au Canada. Du 22 au 24 septembre 2026, des personnes et des organisations de tous les secteurs et de toutes les r\u00e9gions se r\u00e9uniront \u00e0 Toronto pour \u00e9changer des id\u00e9es, partager des solutions et susciter l\u2019action en mati\u00e8re de r\u00e9silience climatique. Pr\u00e9senter \u00e0 Adaptation Canada 2026 est une occasion de contribuer \u00e0 cette conversation nationale tout en mettant de l\u2019avant votre travail, en partageant des solutions pratiques, des histoires locales et des approches novatrices.<\/p>\n<p>Con\u00e7u conjointement par des experts en adaptation \u00e0 travers le pays, le programme d\u2019Adaptation Canada 2026 met en valeur la fa\u00e7on dont les Canadiens r\u00e9agissent, innovent, collaborent et font preuve de leadership dans tous les secteurs. Des savoirs autochtones aux outils num\u00e9riques, en passant par les infrastructures et la sant\u00e9, le programme est con\u00e7u pour briser les cloisonnements et \u00e9tablir des liens constructifs. R\u00e9pondez \u00e0 l&rsquo;appel \u00e0 conf\u00e9renciers d\u2019ici le 30 novembre 2025 pour contribuer \u00e0 l\u2019une des quelque 50 s\u00e9ances de la conf\u00e9rence.<\/p>\n<p>[\/et_pb_text][\/et_pb_column][\/et_pb_row][et_pb_row column_structure=\u00a0\u00bb2_5,3_5&Prime; module_id=\u00a0\u00bbLCF\u00a0\u00bb _builder_version=\u00a0\u00bb4.4.0&Prime; background_image=\u00a0\u00bbhttps:\/\/icleicanada.org\/wp-content\/uploads\/2025\/09\/AC2026-2025-09-Blog-Feature-Image-1.png\u00a0\u00bb custom_margin=\u00a0\u00bb20px||20px||false|false\u00a0\u00bb custom_padding=\u00a0\u00bb30px||30px||false|false\u00a0\u00bb][et_pb_column type=\u00a0\u00bb2_5&Prime; _builder_version=\u00a0\u00bb4.4.0&Prime;][et_pb_image src=\u00a0\u00bbhttps:\/\/icleicanada.org\/wp-content\/uploads\/2025\/09\/AC2026-2025-09-Blog-Image-3.png\u00a0\u00bb url=\u00a0\u00bb@ET-DC@eyJkeW5hbWljIjp0cnVlLCJjb250ZW50IjoicG9zdF9saW5rX3VybF9wb3N0Iiwic2V0dGluZ3MiOnsicG9zdF9pZCI6IjYzNjc2In19@\u00a0\u00bb url_new_window=\u00a0\u00bbon\u00a0\u00bb _builder_version=\u00a0\u00bb4.4.0&Prime; _dynamic_attributes=\u00a0\u00bburl\u00a0\u00bb custom_margin=\u00a0\u00bb|||40px|false|false\u00a0\u00bb custom_margin_tablet=\u00a0\u00bb|20px||20px|false|false\u00a0\u00bb custom_margin_phone=\u00a0\u00bb|20px||20px|false|false\u00a0\u00bb custom_margin_last_edited=\u00a0\u00bbon|tablet\u00a0\u00bb custom_padding=\u00a0\u00bb||||false|false\u00a0\u00bb][\/et_pb_image][\/et_pb_column][et_pb_column type=\u00a0\u00bb3_5&Prime; _builder_version=\u00a0\u00bb4.4.0&Prime;][et_pb_text _builder_version=\u00a0\u00bb4.4.0&Prime; header_2_line_height=\u00a0\u00bb1.4em\u00a0\u00bb background_layout=\u00a0\u00bbdark\u00a0\u00bb custom_margin=\u00a0\u00bb|20px||20px|false|false\u00a0\u00bb header_font_size_tablet=\u00a0\u00bb\u00a0\u00bb header_font_size_phone=\u00a0\u00bb27px\u00a0\u00bb header_font_size_last_edited=\u00a0\u00bbon|phone\u00a0\u00bb header_2_font_size_tablet=\u00a0\u00bb24px\u00a0\u00bb header_2_font_size_phone=\u00a0\u00bb23px\u00a0\u00bb header_2_font_size_last_edited=\u00a0\u00bbon|desktop\u00a0\u00bb]<\/p>\n<h2>En savoir plus sur Adaptation Canada et comment s&rsquo;impliquer.<\/h2>\n<p>[\/et_pb_text][et_pb_button button_url=\u00a0\u00bb@ET-DC@eyJkeW5hbWljIjp0cnVlLCJjb250ZW50IjoicG9zdF9saW5rX3VybF9wb3N0Iiwic2V0dGluZ3MiOnsicG9zdF9pZCI6IjYzNjc2In19@\u00a0\u00bb url_new_window=\u00a0\u00bbon\u00a0\u00bb button_text=\u00a0\u00bbEn savoir plus\u00a0\u00bb _builder_version=\u00a0\u00bb4.4.0&Prime; _dynamic_attributes=\u00a0\u00bbbutton_url\u00a0\u00bb custom_button=\u00a0\u00bbon\u00a0\u00bb button_text_color=\u00a0\u00bb#ffffff\u00a0\u00bb button_bg_color=\u00a0\u00bbrgba(0,0,0,0)\u00a0\u00bb button_border_color=\u00a0\u00bb#ffffff\u00a0\u00bb button_font=\u00a0\u00bb|600|||||||\u00a0\u00bb button_use_icon=\u00a0\u00bboff\u00a0\u00bb custom_margin=\u00a0\u00bb|2px||20px|false|false\u00a0\u00bb][\/et_pb_button][\/et_pb_column][\/et_pb_row][et_pb_row module_id=\u00a0\u00bbLCF\u00a0\u00bb _builder_version=\u00a0\u00bb4.4.0&Prime; custom_padding=\u00a0\u00bb||0px||false|false\u00a0\u00bb][et_pb_column type=\u00a0\u00bb4_4&Prime; _builder_version=\u00a0\u00bb4.4.0&Prime;][et_pb_text _builder_version=\u00a0\u00bb4.4.0&Prime; header_font_size=\u00a0\u00bb32px\u00a0\u00bb header_line_height=\u00a0\u00bb1.4em\u00a0\u00bb header_2_line_height=\u00a0\u00bb1.4em\u00a0\u00bb header_3_font=\u00a0\u00bb|600|||||||\u00a0\u00bb header_3_line_height=\u00a0\u00bb1.4em\u00a0\u00bb custom_padding=\u00a0\u00bb||||false|false\u00a0\u00bb link_option_url_new_window=\u00a0\u00bbon\u00a0\u00bb header_2_font_size_tablet=\u00a0\u00bb22px\u00a0\u00bb header_2_font_size_phone=\u00a0\u00bb23px\u00a0\u00bb header_2_font_size_last_edited=\u00a0\u00bbon|phone\u00a0\u00bb header_3_font_size_tablet=\u00a0\u00bb\u00a0\u00bb header_3_font_size_phone=\u00a0\u00bb\u00a0\u00bb header_3_font_size_last_edited=\u00a0\u00bbon|phone\u00a0\u00bb]<\/p>\n<h2>Trouvez votre place dans le programme<\/h2>\n<p>Le processus de soumission d\u2019une proposition de conf\u00e9rence \u00e0 Adaptation Canada est simple :<\/p>\n<ol>\n<li><a href=\"https:\/\/adaptationcanada2026.ca\/appel-a-presentations\/?lang=fr\" target=\"_blank\" rel=\"noopener noreferrer\">t\u00e9l\u00e9chargez et consultez le guide d\u2019information<\/a> pour les conf\u00e9renciers<\/li>\n<li><a href=\"https:\/\/adaptationcanada2026.ca\/seances\/?lang=fr\" target=\"_blank\" rel=\"noopener noreferrer\">rep\u00e9rez la s\u00e9ance<\/a> \u00e0 laquelle vous souhaitez participer<\/li>\n<li>s<a href=\"https:\/\/site.pheedloop.com\/portal\/event\/EVEHXTGEVFSJO\/submission\/CALESCJ2RJP84SM\/application#start\/?lang=FR\" target=\"_blank\" rel=\"noopener noreferrer\">oumettez votre demande<\/a> en ligne<\/li>\n<\/ol>\n<p>Il existe plusieurs fa\u00e7ons d\u2019explorer les s\u00e9ances et de trouver celle (ou celles) o\u00f9 vous pourrez partager vos connaissances et votre expertise. Vous trouverez ci-dessous la liste pr\u00e9liminaire des s\u00e9ances simultan\u00e9es, organis\u00e9e selon les th\u00e8mes principaux, les th\u00e8mes transversaux et par secteur, afin de vous aider \u00e0 trouver votre place dans le programme.<\/p>\n<blockquote><\/blockquote>\n<p>[\/et_pb_text][\/et_pb_column][\/et_pb_row][et_pb_row module_id=\u00a0\u00bbLCF\u00a0\u00bb _builder_version=\u00a0\u00bb4.4.0&Prime;][et_pb_column type=\u00a0\u00bb4_4&Prime; _builder_version=\u00a0\u00bb4.4.0&Prime;][et_pb_text _builder_version=\u00a0\u00bb4.4.0&Prime; header_font_size=\u00a0\u00bb32px\u00a0\u00bb header_line_height=\u00a0\u00bb1.4em\u00a0\u00bb header_2_line_height=\u00a0\u00bb1.4em\u00a0\u00bb header_3_font=\u00a0\u00bb|600|||||||\u00a0\u00bb header_3_line_height=\u00a0\u00bb1.4em\u00a0\u00bb link_option_url_new_window=\u00a0\u00bbon\u00a0\u00bb header_2_font_size_tablet=\u00a0\u00bb22px\u00a0\u00bb header_2_font_size_phone=\u00a0\u00bb23px\u00a0\u00bb header_2_font_size_last_edited=\u00a0\u00bbon|phone\u00a0\u00bb header_3_font_size_tablet=\u00a0\u00bb\u00a0\u00bb header_3_font_size_phone=\u00a0\u00bb\u00a0\u00bb header_3_font_size_last_edited=\u00a0\u00bbon|phone\u00a0\u00bb]<\/p>\n<h2>Explorer les s\u00e9ances par th\u00e8me principal<\/h2>\n<p>Le programme est structur\u00e9 autour de six th\u00e8mes interconnect\u00e9s afin d\u2019ancrer toutes les discussions dans l\u2019action concr\u00e8te, l\u2019\u00e9quit\u00e9 et l\u2019innovation. Des changements syst\u00e9miques aux solutions locales, ces th\u00e8mes explorent la complexit\u00e9 des risques climatiques et de la r\u00e9silience au Canada, tout en mettant en valeur un leadership diversifi\u00e9, des id\u00e9es audacieuses et les partenariats n\u00e9cessaires pour faire progresser l\u2019adaptation dans tous les secteurs et toutes les collectivit\u00e9s. Cette liste vous permet de voir toutes les s\u00e9ances pr\u00e9liminaires, regroup\u00e9es selon les th\u00e8mes principaux.<\/p>\n<blockquote><\/blockquote>\n<p>[\/et_pb_text][et_pb_accordion _builder_version=\u00a0\u00bb4.4.0&Prime;][et_pb_accordion_item title=\u00a0\u00bbNaviguer dans la complexit\u00e9 : risques, impacts et urgence\u00a0\u00bb open=\u00a0\u00bbon\u00a0\u00bb _builder_version=\u00a0\u00bb4.4.0&Prime;]<\/p>\n<p>1-1. La science du climat et au-del\u00e0 : la science et la prise de d\u00e9cision fond\u00e9e sur les donn\u00e9es<\/p>\n<p>1-2. De la sensibilisation \u00e0 la pr\u00e9paration aux risques : le r\u00f4le de la compr\u00e9hension des risques dans la mise en \u0153uvre de l\u2019adaptation<\/p>\n<p>1-3. Co\u00fbts et avantages : \u00e9tablir les arguments \u00e9conomiques en faveur de l\u2019adaptation<\/p>\n<p>1-4. Sant\u00e9 et bien-\u00eatre dans un climat en mutation : enjeux et perspectives pour l\u2019avenir<\/p>\n<p>1-5. Deuil climatique et sant\u00e9 mentale : soutenir le bien-\u00eatre mental et \u00e9motionnel \u00e0 l\u2019heure o\u00f9 les r\u00e9percussions s\u2019intensifient<\/p>\n<p>1-6. \u00c0 l\u2019horizon : les nouveaux enjeux dans un climat en mutation<\/p>\n<p>1-7. Tester des applications concr\u00e8tes : choisir les bonnes donn\u00e9es pour prendre les bonnes d\u00e9cisions<\/p>\n<p>1-8. Des messages qui trouvent \u00e9cho : une communication efficace pour la r\u00e9silience climatique<\/p>\n<p>1-9. Choisir le bon outil pour \u00e9valuer les risques li\u00e9s aux changements climatiques<\/p>\n<p>[\/et_pb_accordion_item][et_pb_accordion_item title=\u00a0\u00bbLe pouvoir des partenariats : co-cr\u00e9er l\u2019adaptation\u00a0\u00bb _builder_version=\u00a0\u00bb4.4.0&Prime; open=\u00a0\u00bboff\u00a0\u00bb]<\/p>\n<p>2-1. Partenariats cr\u00e9atifs : approches innovantes pour financer l\u2019adaptation<\/p>\n<p>2-2. Des solutions au-del\u00e0 des fronti\u00e8res municipales : faire progresser l\u2019adaptation gr\u00e2ce \u00e0 la collaboration r\u00e9gionale<\/p>\n<p>2-3. Des normes volontaires aux politiques concr\u00e8tes : normes, politiques et cadres r\u00e9glementaires pour l\u2019adaptation<\/p>\n<p>2-4. L\u2019avenir des for\u00eats canadiennes : trouver un \u00e9quilibre entre la conservation, la r\u00e9silience aux feux de for\u00eat et le secteur forestier<\/p>\n<p>2-5. Progr\u00e8s dans le secteur minier canadien : int\u00e9grer l\u2019adaptation dans les pratiques mini\u00e8res durables<\/p>\n<p>2-6. Nourrir l\u2019avenir : cultiver des syst\u00e8mes alimentaires r\u00e9silients aux changements climatiques<\/p>\n<p>2-7. Travailler ensemble face \u00e0 une double crise : perte de biodiversit\u00e9 et r\u00e9silience des \u00e9cosyst\u00e8mes dans un climat en mutation<\/p>\n<p>2-8. Tisser les savoirs pour \u00e9valuer les risques : int\u00e9grer la science climatique occidentale et les savoirs autochtones dans les \u00e9valuations des risques climatiques<\/p>\n<p>2-9. Des partenariats pour une cause : \u00e9tablir des ponts avec des alli\u00e9s inattendus<\/p>\n<p>[\/et_pb_accordion_item][et_pb_accordion_item title=\u00a0\u00bbConcevoir des solutions : l\u2019adaptation en pratique\u00a0\u00bb _builder_version=\u00a0\u00bb4.4.0&Prime; open=\u00a0\u00bboff\u00a0\u00bb]<\/p>\n<p>3-1. Construit pour durer : int\u00e9grer la r\u00e9silience dans les projets de logement et d\u2019infrastructure au Canada<\/p>\n<p>3-2. Qui en profite, qui paie? Mobiliser les capitaux priv\u00e9s pour l\u2019adaptation aux changements climatiques<\/p>\n<p>3-3. Petites collectivit\u00e9s, grand impact : renforcer les collectivit\u00e9s rurales dans un contexte de changements climatiques<\/p>\n<p>3-4. Travailler avec la nature : mettre en \u0153uvre des solutions bas\u00e9es sur la nature d\u2019un oc\u00e9an \u00e0 l\u2019autre<\/p>\n<p>3-5. Tirer parti de la gestion des actifs pour r\u00e9pondre aux enjeux climatiques : vers une strat\u00e9gie de r\u00e9silience durable<\/p>\n<p>3-6. D\u2019un oc\u00e9an \u00e0 l\u2019autre : la r\u00e9silience c\u00f4ti\u00e8re en action<\/p>\n<p>3-7. Surmonter les difficult\u00e9s li\u00e9es \u00e0 la cha\u00eene d\u2019approvisionnement : strat\u00e9gies d\u2019adaptation dans tous les secteurs<\/p>\n<p>3-8. (Re)construire pour de bon : approches \u00e9quitables et fond\u00e9es sur des donn\u00e9es probantes pour des logements r\u00e9silients aux changements climatiques<\/p>\n<p>3-9. Tout est question de perspective : surmonter les obstacles \u00e0 l\u2019action, r\u00e9els ou per\u00e7us<\/p>\n<p>[\/et_pb_accordion_item][et_pb_accordion_item title=\u00a0\u00bbL\u2019\u00e9quit\u00e9 au c\u0153ur du processus : adaptation juste et inclusive\u00a0\u00bb _builder_version=\u00a0\u00bb4.4.0&Prime; open=\u00a0\u00bboff\u00a0\u00bb]<\/p>\n<p>4-1. S\u2019attaquer aux causes profondes de la vuln\u00e9rabilit\u00e9 : vers une r\u00e9silience climatique pour tous<\/p>\n<p>4-2. Plus qu\u2019une question d\u2019argent : comprendre les co\u00fbts humains des changements climatiques<\/p>\n<p>4-3. Personne ne sera laiss\u00e9 pour compte : donner la priorit\u00e9 \u00e0 la justice pour les personnes handicap\u00e9es dans le cadre de l\u2019adaptation<\/p>\n<p>4-4. Une solution pour certains : les enjeux \u00e0 la crois\u00e9e de l\u2019\u00e9quit\u00e9 et des solutions bas\u00e9es sur la nature<\/p>\n<p>4-5. L\u2019\u00e9quit\u00e9 au premier plan : int\u00e9grer l\u2019\u00e9quit\u00e9 dans les projets d\u2019infrastructure<\/p>\n<p>4-6. Des liens qui unissent et construisent : renforcer la r\u00e9silience gr\u00e2ce aux infrastructures culturelles et sociales<\/p>\n<p>4-7. La solution unique n\u2019existe pas : promouvoir une adaptation \u00e9quitable aux changements climatiques<\/p>\n<p>4-8. Qu\u2019est-ce qui compte le plus? Aborder l\u2019adaptation aux changements climatiques sous l\u2019angle des valeurs<\/p>\n<p>&nbsp;<\/p>\n<p>[\/et_pb_accordion_item][et_pb_accordion_item title=\u00a0\u00bbLeadership adaptatif : des syst\u00e8mes pour le changement\u00a0\u00bb _builder_version=\u00a0\u00bb4.4.0&Prime; open=\u00a0\u00bboff\u00a0\u00bb]<\/p>\n<p>5-1. B\u00e2tir un Nord r\u00e9silient le leadership nordique face aux changements climatiques<\/p>\n<p>5-2. Histoires de leadership : l\u2019adaptation des peuples autochtones sur l\u2019\u00cele de la Tortue<\/p>\n<p>5-3. Indicateurs pertinents pour la r\u00e9silience : suivi, \u00e9valuation et apprentissage<\/p>\n<p>5-4. \u00c9chouer pour progresser : tirer les le\u00e7ons de ses erreurs et de ses \u00e9checs<\/p>\n<p>5-5. Constituer une main-d\u2019\u0153uvre pr\u00eate \u00e0 faire face aux changements climatiques : renforcer les capacit\u00e9s d\u2019adaptation dans tous les secteurs<\/p>\n<p>5-6. Diligence raisonnable : int\u00e9grer les cadres juridiques et r\u00e9glementaires dans l\u2019adaptation<\/p>\n<p>5-7. Lieu de rencontre : un espace de partage pour les sp\u00e9cialistes de l\u2019adaptation<\/p>\n<p>5-8. Briser les cloisonnements : faire progresser les mesures d\u2019adaptation int\u00e9gr\u00e9es<\/p>\n<p>&nbsp;<\/p>\n<p>[\/et_pb_accordion_item][et_pb_accordion_item title=\u00a0\u00bbHors des sentiers battus : approches innovantes et cr\u00e9atives\u00a0\u00bb _builder_version=\u00a0\u00bb4.4.0&Prime; open=\u00a0\u00bboff\u00a0\u00bb]<\/p>\n<p>6-1. AdapTech: Innover pour la r\u00e9silience<\/p>\n<p>6-2. L\u2019avenir de l\u2019agriculture : approches innovantes pour la r\u00e9silience agricole<\/p>\n<p>6-3. Se pr\u00e9parer au pire : repenser le r\u00e9tablissement postcatastrophe au Canada<\/p>\n<p>6-4. Promesses et pi\u00e8ges : explorer le r\u00f4le de l\u2019IA dans l\u2019adaptation<\/p>\n<p>6-5. Le r\u00e9cit de deux al\u00e9as : comment se pr\u00e9parer \u00e0 des crises aggrav\u00e9es<\/p>\n<p>6-6. L\u2019innovation autochtone \u00e0 l\u2019avant-garde de l\u2019adaptation<\/p>\n<p>6-7. Prendre du recul pour aller de l\u2019avant : tirer les le\u00e7ons des r\u00e9cits de retraits g\u00e9r\u00e9s<\/p>\n<p>6-8. Notre fa\u00e7on de raconter l\u2019histoire : communiquer \u00e0 travers l\u2019exp\u00e9rience<\/p>\n<p>6-9. Concevoir l\u2019appartenance : r\u00e9silience sociale, \u00e9quit\u00e9 en sant\u00e9 et environnement b\u00e2ti<\/p>\n<p>6-10. Les arts au service de l\u2019adaptation : la r\u00e9silience climatique gr\u00e2ce \u00e0 des interventions cr\u00e9atives<\/p>\n<p>[\/et_pb_accordion_item][\/et_pb_accordion][\/et_pb_column][\/et_pb_row][et_pb_row column_structure=\u00a0\u00bb3_5,2_5&Prime; module_id=\u00a0\u00bbLCF\u00a0\u00bb _builder_version=\u00a0\u00bb4.4.0&Prime; background_image=\u00a0\u00bbhttps:\/\/icleicanada.org\/wp-content\/uploads\/2025\/09\/AC2026-2025-09-Blog-Feature-Image-1.png\u00a0\u00bb custom_margin=\u00a0\u00bb20px||20px||false|false\u00a0\u00bb custom_padding=\u00a0\u00bb30px||30px||false|false\u00a0\u00bb][et_pb_column type=\u00a0\u00bb3_5&Prime; _builder_version=\u00a0\u00bb4.4.0&Prime;][et_pb_text _builder_version=\u00a0\u00bb4.4.0&Prime; header_2_line_height=\u00a0\u00bb1.4em\u00a0\u00bb background_layout=\u00a0\u00bbdark\u00a0\u00bb custom_margin=\u00a0\u00bb|20px||20px|false|false\u00a0\u00bb]<\/p>\n<h2>Visitez le site Web d&rsquo;Adaptation Canada pour lire les descriptions pr\u00e9liminaires des s\u00e9ances.<\/h2>\n<p>[\/et_pb_text][et_pb_button button_url=\u00a0\u00bbhttps:\/\/adaptationcanada2026.ca\/seances\/?lang=fr\u00a0\u00bb url_new_window=\u00a0\u00bbon\u00a0\u00bb button_text=\u00a0\u00bbLire maintenant\u00a0\u00bb _builder_version=\u00a0\u00bb4.4.0&Prime; custom_button=\u00a0\u00bbon\u00a0\u00bb button_text_color=\u00a0\u00bb#ffffff\u00a0\u00bb button_bg_color=\u00a0\u00bbrgba(0,0,0,0)\u00a0\u00bb button_border_color=\u00a0\u00bb#ffffff\u00a0\u00bb button_font=\u00a0\u00bb|600|||||||\u00a0\u00bb button_use_icon=\u00a0\u00bboff\u00a0\u00bb custom_margin=\u00a0\u00bb|2px||20px|false|false\u00a0\u00bb][\/et_pb_button][\/et_pb_column][et_pb_column type=\u00a0\u00bb2_5&Prime; _builder_version=\u00a0\u00bb4.4.0&Prime;][et_pb_image src=\u00a0\u00bbhttps:\/\/icleicanada.org\/wp-content\/uploads\/2025\/09\/AC2026-2025-09-Blog-Image-4.png\u00a0\u00bb url=\u00a0\u00bbhttps:\/\/adaptationcanada2026.ca\/seances\/?lang=fr\u00a0\u00bb url_new_window=\u00a0\u00bbon\u00a0\u00bb _builder_version=\u00a0\u00bb4.4.0&Prime; custom_margin=\u00a0\u00bb|40px|||false|false\u00a0\u00bb custom_margin_tablet=\u00a0\u00bb|20px||20px|false|false\u00a0\u00bb custom_margin_phone=\u00a0\u00bb\u00a0\u00bb custom_margin_last_edited=\u00a0\u00bbon|tablet\u00a0\u00bb][\/et_pb_image][\/et_pb_column][\/et_pb_row][et_pb_row module_id=\u00a0\u00bbLCF\u00a0\u00bb _builder_version=\u00a0\u00bb4.4.0&Prime;][et_pb_column type=\u00a0\u00bb4_4&Prime; _builder_version=\u00a0\u00bb4.4.0&Prime;][et_pb_text _builder_version=\u00a0\u00bb4.4.0&Prime; header_font_size=\u00a0\u00bb32px\u00a0\u00bb header_line_height=\u00a0\u00bb1.4em\u00a0\u00bb header_2_line_height=\u00a0\u00bb1.4em\u00a0\u00bb header_3_font=\u00a0\u00bb|600|||||||\u00a0\u00bb header_3_line_height=\u00a0\u00bb1.4em\u00a0\u00bb link_option_url_new_window=\u00a0\u00bbon\u00a0\u00bb header_2_font_size_tablet=\u00a0\u00bb22px\u00a0\u00bb header_2_font_size_phone=\u00a0\u00bb23px\u00a0\u00bb header_2_font_size_last_edited=\u00a0\u00bbon|phone\u00a0\u00bb header_3_font_size_tablet=\u00a0\u00bb\u00a0\u00bb header_3_font_size_phone=\u00a0\u00bb\u00a0\u00bb header_3_font_size_last_edited=\u00a0\u00bbon|phone\u00a0\u00bb]<\/p>\n<h2>Explorer les s\u00e9ances par th\u00e8me transversal<\/h2>\n<p>Outre les th\u00e8mes principaux, plusieurs th\u00e8mes transversaux sont abord\u00e9s dans le cadre du programme. La liste ci-dessous \u00e9num\u00e8re certaines des s\u00e9ances o\u00f9 ces th\u00e8mes sont \u00e9voqu\u00e9s.<\/p>\n<blockquote><\/blockquote>\n<p>[\/et_pb_text][et_pb_accordion _builder_version=\u00a0\u00bb4.4.0&Prime;][et_pb_accordion_item title=\u00a0\u00bbModes de savoir et de gouvernance autochtones\u00a0\u00bb open=\u00a0\u00bbon\u00a0\u00bb _builder_version=\u00a0\u00bb4.4.0&Prime;]<\/p>\n<p>2-7. Travailler ensemble face \u00e0 une double crise : perte de biodiversit\u00e9 et r\u00e9silience des \u00e9cosyst\u00e8mes dans un climat en mutation<\/p>\n<p>2-8. Tisser les savoirs pour \u00e9valuer les risques : int\u00e9grer la science climatique occidentale et les savoirs autochtones dans les \u00e9valuations des risques climatiques<\/p>\n<p>5-1. B\u00e2tir un Nord r\u00e9silient le leadership nordique face aux changements climatiques<\/p>\n<p>5-2. Histoires de leadership : l\u2019adaptation des peuples autochtones sur l\u2019\u00cele de la Tortue<\/p>\n<p>6-6. L\u2019innovation autochtone \u00e0 l\u2019avant-garde de l\u2019adaptation<\/p>\n<p>6-8. Notre fa\u00e7on de raconter l\u2019histoire : communiquer \u00e0 travers l\u2019exp\u00e9rience<\/p>\n<p>[\/et_pb_accordion_item][et_pb_accordion_item title=\u00a0\u00bb\u00c9quit\u00e9, la diversit\u00e9 et l\u2019inclusion au premier plan\u00a0\u00bb _builder_version=\u00a0\u00bb4.4.0&Prime; open=\u00a0\u00bboff\u00a0\u00bb]<\/p>\n<p>4-1. S\u2019attaquer aux causes profondes de la vuln\u00e9rabilit\u00e9 : vers une r\u00e9silience climatique pour tous<\/p>\n<p>4-2. Plus qu\u2019une question d\u2019argent : comprendre les co\u00fbts humains des changements climatiques<\/p>\n<p>4-3. Personne ne sera laiss\u00e9 pour compte : donner la priorit\u00e9 \u00e0 la justice pour les personnes handicap\u00e9es dans le cadre de l\u2019adaptation<\/p>\n<p>4-4. Une solution pour certains : les enjeux \u00e0 la crois\u00e9e de l\u2019\u00e9quit\u00e9 et des solutions bas\u00e9es sur la nature<\/p>\n<p>4-5. L\u2019\u00e9quit\u00e9 au premier plan : int\u00e9grer l\u2019\u00e9quit\u00e9 dans les projets d\u2019infrastructure<\/p>\n<p>4-6. Des liens qui unissent et construisent : renforcer la r\u00e9silience gr\u00e2ce aux infrastructures culturelles et sociales<\/p>\n<p>4-7. La solution unique n\u2019existe pas : promouvoir une adaptation \u00e9quitable aux changements climatiques<\/p>\n<p>4-8. Qu\u2019est-ce qui compte le plus? Aborder l\u2019adaptation aux changements climatiques sous l\u2019angle des valeurs<\/p>\n<p>6-9. Concevoir l\u2019appartenance : r\u00e9silience sociale, \u00e9quit\u00e9 en sant\u00e9 et environnement b\u00e2ti<\/p>\n<p>[\/et_pb_accordion_item][et_pb_accordion_item title=\u00a0\u00bbDonn\u00e9es climatiques et outils num\u00e9riques;\u00a0\u00bb _builder_version=\u00a0\u00bb4.4.0&Prime; open=\u00a0\u00bboff\u00a0\u00bb]<\/p>\n<p>1-1. La science du climat et au-del\u00e0 : la science et la prise de d\u00e9cision fond\u00e9e sur les donn\u00e9es<\/p>\n<p>1-7. Tester des applications concr\u00e8tes : choisir les bonnes donn\u00e9es pour prendre les bonnes d\u00e9cisions<\/p>\n<p>1-9. Choisir le bon outil pour \u00e9valuer les risques li\u00e9s aux changements climatiques<\/p>\n<p>5-3. Indicateurs pertinents pour la r\u00e9silience : suivi, \u00e9valuation et apprentissage<\/p>\n<p>6-4. Promesses et pi\u00e8ges : explorer le r\u00f4le de l\u2019IA dans l\u2019adaptation<\/p>\n<p>[\/et_pb_accordion_item][et_pb_accordion_item title=\u00a0\u00bbLeviers politiques et m\u00e9canismes r\u00e9glementaires\u00a0\u00bb _builder_version=\u00a0\u00bb4.4.0&Prime; open=\u00a0\u00bboff\u00a0\u00bb]<\/p>\n<p>2-2. Des solutions au-del\u00e0 des fronti\u00e8res municipales : faire progresser l\u2019adaptation gr\u00e2ce \u00e0 la collaboration r\u00e9gionale<\/p>\n<p>2-3. Des normes volontaires aux politiques concr\u00e8tes : normes, politiques et cadres r\u00e9glementaires pour l\u2019adaptation<\/p>\n<p>3-5. Tirer parti de la gestion des actifs pour r\u00e9pondre aux enjeux climatiques : vers une strat\u00e9gie de r\u00e9silience durable<\/p>\n<p>3-9. Tout est question de perspective : surmonter les obstacles \u00e0 l\u2019action, r\u00e9els ou per\u00e7us<\/p>\n<p>5-6. Diligence raisonnable : int\u00e9grer les cadres juridiques et r\u00e9glementaires dans l\u2019adaptation<\/p>\n<p>[\/et_pb_accordion_item][et_pb_accordion_item title=\u00a0\u00bbFinancement de la r\u00e9silience\u00a0\u00bb _builder_version=\u00a0\u00bb4.4.0&Prime; open=\u00a0\u00bboff\u00a0\u00bb]<\/p>\n<p>1-3. Co\u00fbts et avantages : \u00e9tablir les arguments \u00e9conomiques en faveur de l\u2019adaptation<\/p>\n<p>2-1. Partenariats cr\u00e9atifs : approches innovantes pour financer l\u2019adaptation<\/p>\n<p>3-2. Qui en profite, qui paie? Mobiliser les capitaux priv\u00e9s pour l\u2019adaptation aux changements climatiques<\/p>\n<p>[\/et_pb_accordion_item][et_pb_accordion_item title=\u00a0\u00bbRenforcement des capacit\u00e9s et leadership local\u00a0\u00bb _builder_version=\u00a0\u00bb4.4.0&Prime; open=\u00a0\u00bboff\u00a0\u00bb]<\/p>\n<p>2-9. Des partenariats pour une cause : \u00e9tablir des ponts avec des alli\u00e9s inattendus<\/p>\n<p>3-3. Petites collectivit\u00e9s, grand impact : renforcer les collectivit\u00e9s rurales dans un contexte de changements climatiques<\/p>\n<p>5-1. B\u00e2tir un Nord r\u00e9silient le leadership nordique face aux changements climatiques<\/p>\n<p>5-5. Constituer une main-d\u2019\u0153uvre pr\u00eate \u00e0 faire face aux changements climatiques : renforcer les capacit\u00e9s d\u2019adaptation dans tous les secteurs<\/p>\n<p>5-8. Briser les cloisonnements : faire progresser les mesures d\u2019adaptation int\u00e9gr\u00e9es<\/p>\n<p>[\/et_pb_accordion_item][et_pb_accordion_item title=\u00a0\u00bbBiodiversit\u00e9 et les services \u00e9cosyst\u00e9miques\u00a0\u00bb _builder_version=\u00a0\u00bb4.4.0&Prime; open=\u00a0\u00bboff\u00a0\u00bb]<\/p>\n<p>2-4. L\u2019avenir des for\u00eats canadiennes : trouver un \u00e9quilibre entre la conservation, la r\u00e9silience aux feux de for\u00eat et le secteur forestier<\/p>\n<p>2-7. Travailler ensemble face \u00e0 une double crise : perte de biodiversit\u00e9 et r\u00e9silience des \u00e9cosyst\u00e8mes dans un climat en mutation<\/p>\n<p>3-4. Travailler avec la nature : mettre en \u0153uvre des solutions bas\u00e9es sur la nature d\u2019un oc\u00e9an \u00e0 l\u2019autre<\/p>\n<p>4-4. Une solution pour certains : les enjeux \u00e0 la crois\u00e9e de l\u2019\u00e9quit\u00e9 et des solutions bas\u00e9es sur la nature<\/p>\n<p>[\/et_pb_accordion_item][\/et_pb_accordion][\/et_pb_column][\/et_pb_row][et_pb_row module_id=\u00a0\u00bbLCF\u00a0\u00bb _builder_version=\u00a0\u00bb4.4.0&Prime;][et_pb_column type=\u00a0\u00bb4_4&Prime; _builder_version=\u00a0\u00bb4.4.0&Prime;][et_pb_text _builder_version=\u00a0\u00bb4.4.0&Prime; header_font_size=\u00a0\u00bb32px\u00a0\u00bb header_line_height=\u00a0\u00bb1.4em\u00a0\u00bb header_2_line_height=\u00a0\u00bb1.4em\u00a0\u00bb header_3_font=\u00a0\u00bb|600|||||||\u00a0\u00bb header_3_line_height=\u00a0\u00bb1.4em\u00a0\u00bb link_option_url_new_window=\u00a0\u00bbon\u00a0\u00bb header_2_font_size_tablet=\u00a0\u00bb22px\u00a0\u00bb header_2_font_size_phone=\u00a0\u00bb23px\u00a0\u00bb header_2_font_size_last_edited=\u00a0\u00bbon|phone\u00a0\u00bb header_3_font_size_tablet=\u00a0\u00bb\u00a0\u00bb header_3_font_size_phone=\u00a0\u00bb\u00a0\u00bb header_3_font_size_last_edited=\u00a0\u00bbon|phone\u00a0\u00bb]<\/p>\n<h2>Explorer les s\u00e9ances par secteur<\/h2>\n<p>Explorer les s\u00e9ances par secteur est un autre moyen de trouver celle qui correspond le mieux \u00e0 votre expertise, votre exp\u00e9rience ou vos id\u00e9es novatrices dans le cadre du programme, et de voir comment les diff\u00e9rents secteurs r\u00e9agissent aux d\u00e9fis et aux opportunit\u00e9s li\u00e9s aux impacts climatiques. Utilisez cette liste comme point de d\u00e9part pour d\u00e9couvrir les s\u00e9ances pr\u00e9liminaires en fonction de domaines de travail sp\u00e9cifiques.<\/p>\n<blockquote><\/blockquote>\n<p>[\/et_pb_text][et_pb_accordion _builder_version=\u00a0\u00bb4.4.0&Prime;][et_pb_accordion_item title=\u00a0\u00bbles communications et l&rsquo;engagement\u00a0\u00bb open=\u00a0\u00bbon\u00a0\u00bb _builder_version=\u00a0\u00bb4.4.0&Prime;]<\/p>\n<p>1-8. Des messages qui trouvent \u00e9cho : une communication efficace pour la r\u00e9silience climatique<\/p>\n<p>4-8. Qu\u2019est-ce qui compte le plus? Aborder l\u2019adaptation aux changements climatiques sous l\u2019angle des valeurs<\/p>\n<p>6-8. Notre fa\u00e7on de raconter l\u2019histoire : communiquer \u00e0 travers l\u2019exp\u00e9rience<\/p>\n<p>6-10. Les arts au service de l\u2019adaptation : la r\u00e9silience climatique gr\u00e2ce \u00e0 des interventions cr\u00e9atives<\/p>\n<p>[\/et_pb_accordion_item][et_pb_accordion_item title=\u00a0\u00bbLa foresterie, l&rsquo;exploitation mini\u00e8re et l&rsquo;agriculture\u00a0\u00bb _builder_version=\u00a0\u00bb4.4.0&Prime; open=\u00a0\u00bboff\u00a0\u00bb]<\/p>\n<p>2-4. L\u2019avenir des for\u00eats canadiennes : trouver un \u00e9quilibre entre la conservation, la r\u00e9silience aux feux de for\u00eat et le secteur forestier<\/p>\n<p>2-5. Progr\u00e8s dans le secteur minier canadien : int\u00e9grer l\u2019adaptation dans les pratiques mini\u00e8res durables<\/p>\n<p>2-6. Nourrir l\u2019avenir : cultiver des syst\u00e8mes alimentaires r\u00e9silients aux changements climatiques<\/p>\n<p>6-2. L\u2019avenir de l\u2019agriculture : approches innovantes pour la r\u00e9silience agricole<\/p>\n<p>[\/et_pb_accordion_item][et_pb_accordion_item title=\u00a0\u00bbLe logement et les infrastructures\u00a0\u00bb _builder_version=\u00a0\u00bb4.4.0&Prime; open=\u00a0\u00bboff\u00a0\u00bb]<\/p>\n<p>3-1. Construit pour durer : int\u00e9grer la r\u00e9silience dans les projets de logement et d\u2019infrastructure au Canada<\/p>\n<p>3-8. (Re)construire pour de bon : approches \u00e9quitables et fond\u00e9es sur des donn\u00e9es probantes pour des logements r\u00e9silients aux changements climatiques<\/p>\n<p>4-5. L\u2019\u00e9quit\u00e9 au premier plan : int\u00e9grer l\u2019\u00e9quit\u00e9 dans les projets d\u2019infrastructure<\/p>\n<p>6-9. Concevoir l\u2019appartenance : r\u00e9silience sociale, \u00e9quit\u00e9 en sant\u00e9 et environnement b\u00e2ti<\/p>\n<p>[\/et_pb_accordion_item][et_pb_accordion_item title=\u00a0\u00bbLa sant\u00e9 et le bien-\u00eatre\u00a0\u00bb _builder_version=\u00a0\u00bb4.4.0&Prime; open=\u00a0\u00bboff\u00a0\u00bb]<\/p>\n<p>1-2. De la sensibilisation \u00e0 la pr\u00e9paration aux risques : le r\u00f4le de la compr\u00e9hension des risques dans la mise en \u0153uvre de l\u2019adaptation<\/p>\n<p>1-5. Deuil climatique et sant\u00e9 mentale : soutenir le bien-\u00eatre mental et \u00e9motionnel \u00e0 l\u2019heure o\u00f9 les r\u00e9percussions s\u2019intensifient<\/p>\n<p>4-2. Plus qu\u2019une question d\u2019argent : comprendre les co\u00fbts humains des changements climatiques<\/p>\n<p>6-9. Concevoir l\u2019appartenance : r\u00e9silience sociale, \u00e9quit\u00e9 en sant\u00e9 et environnement b\u00e2ti<\/p>\n<p>[\/et_pb_accordion_item][et_pb_accordion_item title=\u00a0\u00bbD\u00e9veloppement \u00e9conomique et innovation\u00a0\u00bb _builder_version=\u00a0\u00bb4.4.0&Prime; open=\u00a0\u00bboff\u00a0\u00bb]<\/p>\n<p>3-7. Surmonter les difficult\u00e9s li\u00e9es \u00e0 la cha\u00eene d\u2019approvisionnement : strat\u00e9gies d\u2019adaptation dans tous les secteurs<\/p>\n<p>5-5. Constituer une main-d\u2019\u0153uvre pr\u00eate \u00e0 faire face aux changements climatiques : renforcer les capacit\u00e9s d\u2019adaptation dans tous les secteurs<\/p>\n<p>6-1. AdapTech: Innover pour la r\u00e9silience<\/p>\n<p>6-4. Promesses et pi\u00e8ges : explorer le r\u00f4le de l\u2019IA dans l\u2019adaptation<\/p>\n<p>[\/et_pb_accordion_item][\/et_pb_accordion][\/et_pb_column][\/et_pb_row][et_pb_row module_id=\u00a0\u00bbLCF\u00a0\u00bb _builder_version=\u00a0\u00bb4.4.0&Prime; custom_padding=\u00a0\u00bb||0px||false|false\u00a0\u00bb][et_pb_column type=\u00a0\u00bb4_4&Prime; _builder_version=\u00a0\u00bb4.4.0&Prime;][et_pb_text _builder_version=\u00a0\u00bb4.4.0&Prime; header_font_size=\u00a0\u00bb32px\u00a0\u00bb header_line_height=\u00a0\u00bb1.4em\u00a0\u00bb header_2_line_height=\u00a0\u00bb1.4em\u00a0\u00bb header_3_font=\u00a0\u00bb|600|||||||\u00a0\u00bb header_3_line_height=\u00a0\u00bb1.4em\u00a0\u00bb link_option_url_new_window=\u00a0\u00bbon\u00a0\u00bb header_2_font_size_tablet=\u00a0\u00bb22px\u00a0\u00bb header_2_font_size_phone=\u00a0\u00bb23px\u00a0\u00bb header_2_font_size_last_edited=\u00a0\u00bbon|phone\u00a0\u00bb header_3_font_size_tablet=\u00a0\u00bb\u00a0\u00bb header_3_font_size_phone=\u00a0\u00bb\u00a0\u00bb header_3_font_size_last_edited=\u00a0\u00bbon|phone\u00a0\u00bb]<\/p>\n<h2>Soumettre une proposition de conf\u00e9rence<\/h2>\n<p>Une fois que vous avez trouv\u00e9 une s\u00e9ance qui correspond \u00e0 votre travail ou \u00e0 votre exp\u00e9rience v\u00e9cue :<\/p>\n<ul>\n<li><a href=\"https:\/\/adaptationcanada2026.ca\/appel-a-presentations\/?lang=fr\" target=\"_blank\" rel=\"noopener noreferrer\">t\u00e9l\u00e9chargez et consultez le Guide d\u2019information \u00e0 l\u2019intention des conf\u00e9renciers<\/a> ainsi que l\u2019addendum, qui fournit plus de d\u00e9tails sur la fa\u00e7on de structurer votre proposition<\/li>\n<li><a href=\"https:\/\/site.pheedloop.com\/portal\/event\/EVEHXTGEVFSJO\/submission\/CALESCJ2RJP84SM\/application#start\/?lang=FR\" target=\"_blank\" rel=\"noopener noreferrer\">remplissez le formulaire de soumission<\/a> pour les conf\u00e9renci\u00e8res et conf\u00e9renciers pour la s\u00e9ance que vous avez choisie<\/li>\n<li>soumettez votre demande d\u2019ici le dimanche 30 novembre 2025, \u00e0 23 h 59 (HP)<\/li>\n<\/ul>\n<p>Si vous souhaitez soumettre une proposition pour plusieurs s\u00e9ances, vous pouvez le faire en remplissant plus d&rsquo;un formulaire de soumission. Veuillez noter que le processus d\u2019examen vise un \u00e9quilibre dans la s\u00e9lection des conf\u00e9renciers, et qu\u2019une m\u00eame personne ou organisation pourrait \u00eatre accept\u00e9e un nombre limit\u00e9 de fois pour maintenir cet \u00e9quilibre. Pour cette raison, nous vous encourageons de privil\u00e9gier les s\u00e9ances o\u00f9 votre contribution aura le plus grand impact.<\/p>\n<p>Si vous avez des questions concernant le processus de candidature, veuillez \u00e9crire \u00e0 <a href=\"mailto:ac2026@iclei.org\" target=\"_blank\" rel=\"noopener noreferrer\">ac2026@iclei.org<\/a>.<\/p>\n<blockquote><\/blockquote>\n<p>[\/et_pb_text][\/et_pb_column][\/et_pb_row][\/et_pb_section][et_pb_section fb_built=\u00a0\u00bb1&Prime; _builder_version=\u00a0\u00bb4.4.0&Prime; custom_margin=\u00a0\u00bb||||false|false\u00a0\u00bb custom_padding=\u00a0\u00bb0px||||false|false\u00a0\u00bb][et_pb_row column_structure=\u00a0\u00bb1_3,1_3,1_3&Prime; _builder_version=\u00a0\u00bb4.4.0&Prime; background_enable_color=\u00a0\u00bboff\u00a0\u00bb background_image=\u00a0\u00bbhttps:\/\/icleicanada.org\/wp-content\/uploads\/2025\/09\/AC2026-2025-09-Blog-Feature-Image-1.png\u00a0\u00bb custom_margin=\u00a0\u00bb0px||40px||false|false\u00a0\u00bb custom_padding=\u00a0\u00bb40px|40px|40px|40px|false|true\u00a0\u00bb max_width__hover_enabled=\u00a0\u00bbon|desktop\u00a0\u00bb][et_pb_column type=\u00a0\u00bb1_3&Prime; _builder_version=\u00a0\u00bb4.4.0&Prime;][et_pb_image src=\u00a0\u00bbhttps:\/\/icleicanada.org\/wp-content\/uploads\/2025\/11\/2025-11-21-Adaptation-Canada-Images-3.png\u00a0\u00bb url=\u00a0\u00bbhttps:\/\/adaptationcanada2026.ca\/appel-a-presentations\/?lang=fr\u00a0\u00bb url_new_window=\u00a0\u00bbon\u00a0\u00bb _builder_version=\u00a0\u00bb4.4.0&Prime; width=\u00a0\u00bb70%\u00a0\u00bb module_alignment=\u00a0\u00bbcenter\u00a0\u00bb custom_padding_tablet=\u00a0\u00bb\u00a0\u00bb custom_padding_phone=\u00a0\u00bb\u00a0\u00bb custom_padding_last_edited=\u00a0\u00bbon|desktop\u00a0\u00bb][\/et_pb_image][et_pb_text _builder_version=\u00a0\u00bb4.4.0&Prime; header_2_line_height=\u00a0\u00bb1.4em\u00a0\u00bb header_4_text_align=\u00a0\u00bbcenter\u00a0\u00bb header_4_line_height=\u00a0\u00bb1.4em\u00a0\u00bb background_layout=\u00a0\u00bbdark\u00a0\u00bb custom_margin=\u00a0\u00bb|20px||20px|false|false\u00a0\u00bb link_option_url=\u00a0\u00bbhttps:\/\/adaptationcanada2026.ca\/appel-a-presentations\/?lang=fr\u00a0\u00bb link_option_url_new_window=\u00a0\u00bbon\u00a0\u00bb header_font_size_tablet=\u00a0\u00bb\u00a0\u00bb header_font_size_phone=\u00a0\u00bb27px\u00a0\u00bb header_font_size_last_edited=\u00a0\u00bbon|phone\u00a0\u00bb header_2_font_size_tablet=\u00a0\u00bb24px\u00a0\u00bb header_2_font_size_phone=\u00a0\u00bb23px\u00a0\u00bb header_2_font_size_last_edited=\u00a0\u00bbon|desktop\u00a0\u00bb]<\/p>\n<h4>T\u00e9l\u00e9charger et consulter le Guide d\u2019information<\/h4>\n<p>[\/et_pb_text][\/et_pb_column][et_pb_column type=\u00a0\u00bb1_3&Prime; _builder_version=\u00a0\u00bb4.4.0&Prime;][et_pb_image src=\u00a0\u00bbhttps:\/\/icleicanada.org\/wp-content\/uploads\/2025\/11\/2025-11-21-Adaptation-Canada-Images-1-1.png\u00a0\u00bb url=\u00a0\u00bbhttps:\/\/site.pheedloop.com\/portal\/event\/EVEHXTGEVFSJO\/submission\/CALESCJ2RJP84SM\/application#start\/?lang=FR\u00a0\u00bb url_new_window=\u00a0\u00bbon\u00a0\u00bb _builder_version=\u00a0\u00bb4.4.0&Prime; width=\u00a0\u00bb70%\u00a0\u00bb module_alignment=\u00a0\u00bbcenter\u00a0\u00bb custom_padding_tablet=\u00a0\u00bb\u00a0\u00bb custom_padding_phone=\u00a0\u00bb\u00a0\u00bb custom_padding_last_edited=\u00a0\u00bbon|desktop\u00a0\u00bb][\/et_pb_image][et_pb_text _builder_version=\u00a0\u00bb4.4.0&Prime; header_2_line_height=\u00a0\u00bb1.4em\u00a0\u00bb header_4_text_align=\u00a0\u00bbcenter\u00a0\u00bb header_4_line_height=\u00a0\u00bb1.4em\u00a0\u00bb background_layout=\u00a0\u00bbdark\u00a0\u00bb custom_margin=\u00a0\u00bb|20px||20px|false|false\u00a0\u00bb link_option_url=\u00a0\u00bbhttps:\/\/site.pheedloop.com\/portal\/event\/EVEHXTGEVFSJO\/submission\/CALESCJ2RJP84SM\/application#start\/?lang=FR\u00a0\u00bb link_option_url_new_window=\u00a0\u00bbon\u00a0\u00bb header_font_size_tablet=\u00a0\u00bb\u00a0\u00bb header_font_size_phone=\u00a0\u00bb27px\u00a0\u00bb header_font_size_last_edited=\u00a0\u00bbon|phone\u00a0\u00bb header_2_font_size_tablet=\u00a0\u00bb24px\u00a0\u00bb header_2_font_size_phone=\u00a0\u00bb23px\u00a0\u00bb header_2_font_size_last_edited=\u00a0\u00bbon|desktop\u00a0\u00bb]<\/p>\n<h4>Remplir le formulaire de soumission<\/h4>\n<p>[\/et_pb_text][\/et_pb_column][et_pb_column type=\u00a0\u00bb1_3&Prime; _builder_version=\u00a0\u00bb4.4.0&Prime;][et_pb_image src=\u00a0\u00bbhttps:\/\/icleicanada.org\/wp-content\/uploads\/2025\/11\/2025-11-21-Adaptation-Canada-Images-2.png\u00a0\u00bb url=\u00a0\u00bbhttps:\/\/mailchi.mp\/iclei.org\/liste-de-diffusion-adaptation-canada\u00a0\u00bb url_new_window=\u00a0\u00bbon\u00a0\u00bb _builder_version=\u00a0\u00bb4.4.0&Prime; width=\u00a0\u00bb70%\u00a0\u00bb module_alignment=\u00a0\u00bbcenter\u00a0\u00bb custom_padding_tablet=\u00a0\u00bb\u00a0\u00bb custom_padding_phone=\u00a0\u00bb\u00a0\u00bb custom_padding_last_edited=\u00a0\u00bbon|desktop\u00a0\u00bb][\/et_pb_image][et_pb_text _builder_version=\u00a0\u00bb4.4.0&Prime; header_2_line_height=\u00a0\u00bb1.4em\u00a0\u00bb header_4_text_align=\u00a0\u00bbcenter\u00a0\u00bb header_4_line_height=\u00a0\u00bb1.4em\u00a0\u00bb background_layout=\u00a0\u00bbdark\u00a0\u00bb custom_margin=\u00a0\u00bb|20px||20px|false|false\u00a0\u00bb link_option_url=\u00a0\u00bbhttps:\/\/mailchi.mp\/iclei.org\/liste-de-diffusion-adaptation-canada\u00a0\u00bb link_option_url_new_window=\u00a0\u00bbon\u00a0\u00bb header_font_size_tablet=\u00a0\u00bb\u00a0\u00bb header_font_size_phone=\u00a0\u00bb27px\u00a0\u00bb header_font_size_last_edited=\u00a0\u00bbon|phone\u00a0\u00bb header_2_font_size_tablet=\u00a0\u00bb24px\u00a0\u00bb header_2_font_size_phone=\u00a0\u00bb23px\u00a0\u00bb header_2_font_size_last_edited=\u00a0\u00bbon|desktop\u00a0\u00bb]<\/p>\n<h4>S\u2019inscrire \u00e0 la liste de diffusion d\u2019Adaptation Canada<\/h4>\n<p>[\/et_pb_text][\/et_pb_column][\/et_pb_row][et_pb_row _builder_version=\u00a0\u00bb4.4.0&Prime;][et_pb_column type=\u00a0\u00bb4_4&Prime; _builder_version=\u00a0\u00bb4.4.0&Prime;][et_pb_image src=\u00a0\u00bbhttps:\/\/icleicanada.org\/wp-content\/uploads\/2025\/06\/AC26_LOGO_Colour-Small.png\u00a0\u00bb url=\u00a0\u00bbhttps:\/\/adaptationcanada2026.ca\/?lang=fr\u00a0\u00bb url_new_window=\u00a0\u00bbon\u00a0\u00bb align=\u00a0\u00bbcenter\u00a0\u00bb _builder_version=\u00a0\u00bb4.4.0&Prime;][\/et_pb_image][et_pb_text _builder_version=\u00a0\u00bb4.4.0&Prime; header_5_font=\u00a0\u00bb|600|||||||\u00a0\u00bb header_5_line_height=\u00a0\u00bb1.4em\u00a0\u00bb width=\u00a0\u00bb70%\u00a0\u00bb module_alignment=\u00a0\u00bbcenter\u00a0\u00bb custom_margin=\u00a0\u00bb40px||||false|false\u00a0\u00bb custom_padding=\u00a0\u00bb||||false|false\u00a0\u00bb]<\/p>\n<div class=\"et_pb_module et_pb_text et_pb_text_4  et_pb_text_align_center et_pb_bg_layout_light\">\n<div class=\"et_pb_text_inner\">\n<p><em>Adaptation Canada 2026 est organis\u00e9 par ICLEI Canada avec le soutien d\u2019un r\u00e9seau de partenaires. La conf\u00e9rence est financ\u00e9e en partie par le gouvernement du Canada.<\/em><span style=\"font-size: 14px;\">\u00a0<\/span><\/p>\n<\/div>\n<\/div>\n<p>[\/et_pb_text][\/et_pb_column][\/et_pb_row][\/et_pb_section][et_pb_section fb_built=\u00a0\u00bb1&Prime; admin_label=\u00a0\u00bbFooter\u00a0\u00bb _builder_version=\u00a0\u00bb4.4.0&Prime; background_color=\u00a0\u00bb#00646c\u00a0\u00bb background_enable_image=\u00a0\u00bboff\u00a0\u00bb custom_padding=\u00a0\u00bb86px||90px||false|false\u00a0\u00bb global_module=\u00a0\u00bb57871&Prime; saved_tabs=\u00a0\u00bball\u00a0\u00bb][et_pb_row column_structure=\u00a0\u00bb1_3,2_3&Prime; use_custom_gutter=\u00a0\u00bbon\u00a0\u00bb make_equal=\u00a0\u00bbon\u00a0\u00bb _builder_version=\u00a0\u00bb3.25&Prime; background_size=\u00a0\u00bbinitial\u00a0\u00bb background_position=\u00a0\u00bbtop_left\u00a0\u00bb background_repeat=\u00a0\u00bbrepeat\u00a0\u00bb custom_padding=\u00a0\u00bb|||\u00a0\u00bb][et_pb_column type=\u00a0\u00bb1_3&Prime; _builder_version=\u00a0\u00bb3.25&Prime; background_color=\u00a0\u00bb#ffffff\u00a0\u00bb background_position=\u00a0\u00bbtop_left\u00a0\u00bb custom_padding=\u00a0\u00bb50px|40px|50px|40px\u00a0\u00bb custom_padding__hover=\u00a0\u00bb|||\u00a0\u00bb][et_pb_text admin_label=\u00a0\u00bbContact US Title\u00a0\u00bb _builder_version=\u00a0\u00bb4.4.0&Prime; text_font_size=\u00a0\u00bb16px\u00a0\u00bb header_font=\u00a0\u00bbMontserrat||||\u00a0\u00bb header_text_color=\u00a0\u00bb#1f1f1f\u00a0\u00bb header_font_size=\u00a0\u00bb22px\u00a0\u00bb custom_padding=\u00a0\u00bb0px|0px|0px|0px\u00a0\u00bb animation_style=\u00a0\u00bbfold\u00a0\u00bb animation_direction=\u00a0\u00bbbottom\u00a0\u00bb animation_intensity_fold=\u00a0\u00bb20%\u00a0\u00bb]<\/p>\n<div class=\"et_pb_module et_pb_text et_pb_text_11 et_pb_text_align_left et_pb_bg_layout_light et_had_animation\">\n<div class=\"et_pb_text_inner\">\n<h1>Nous joindre<\/h1>\n<\/div>\n<\/div>\n<p style=\"text-align: center;\">[\/et_pb_text][et_pb_text admin_label=\u00a0\u00bbContact US Text\u00a0\u00bb _builder_version=\u00a0\u00bb4.4.0&Prime; text_font=\u00a0\u00bb|300|||||||\u00a0\u00bb text_font_size=\u00a0\u00bb16px\u00a0\u00bb text_line_height=\u00a0\u00bb1.8em\u00a0\u00bb header_font=\u00a0\u00bb||||||||\u00a0\u00bb header_text_color=\u00a0\u00bb#1f1f1f\u00a0\u00bb custom_margin=\u00a0\u00bb20px||40px|\u00a0\u00bb custom_padding=\u00a0\u00bb0px|0px|0px|0px\u00a0\u00bb animation_style=\u00a0\u00bbfold\u00a0\u00bb animation_direction=\u00a0\u00bbbottom\u00a0\u00bb animation_intensity_fold=\u00a0\u00bb20%\u00a0\u00bb]<\/p>\n<p>Communiquez avec nous pour en apprendre davantage au sujet de notre r\u00e9seau, de nos services et de nos \u00e9v\u00e9nements.<\/p>\n<p style=\"text-align: center;\">[\/et_pb_text][et_pb_blurb title=\u00a0\u00bbICLEI Canada \u00a0\u00bb use_icon=\u00a0\u00bbon\u00a0\u00bb font_icon=\u00a0\u00bb%%249%%\u00a0\u00bb icon_placement=\u00a0\u00bbleft\u00a0\u00bb use_icon_font_size=\u00a0\u00bbon\u00a0\u00bb icon_font_size=\u00a0\u00bb28px\u00a0\u00bb icon_font_size_last_edited=\u00a0\u00bboff|desktop\u00a0\u00bb admin_label=\u00a0\u00bbAddress\u00a0\u00bb _builder_version=\u00a0\u00bb4.4.0&Prime; header_font=\u00a0\u00bb|300|||||||\u00a0\u00bb header_font_size=\u00a0\u00bb17px\u00a0\u00bb body_font=\u00a0\u00bb|300|||||||\u00a0\u00bb body_font_size=\u00a0\u00bb15px\u00a0\u00bb custom_margin=\u00a0\u00bb|||\u00a0\u00bb animation_style=\u00a0\u00bbfold\u00a0\u00bb animation_direction=\u00a0\u00bbbottom\u00a0\u00bb animation_intensity_fold=\u00a0\u00bb20%\u00a0\u00bb]<\/p>\n<p>401 Richmond St W (Suite 204)<br \/> Toronto, ON M5V 3A8<\/p>\n<p style=\"text-align: center;\">[\/et_pb_blurb][et_pb_blurb use_icon=\u00a0\u00bbon\u00a0\u00bb font_icon=\u00a0\u00bb%%238%%\u00a0\u00bb icon_placement=\u00a0\u00bbleft\u00a0\u00bb use_icon_font_size=\u00a0\u00bbon\u00a0\u00bb icon_font_size=\u00a0\u00bb28px\u00a0\u00bb icon_font_size_last_edited=\u00a0\u00bboff|desktop\u00a0\u00bb admin_label=\u00a0\u00bbEmail\u00a0\u00bb _builder_version=\u00a0\u00bb4.4.0&Prime; body_font=\u00a0\u00bb|300|||||||\u00a0\u00bb body_font_size=\u00a0\u00bb16px\u00a0\u00bb custom_margin=\u00a0\u00bb|||\u00a0\u00bb animation_style=\u00a0\u00bbfold\u00a0\u00bb animation_direction=\u00a0\u00bbbottom\u00a0\u00bb animation_intensity_fold=\u00a0\u00bb20%\u00a0\u00bb]iclei-canada@iclei.org<\/p>\n<p style=\"text-align: center;\">[\/et_pb_blurb][et_pb_social_media_follow admin_label=\u00a0\u00bbFacebook\u00a0\u00bb _builder_version=\u00a0\u00bb4.4.0&Prime; text_orientation=\u00a0\u00bbcenter\u00a0\u00bb custom_margin=\u00a0\u00bb|||\u00a0\u00bb border_radii=\u00a0\u00bbon|100%|100%|100%|100%\u00a0\u00bb link_shape=\u00a0\u00bbcircle\u00a0\u00bb][et_pb_social_media_follow_network social_network=\u00a0\u00bblinkedin\u00a0\u00bb url=\u00a0\u00bbhttps:\/\/www.linkedin.com\/company\/iclei-canada\/\u00a0\u00bb _builder_version=\u00a0\u00bb4.4.0&Prime; background_color=\u00a0\u00bb#c1c1c1&Prime; custom_margin=\u00a0\u00bb|0px||\u00a0\u00bb bg_color=\u00a0\u00bb#007bb6&Prime; link_shape=\u00a0\u00bbcircle\u00a0\u00bb follow_button=\u00a0\u00bboff\u00a0\u00bb url_new_window=\u00a0\u00bbon\u00a0\u00bb]linkedin[\/et_pb_social_media_follow_network][\/et_pb_social_media_follow][et_pb_social_media_follow _builder_version=\u00a0\u00bb3.0.87&Prime;][\/et_pb_social_media_follow][\/et_pb_column][et_pb_column type=\u00a0\u00bb2_3&Prime; _builder_version=\u00a0\u00bb3.25&Prime; background_color=\u00a0\u00bb#ffffff\u00a0\u00bb background_position=\u00a0\u00bbtop_left\u00a0\u00bb custom_padding=\u00a0\u00bb50px|40px|50px|40px\u00a0\u00bb custom_padding__hover=\u00a0\u00bb|||\u00a0\u00bb][et_pb_text admin_label=\u00a0\u00bbContact US Title\u00a0\u00bb _builder_version=\u00a0\u00bb4.4.0&Prime; text_font_size=\u00a0\u00bb16px\u00a0\u00bb header_font=\u00a0\u00bbMontserrat||||\u00a0\u00bb header_text_color=\u00a0\u00bb#1f1f1f\u00a0\u00bb header_font_size=\u00a0\u00bb22px\u00a0\u00bb custom_padding=\u00a0\u00bb0px|0px|0px|0px\u00a0\u00bb animation_style=\u00a0\u00bbfold\u00a0\u00bb animation_direction=\u00a0\u00bbbottom\u00a0\u00bb animation_intensity_fold=\u00a0\u00bb20%\u00a0\u00bb]<\/p>\n<h1>Inscrivez-vous \u00e0 notre liste de diffusion<\/h1>\n<p style=\"text-align: center;\">[\/et_pb_text][et_pb_code _builder_version=\u00a0\u00bb4.4.0&Prime;]<!-- Begin Mailchimp Signup Form --><!-- [et_pb_line_break_holder] --><link href=\"\/\/cdn-images.mailchimp.com\/embedcode\/classic-071822.css\" rel=\"stylesheet\" type=\"text\/css\"><!-- [et_pb_line_break_holder] --><\/p>\n<style type=\"text\/css\"><!-- [et_pb_line_break_holder] -->\t#mc_embed_signup{background:#fff; clear:left; font:14px Helvetica,Arial,sans-serif; }<!-- [et_pb_line_break_holder] -->\t\/* Add your own Mailchimp form style overrides in your site stylesheet or in this style block.<!-- [et_pb_line_break_holder] -->\t   We recommend moving this block and the preceding CSS link to the HEAD of your HTML file. *\/<!-- [et_pb_line_break_holder] --><\/style>\n<p><!-- [et_pb_line_break_holder] --><\/p>\n<div id=\"mc_embed_signup\"><!-- [et_pb_line_break_holder] -->    <\/p>\n<form action=\"https:\/\/icleicanada.us12.list-manage.com\/subscribe\/post?u=e3cc0564d955ddfa1ae97cb81&#038;id=45fdde9fdb&#038;f_id=008ab0e0f0\" method=\"post\" id=\"mc-embedded-subscribe-form\" name=\"mc-embedded-subscribe-form\" class=\"validate\" target=\"_blank\" novalidate><!-- [et_pb_line_break_holder] -->        <\/p>\n<div id=\"mc_embed_signup_scroll\"><!-- [et_pb_line_break_holder] -->        <\/p>\n<div class=\"indicates-required\"><span class=\"asterisk\">*<\/span> indicates required<\/div>\n<p><!-- [et_pb_line_break_holder] --><\/p>\n<div class=\"mc-field-group\"><!-- [et_pb_line_break_holder] -->\t<label for=\"mce-EMAIL\">Email Address  <span class=\"asterisk\">*<\/span><!-- [et_pb_line_break_holder] --><\/label><!-- [et_pb_line_break_holder] -->\t<input type=\"email\" value=\"\" name=\"EMAIL\" class=\"required email\" id=\"mce-EMAIL\" required><!-- [et_pb_line_break_holder] -->\t<span id=\"mce-EMAIL-HELPERTEXT\" class=\"helper_text\"><\/span><!-- [et_pb_line_break_holder] --><\/div>\n<p><!-- [et_pb_line_break_holder] --><\/p>\n<div class=\"mc-field-group\"><!-- [et_pb_line_break_holder] -->\t<label for=\"mce-FNAME\">First Name  <span class=\"asterisk\">*<\/span><!-- [et_pb_line_break_holder] --><\/label><!-- [et_pb_line_break_holder] -->\t<input type=\"text\" value=\"\" name=\"FNAME\" class=\"required\" id=\"mce-FNAME\" required><!-- [et_pb_line_break_holder] -->\t<span id=\"mce-FNAME-HELPERTEXT\" class=\"helper_text\"><\/span><!-- [et_pb_line_break_holder] --><\/div>\n<p><!-- [et_pb_line_break_holder] --><\/p>\n<div class=\"mc-field-group\"><!-- [et_pb_line_break_holder] -->\t<label for=\"mce-LNAME\">Last Name <\/label><!-- [et_pb_line_break_holder] -->\t<input type=\"text\" value=\"\" name=\"LNAME\" class=\"\" id=\"mce-LNAME\"><!-- [et_pb_line_break_holder] -->\t<span id=\"mce-LNAME-HELPERTEXT\" class=\"helper_text\"><\/span><!-- [et_pb_line_break_holder] --><\/div>\n<p><!-- [et_pb_line_break_holder] --><\/p>\n<div class=\"mc-field-group\"><!-- [et_pb_line_break_holder] -->\t<label for=\"mce-MMERGE6\">Organization <\/label><!-- [et_pb_line_break_holder] -->\t<input type=\"text\" value=\"\" name=\"MMERGE6\" class=\"\" id=\"mce-MMERGE6\"><!-- [et_pb_line_break_holder] -->\t<span id=\"mce-MMERGE6-HELPERTEXT\" class=\"helper_text\"><\/span><!-- [et_pb_line_break_holder] --><\/div>\n<p><!-- [et_pb_line_break_holder] -->\t<\/p>\n<div id=\"mce-responses\" class=\"clear\"><!-- [et_pb_line_break_holder] -->\t\t<\/p>\n<div class=\"response\" id=\"mce-error-response\" style=\"display:none\"><\/div>\n<p><!-- [et_pb_line_break_holder] -->\t\t<\/p>\n<div class=\"response\" id=\"mce-success-response\" style=\"display:none\"><\/div>\n<p><!-- [et_pb_line_break_holder] -->\t<\/div>\n<p>    <!-- real people should not fill this in and expect good things - do not remove this or risk form bot signups--><!-- [et_pb_line_break_holder] -->    <\/p>\n<div style=\"position: absolute; left: -5000px;\" aria-hidden=\"true\"><input type=\"text\" name=\"b_e3cc0564d955ddfa1ae97cb81_45fdde9fdb\" tabindex=\"-1\" value=\"\"><\/div>\n<p><!-- [et_pb_line_break_holder] -->    <\/p>\n<div class=\"clear\"><input type=\"submit\" value=\"Subscribe\" name=\"subscribe\" id=\"mc-embedded-subscribe\" class=\"button\"><\/div>\n<p><!-- [et_pb_line_break_holder] -->    <\/div>\n<p><!-- [et_pb_line_break_holder] --><\/form>\n<p><!-- [et_pb_line_break_holder] --><\/div>\n<p><!-- [et_pb_line_break_holder] --><script type='text\/javascript' src='\/\/s3.amazonaws.com\/downloads.mailchimp.com\/js\/mc-validate.js'><\/script><script type='text\/javascript'>(function($) {window.fnames = new Array(); window.ftypes = new Array();fnames[0]='EMAIL';ftypes[0]='email';fnames[1]='FNAME';ftypes[1]='text';fnames[2]='LNAME';ftypes[2]='text';fnames[3]='ADDRESS';ftypes[3]='address';fnames[4]='PHONE';ftypes[4]='phone';fnames[5]='MMERGE5';ftypes[5]='text';fnames[6]='MMERGE6';ftypes[6]='text';}(jQuery));var $mcj = jQuery.noConflict(true);<\/script>[\/et_pb_code][\/et_pb_column][\/et_pb_row][\/et_pb_section]<\/p>\n","protected":false},"excerpt":{"rendered":"<p>[et_pb_section fb_built=\u00a0\u00bb1&Prime; admin_label=\u00a0\u00bbSplit Section\u00a0\u00bb module_id=\u00a0\u00bbnews\u00a0\u00bb _builder_version=\u00a0\u00bb4.4.0&Prime; max_width=\u00a0\u00bb75%\u00a0\u00bb module_alignment=\u00a0\u00bbcenter\u00a0\u00bb custom_margin=\u00a0\u00bb||||false|false\u00a0\u00bb custom_padding=\u00a0\u00bb20px||20px||false|false\u00a0\u00bb animation_style=\u00a0\u00bbfold\u00a0\u00bb animation_direction=\u00a0\u00bbbottom\u00a0\u00bb animation_intensity_fold=\u00a0\u00bb4%\u00a0\u00bb saved_tabs=\u00a0\u00bball\u00a0\u00bb][et_pb_row _builder_version=\u00a0\u00bb4.4.0&Prime;][et_pb_column type=\u00a0\u00bb4_4&Prime; _builder_version=\u00a0\u00bb4.4.0&Prime;][et_pb_text _builder_version=\u00a0\u00bb4.4.0&Prime; header_font_size=\u00a0\u00bb36px\u00a0\u00bb header_line_height=\u00a0\u00bb1.4em\u00a0\u00bb header_font_size_tablet=\u00a0\u00bb\u00a0\u00bb header_font_size_phone=\u00a0\u00bb26px\u00a0\u00bb header_font_size_last_edited=\u00a0\u00bbon|phone\u00a0\u00bb] Trouvez votre place dans le programme d\u2019Adaptation Canada 2026 [\/et_pb_text][et_pb_text _builder_version=\u00a0\u00bb4.4.0&Prime; header_font_size=\u00a0\u00bb32px\u00a0\u00bb header_line_height=\u00a0\u00bb1.4em\u00a0\u00bb header_2_line_height=\u00a0\u00bb1.4em\u00a0\u00bb header_3_font=\u00a0\u00bb|600|||||||\u00a0\u00bb header_3_line_height=\u00a0\u00bb1.4em\u00a0\u00bb link_option_url_new_window=\u00a0\u00bbon\u00a0\u00bb header_2_font_size_tablet=\u00a0\u00bb22px\u00a0\u00bb header_2_font_size_phone=\u00a0\u00bb23px\u00a0\u00bb header_2_font_size_last_edited=\u00a0\u00bbon|desktop\u00a0\u00bb header_3_font_size_tablet=\u00a0\u00bb\u00a0\u00bb header_3_font_size_phone=\u00a0\u00bb\u00a0\u00bb header_3_font_size_last_edited=\u00a0\u00bbon|phone\u00a0\u00bb] Parcourez les s\u00e9ances simultan\u00e9es pour rep\u00e9rer celles qui s\u2019alignent [&hellip;]<\/p>\n","protected":false},"author":18,"featured_media":64157,"comment_status":"closed","ping_status":"closed","sticky":false,"template":"","format":"standard","meta":{"_et_pb_use_builder":"on","_et_pb_old_content":"[et_pb_section fb_built=\"1\" admin_label=\"Split Section\" module_id=\"news\" _builder_version=\"4.4.0\" max_width=\"75%\" module_alignment=\"center\" custom_margin=\"||||false|false\" custom_padding=\"20px||20px||false|false\" animation_style=\"fold\" animation_direction=\"bottom\" animation_intensity_fold=\"4%\" saved_tabs=\"all\"][et_pb_row _builder_version=\"4.4.0\"][et_pb_column type=\"4_4\" _builder_version=\"4.4.0\"][et_pb_text _builder_version=\"4.4.0\" header_font_size=\"36px\" header_line_height=\"1.4em\" header_font_size_tablet=\"\" header_font_size_phone=\"26px\" header_font_size_last_edited=\"on|phone\"]<h1>Find Your Place in the Adaptation Canada 2026 Program<\/h1>[\/et_pb_text][et_pb_text _builder_version=\"4.4.0\" header_font_size=\"32px\" header_line_height=\"1.4em\" header_2_line_height=\"1.4em\" header_3_font=\"|600|||||||\" header_3_line_height=\"1.4em\" link_option_url_new_window=\"on\" header_2_font_size_tablet=\"22px\" header_2_font_size_phone=\"23px\" header_2_font_size_last_edited=\"on|desktop\" header_3_font_size_tablet=\"\" header_3_font_size_phone=\"\" header_3_font_size_last_edited=\"on|phone\"]<h2>Review the concurrent sessions to find those that align with your work.<\/h2>\r\n<p>Preparing Canadian communities for the future and worsening climate impacts requires a cross-sectoral approach where governments, businesses, nonprofits, communities, and individuals work together. Organizations and individuals who want to contribute to Canada\u2019s conversation on climate adaptation\u2014and address climate impacts through a whole-of-society approach\u2014can apply to present at <a href=\"https:\/\/adaptationcanada2026.ca\/\" target=\"_blank\" rel=\"noopener noreferrer\">Adaptation Canada 2026<\/a>.<\/p>\r\n<p>Adaptation Canada 2026 is Canada\u2019s national conference on climate adaptation. From September 22 to 24, 2026 people and organizations from across sectors and regions will come together in Toronto to exchange ideas, share solutions, and spark action on climate resilience. Speaking at Adaptation Canada 2026 is an opportunity to contribute to this national conversation while promoting your work and sharing practical solutions, local stories and innovative approaches.<\/p>\r\n<p>Co-designed by adaptation experts from across Canada, the program showcases how Canadians are responding, innovating, collaborating, and leading across sectors. From Indigenous knowledge to digital tools, infrastructure to health, the program is designed to break down silos and trigger meaningful connections. Answer the call for speakers by November 30, 2025, to contribute to one of the 50+ conference sessions.\u00a0<\/p>[\/et_pb_text][\/et_pb_column][\/et_pb_row][et_pb_row column_structure=\"2_5,3_5\" module_id=\"LCF\" _builder_version=\"4.4.0\" background_image=\"https:\/\/icleicanada.org\/wp-content\/uploads\/2025\/09\/AC2026-2025-09-Blog-Feature-Image-1.png\" custom_margin=\"20px||20px||false|false\" custom_padding=\"30px||30px||false|false\"][et_pb_column type=\"2_5\" _builder_version=\"4.4.0\"][et_pb_image src=\"https:\/\/icleicanada.org\/wp-content\/uploads\/2025\/09\/AC2026-2025-09-Blog-Image-3.png\" url=\"@ET-DC@eyJkeW5hbWljIjp0cnVlLCJjb250ZW50IjoicG9zdF9saW5rX3VybF9wb3N0Iiwic2V0dGluZ3MiOnsicG9zdF9pZCI6IjYzNjc2In19@\" url_new_window=\"on\" _builder_version=\"4.4.0\" _dynamic_attributes=\"url\" custom_margin=\"|||40px|false|false\" custom_margin_tablet=\"|20px||20px|false|false\" custom_margin_phone=\"|20px||20px|false|false\" custom_margin_last_edited=\"on|tablet\" custom_padding=\"||||false|false\"][\/et_pb_image][\/et_pb_column][et_pb_column type=\"3_5\" _builder_version=\"4.4.0\"][et_pb_text _builder_version=\"4.4.0\" header_2_line_height=\"1.4em\" background_layout=\"dark\" custom_margin=\"|20px||20px|false|false\" header_font_size_tablet=\"\" header_font_size_phone=\"27px\" header_font_size_last_edited=\"on|phone\" header_2_font_size_tablet=\"24px\" header_2_font_size_phone=\"23px\" header_2_font_size_last_edited=\"on|desktop\"]<h2>Learn more about Adaptation Canada and how to get involved.<\/h2>[\/et_pb_text][et_pb_button button_url=\"@ET-DC@eyJkeW5hbWljIjp0cnVlLCJjb250ZW50IjoicG9zdF9saW5rX3VybF9wb3N0Iiwic2V0dGluZ3MiOnsicG9zdF9pZCI6IjYzNjc2In19@\" url_new_window=\"on\" button_text=\"Learn more\" _builder_version=\"4.4.0\" _dynamic_attributes=\"button_url\" custom_button=\"on\" button_text_color=\"#ffffff\" button_bg_color=\"rgba(0,0,0,0)\" button_border_color=\"#ffffff\" button_font=\"|600|||||||\" button_use_icon=\"off\" custom_margin=\"|2px||20px|false|false\"][\/et_pb_button][\/et_pb_column][\/et_pb_row][et_pb_row module_id=\"LCF\" _builder_version=\"4.4.0\" custom_padding=\"||0px||false|false\"][et_pb_column type=\"4_4\" _builder_version=\"4.4.0\"][et_pb_text _builder_version=\"4.4.0\" header_font_size=\"32px\" header_line_height=\"1.4em\" header_2_line_height=\"1.4em\" header_3_font=\"|600|||||||\" header_3_line_height=\"1.4em\" custom_padding=\"||||false|false\" link_option_url_new_window=\"on\" header_2_font_size_tablet=\"22px\" header_2_font_size_phone=\"23px\" header_2_font_size_last_edited=\"on|phone\" header_3_font_size_tablet=\"\" header_3_font_size_phone=\"\" header_3_font_size_last_edited=\"on|phone\"]<h2>Find Your Place in the Program<\/h2>\r\n<p>Submitting a proposal to speak at Adaptation Canada is a straightforward process.<\/p>\r\n<ol>\r\n<li>Download and review the speaker information guide<\/li>\r\n<li>Identify a session you would like to be involved in<\/li>\r\n<li>Submit an application online<\/li>\r\n<\/ol>\r\n<p>There are several ways to explore sessions and find one (or more) where you can share your knowledge and expertise. Below, you will find the program's preliminary concurrent sessions listed based on main conference themes, cross-cutting themes, and from a sector perspective to help you find your place in the program.<\/p>\r\n<blockquote><\/blockquote>[\/et_pb_text][\/et_pb_column][\/et_pb_row][et_pb_row module_id=\"LCF\" _builder_version=\"4.4.0\"][et_pb_column type=\"4_4\" _builder_version=\"4.4.0\"][et_pb_text _builder_version=\"4.4.0\" header_font_size=\"32px\" header_line_height=\"1.4em\" header_2_line_height=\"1.4em\" header_3_font=\"|600|||||||\" header_3_line_height=\"1.4em\" link_option_url_new_window=\"on\" header_2_font_size_tablet=\"22px\" header_2_font_size_phone=\"23px\" header_2_font_size_last_edited=\"on|phone\" header_3_font_size_tablet=\"\" header_3_font_size_phone=\"\" header_3_font_size_last_edited=\"on|phone\"]<h2>Explore Sessions by Main Theme<\/h2>\r\n<p>The Adaptation Canada 2026 program is developed around six interconnected themes to ground all discussions in real-world action, equity, and innovation. From systems change to on-the-ground solutions, these themes explore the complexity of climate risk and resilience in Canada while highlighting diverse leadership, bold ideas, and the partnerships needed to move adaptation forward across all sectors and communities. This list lets you see all preliminary sessions, organized based on main themes.<\/p>\r\n<blockquote><\/blockquote>[\/et_pb_text][et_pb_accordion _builder_version=\"4.4.0\"][et_pb_accordion_item title=\"Navigating Complexity: Risks, Impact and Urgency\" open=\"on\" _builder_version=\"4.4.0\"]<p>1-1. Climate Science and Beyond: Science and Data-Informed Decision-Making<\/p>\r\n<p>1-2. From Risk Awareness to Risk Readiness: The Role of Understanding Risk in Implementing Adaptation<\/p>\r\n<p>1-3. Costs and Benefits: Building the Economic Case for Adaptation<\/p>\r\n<p>1-4. Health and Wellbeing in a Changing Climate: Challenges and Opportunities on the Road Ahead<\/p>\r\n<p>1-5. Climate Grief and Mental Health: Supporting Mental and Emotional Wellbeing as Impacts Increase<\/p>\r\n<p>1-6. On the Horizon: Emerging Issues in a Changing Climate<\/p>\r\n<p>1-7. Testing Real-World Applications: Choosing the Right Data for the Right Decision<\/p>\r\n<p>1-8. Messaging that Resonates: Effective Communications for Climate Resilience<\/p>\r\n<p>1-9. Choosing the Right Tool for Climate Change Risk Assessment<\/p>[\/et_pb_accordion_item][et_pb_accordion_item title=\"Power in Partnerships: Co-creating Adaptation\" _builder_version=\"4.4.0\" open=\"off\"]<p>2-1. Creative Partnerships: Innovative Approaches to Financing Adaptation<\/p>\r\n<p>2-2. Solutions Beyond Municipal Borders: Advancing Adaptation through Regional Collaboration<\/p>\r\n<p>2-3. From Voluntary Standards to Actionable Policies: Standards, Policies, and Regulatory Frameworks for Adaptation<\/p>\r\n<p>2-4. The Future of Canadian Forests: Balancing Conservation, Wildfire Resilience, and the Forestry Sector<\/p>\r\n<p>2-5. Progress in Canada's Mining Sector: Integrating Adaptation into Sustainable Mining Practices<\/p>\r\n<p>2-6. Feeding the Future: Cultivating Climate Resilient Food Systems<\/p>\r\n<p>2-7. Working Together in the Face of Dual Crises: Biodiversity Loss and Ecosystem Resilience in a Changing Climate<\/p>\r\n<p>2-8. Weaving Knowledge to Assess Risk: Integrating Western Climate Science and Indigenous Knowledge into Climate Change Risk Assessments<\/p>\r\n<p>2-9. Partnerships for a Purpose: Building Bridges with Unlikely Allies<\/p>[\/et_pb_accordion_item][et_pb_accordion_item title=\"Designing Solutions: Adaptation in Practice\" _builder_version=\"4.4.0\" open=\"off\"]<p>3-1. Built to Last: Mainstreaming Resilience across Housing and Infrastructure Projects in Canada<\/p>\r\n<p>3-2. Who Benefits, Who Pays? Leveraging Private Capital for Climate Adaptation<\/p>\r\n<p>3-3. Small Communities, Big Impact: Strengthening Rural Communities in a Changing Climate<\/p>\r\n<p>3-4. Working with Nature: Implementing Nature-Based Solutions from Coast-to-Coast<\/p>\r\n<p>3-5. Leveraging Asset Management for Climate Challenges: Towards a Strategy for Sustainable Resilience<\/p>\r\n<p>3-6. From Coast to Coast: Coastal Resilience in Action<\/p>\r\n<p>3-7. Navigating Supply Chain Challenges: Adaptation Strategies Across Sectors<\/p>\r\n<p>3-8. (Re)Building for Good: Equitable, Evidence-Based Approaches to Climate-Resilient Housing<\/p>\r\n<p>3-9. Perspective is Everything: Overcoming Real and Perceived Barriers to Action<\/p>[\/et_pb_accordion_item][et_pb_accordion_item title=\"Equity at the Centre: Just and Inclusive Adaptation\" _builder_version=\"4.4.0\" open=\"off\"]<p>4-1. Addressing Root Causes of Vulnerability: Moving Towards Climate Resilience for All<\/p>\r\n<p>4-2. Not Just Dollars and Cents: Understanding the Human Costs of Climate Change<\/p>\r\n<p>4-3. No One Left Behind: Prioritizing Disability Justice in Adaptation<\/p>\r\n<p>4-4. A Solution for Some: Challenges at the Intersection of Equity and Nature-Based Solutions<\/p>\r\n<p>4-5. Equity at the Forefront: Integrating Equity into Infrastructure Projects<\/p>\r\n<p>4-6. Ties that Bind and Build: Strengthening Resilience through Cultural and Social Infrastructure<\/p>\r\n<p>4-7. No One-Size Fits All Solutions: Advancing Equitable Climate Adaptation<\/p>\r\n<p>4-8. What Matters? Approaching Climate Adaptation through a Values-based Lens<\/p>[\/et_pb_accordion_item][et_pb_accordion_item title=\"Adaptive Leadership: Systems for Change\" _builder_version=\"4.4.0\" open=\"off\"]<p>5-1. Building a Resilient North: Northern Leadership in the Face of Climate Change<\/p>\r\n<p>5-2. Stories of Leadership: Indigenous Adaptation Across Turtle Island<\/p>\r\n<p>5-3. Meaningful Metrics for Resilience: Monitoring, Evaluation, and Learning<\/p>\r\n<p>5-4. Failing Forward: Learning from Missteps and Mistakes<\/p>\r\n<p>5-5. Building a Climate-Ready Workforce: Strengthening Adaptation Skills Across Sectors<\/p>\r\n<p>5-6. Due Diligence: Factoring Legal and Regulatory Frameworks into Adaptation<\/p>\r\n<p>5-7. Coming Together: A Sharing Space for Adaptation Specialists<\/p>\r\n<p>5-8. Breaking Down Silos: Advancing Integrated Adaptation Action<\/p>[\/et_pb_accordion_item][et_pb_accordion_item title=\"Outside the Box: Innovative and Creative Approaches\" _builder_version=\"4.4.0\" open=\"off\"]<p>6-1. AdapTech: Innovating for Resilience<\/p>\r\n<p>6-2. The Future of Farming: Innovative Approaches to Agricultural Resilience<\/p>\r\n<p>6-3. Preparing for the Worst: Rethinking Disaster Recovery in Canada<\/p>\r\n<p>6-4. Promises and Pitfalls: Exploring the Role of AI in Adaptation<\/p>\r\n<p>6-5. A Tale of Two Hazards: How to Prepare for Compounding Crises<\/p>\r\n<p>6-6. Indigenous Innovation at the Forefront of Adaptation<\/p>\r\n<p>6-7. Retreating to Move Forward: Learning from Stories of Managed Retreat<\/p>\r\n<p>6-8. How We Tell the Story: Communicating Across Experience<\/p>\r\n<p>6-9. Designing Belonging: Social Resilience, Health Equity, and the Built Environment<\/p>\r\n<p>6-10. Arts for Adaptation: Climate Resilience through Creative Interventions<\/p>[\/et_pb_accordion_item][\/et_pb_accordion][\/et_pb_column][\/et_pb_row][et_pb_row module_id=\"LCF\" _builder_version=\"4.4.0\" background_image=\"https:\/\/icleicanada.org\/wp-content\/uploads\/2025\/09\/AC2026-2025-09-Blog-Feature-Image-1.png\" custom_margin=\"20px||20px||false|false\" custom_padding=\"30px||30px||false|false\"][et_pb_column type=\"4_4\" _builder_version=\"4.4.0\"][et_pb_text _builder_version=\"4.4.0\" header_2_line_height=\"1.4em\" background_layout=\"dark\" custom_margin=\"|20px||20px|false|false\"]<h2>Visit the Adaptation Canada website to read the preliminary session descriptions.<\/h2>[\/et_pb_text][et_pb_button button_url=\"https:\/\/adaptationcanada2026.ca\/sessions\/\" url_new_window=\"on\" button_text=\"Read now\" _builder_version=\"4.4.0\" custom_button=\"on\" button_text_color=\"#ffffff\" button_bg_color=\"rgba(0,0,0,0)\" button_border_color=\"#ffffff\" button_font=\"|600|||||||\" button_use_icon=\"off\" custom_margin=\"|2px||20px|false|false\"][\/et_pb_button][\/et_pb_column][\/et_pb_row][et_pb_row module_id=\"LCF\" _builder_version=\"4.4.0\"][et_pb_column type=\"4_4\" _builder_version=\"4.4.0\"][et_pb_text _builder_version=\"4.4.0\" header_font_size=\"32px\" header_line_height=\"1.4em\" header_2_line_height=\"1.4em\" header_3_font=\"|600|||||||\" header_3_line_height=\"1.4em\" link_option_url_new_window=\"on\" header_2_font_size_tablet=\"22px\" header_2_font_size_phone=\"23px\" header_2_font_size_last_edited=\"on|phone\" header_3_font_size_tablet=\"\" header_3_font_size_phone=\"\" header_3_font_size_last_edited=\"on|phone\"]<h2>Explore Sessions by Cross-Cutting Theme<\/h2>\r\n<p>Alongside the main themes, several cross-cutting themes are reflected across numerous program areas. The list below identifies some of the sessions where these are featured.<\/p>\r\n<blockquote><\/blockquote>[\/et_pb_text][et_pb_accordion _builder_version=\"4.4.0\"][et_pb_accordion_item title=\"Indigenous Ways of Knowing and Governance\" open=\"on\" _builder_version=\"4.4.0\"]<p>2-8. Weaving Knowledge to Assess Risk: Integrating Western Climate Science and Indigenous Knowledge into Climate Change Risk Assessments<\/p>\r\n<p>5-2. Stories of Leadership: Indigenous Adaptation Across Turtle Island<\/p>\r\n<p>5-8. Breaking Down Silos: Advancing Integrated Adaptation Action<\/p>\r\n<p>6-6. Indigenous Innovation at the Forefront of Adaptation<\/p>\r\n<p>6-8. How We Tell the Story: Communicating Across Experience<\/p>[\/et_pb_accordion_item][et_pb_accordion_item title=\"Equity, Diversity, and Inclusion\" _builder_version=\"4.4.0\" open=\"off\"]<p>4-1. Addressing Root Causes of Vulnerability: Moving Towards Climate Resilience for All<\/p>\r\n<p>4-2. Not Just Dollars and Cents: Understanding the Human Costs of Climate Change<\/p>\r\n<p>4-3. No One Left Behind: Prioritizing Disability Justice in Adaptation<\/p>\r\n<p>4-4. A Solution for Some: Challenges at the Intersection of Equity and Nature-Based Solutions<\/p>\r\n<p>4-5. Equity at the Forefront: Integrating Equity into Infrastructure Projects<\/p>\r\n<p>4-6. Ties that Bind and Build: Strengthening Resilience through Cultural and Social Infrastructure<\/p>\r\n<p>4-7. No One-Size Fits All Solutions: Advancing Equitable Climate Adaptation<\/p>\r\n<p>4-8. What Matters? Approaching Climate Adaptation through a Values-based Lens<\/p>\r\n<p>6-9. Designing Belonging: Social Resilience, Health Equity, and the Built Environment<\/p>[\/et_pb_accordion_item][et_pb_accordion_item title=\"Climate Data and Digital Tools\" _builder_version=\"4.4.0\" open=\"off\"]<p>1-1. Climate Science and Beyond: Science and Data-Informed Decision-Making<\/p>\r\n<p>1-7. Testing Real-World Applications: Choosing the Right Data for the Right Decision<\/p>\r\n<p>1-9. Choosing the Right Tool for Climate Change Risk Assessment<\/p>\r\n<p>5-3. Meaningful Metrics for Resilience: Monitoring, Evaluation, and Learning<\/p>\r\n<p>6-4. Promises and Pitfalls: Exploring the Role of AI in Adaptation<\/p>[\/et_pb_accordion_item][et_pb_accordion_item title=\"Policy Levers and Regulatory Mechanisms\" _builder_version=\"4.4.0\" open=\"off\"]<p>2-3. From Voluntary Standards to Actionable Policies: Standards, Policies, and Regulatory Frameworks for Adaptation<\/p>\r\n<p>2-2. Solutions Beyond Municipal Borders: Advancing Adaptation through Regional Collaboration<\/p>\r\n<p>3-5. Leveraging Asset Management for Climate Challenges: Towards a Strategy for Sustainable Resilience<\/p>\r\n<p>3-9. Perspective is Everything: Overcoming Real and Perceived Barriers to Action<\/p>\r\n<p>5-6. Due Diligence: Factoring Legal & Regulatory Frameworks into Adaptation<\/p>[\/et_pb_accordion_item][et_pb_accordion_item title=\"Resilience Financing\" _builder_version=\"4.4.0\" open=\"off\"]<p>1-3. Costs and Benefits: Building the Economic Case for Adaptation<\/p>\r\n<p>2-1. Creative Partnerships: Innovative Approaches to Financing Adaptation<\/p>\r\n<p>3-2. Who Benefits, Who Pays? Leveraging Private Capital for Climate Adaptation<\/p>[\/et_pb_accordion_item][et_pb_accordion_item title=\"Capacity Building and Local Leadership\" _builder_version=\"4.4.0\" open=\"off\"]<p>2-9. Partnerships for a Purpose: Building Bridges with Unlikely Allies<\/p>\r\n<p>3-3. Small Communities, Big Impact: Strengthening Rural Communities in a Changing Climate<\/p>\r\n<p>5-1. Building a Resilient North: Northern Leadership in the Face of Climate Change<\/p>\r\n<p>5-5. Building a Climate-Ready Workforce: Strengthening Adaptation Skills Across Sectors<\/p>\r\n<p>5-8. Breaking Down Silos: Advancing Integrated Adaptation Action<\/p>[\/et_pb_accordion_item][et_pb_accordion_item title=\"Biodiversity and Ecosystem Services\" _builder_version=\"4.4.0\" open=\"off\"]<p>2-4. The Future of Canadian Forests: Balancing Conservation, Wildfire Resilience, and the Forestry Sector<\/p>\r\n<p>2-7. Working Together in the Face of Dual Crises: Biodiversity Loss and Ecosystem Resilience in a Changing Climate<\/p>\r\n<p>3-4. Working with Nature: Implementing Nature-Based Solutions from Coast-to-Coast<\/p>\r\n<p>4-4. A Solution for Some: Challenges at the Intersection of Equity and Nature-Based Solutions<\/p>[\/et_pb_accordion_item][\/et_pb_accordion][\/et_pb_column][\/et_pb_row][et_pb_row module_id=\"LCF\" _builder_version=\"4.4.0\"][et_pb_column type=\"4_4\" _builder_version=\"4.4.0\"][et_pb_text _builder_version=\"4.4.0\" header_font_size=\"32px\" header_line_height=\"1.4em\" header_2_line_height=\"1.4em\" header_3_font=\"|600|||||||\" header_3_line_height=\"1.4em\" link_option_url_new_window=\"on\" header_2_font_size_tablet=\"22px\" header_2_font_size_phone=\"23px\" header_2_font_size_last_edited=\"on|phone\" header_3_font_size_tablet=\"\" header_3_font_size_phone=\"\" header_3_font_size_last_edited=\"on|phone\"]<h2>Explore Sessions by Sector<\/h2>\r\n<p>Exploring sessions by sectors is another way to find the best fit for your expertise, experience, or innovative ideas in the program, and see how different sectors are responding to challenges and opportunities of climate impacts. Use this list as a starting point to explore preliminary sessions based on specific areas of work.<\/p>\r\n<blockquote><\/blockquote>[\/et_pb_text][et_pb_accordion _builder_version=\"4.4.0\"][et_pb_accordion_item title=\"Communications and Engagement\" open=\"on\" _builder_version=\"4.4.0\"]<p>1-8. Messaging that Resonates: Effective Communications for Climate Resilience<\/p>\r\n<p>4-8. What Matters? Approaching Climate Adaptation through a Values-based Lens<\/p>\r\n<p>6-8. How We Tell the Story: Communicating Across Experience<\/p>\r\n<p>6-10. Arts for Adaptation: Climate Resilience through Creative Interventions<\/p>[\/et_pb_accordion_item][et_pb_accordion_item title=\"Forestry, Mining, and Agriculture\" _builder_version=\"4.4.0\" open=\"off\"]<p>2-4. The Future of Canadian Forests: Balancing Conservation, Wildfire Resilience, and the Forestry Sector<\/p>\r\n<p>2-5. Progress in Canada\u2019s Mining Sector: Integrating Adaptation into Sustainable Mining Practices<\/p>\r\n<p>2-6. Feeding the Future: Cultivating Climate Resilient Food Systems<\/p>\r\n<p>6-2. The Future of Farming: Innovative Approaches to Agricultural Resilience<\/p>[\/et_pb_accordion_item][et_pb_accordion_item title=\"Housing and Infrastructure\" _builder_version=\"4.4.0\" open=\"off\"]<p>3-1. Built to Last: Mainstreaming Resilience across Housing & Infrastructure Projects in Canada<\/p>\r\n<p>3-8. (Re)Building for Good: Equitable, Evidence-Based Approaches to Climate-Resilient Housing<\/p>\r\n<p>4-5. Equity at the Forefront: Integrating Equity into Infrastructure Projects<\/p>\r\n<p>6-9. Designing Belonging: Social Resilience, Health Equity, and the Built Environment<\/p>[\/et_pb_accordion_item][et_pb_accordion_item title=\"Health and Wellbeing\" _builder_version=\"4.4.0\" open=\"off\"]<p>1-2. Health and Wellbeing in a Changing Climate: Challenges and Opportunities on the Road Ahead<\/p>\r\n<p>1-5. Climate Grief and Mental Health: Supporting Mental and Emotional Wellbeing as Impacts Increase<\/p>\r\n<p>4-2. Not Just Dollars and Cents: Understanding the Human Costs of Climate Change<\/p>\r\n<p>6-9. Designing Belonging: Social Resilience, Health Equity, and the Built Environment<\/p>[\/et_pb_accordion_item][et_pb_accordion_item title=\"Economic Development and Innovation\" _builder_version=\"4.4.0\" open=\"off\"]<p>3-7. Navigating Supply Chain Challenges: Adaptation Strategies Across Sectors<\/p>\r\n<p>5-5. Building a Climate-Ready Workforce: Strengthening Adaptation Skills Across Sectors<\/p>\r\n<p>6-1. AdapTech: Innovating for Resilience<\/p>\r\n<p>6-4. Promises and Pitfalls: Exploring the Role of AI in Adaptation<\/p>[\/et_pb_accordion_item][\/et_pb_accordion][\/et_pb_column][\/et_pb_row][et_pb_row module_id=\"LCF\" _builder_version=\"4.4.0\" custom_padding=\"||0px||false|false\"][et_pb_column type=\"4_4\" _builder_version=\"4.4.0\"][et_pb_text _builder_version=\"4.4.0\" header_font_size=\"32px\" header_line_height=\"1.4em\" header_2_line_height=\"1.4em\" header_3_font=\"|600|||||||\" header_3_line_height=\"1.4em\" link_option_url_new_window=\"on\" header_2_font_size_tablet=\"22px\" header_2_font_size_phone=\"23px\" header_2_font_size_last_edited=\"on|phone\" header_3_font_size_tablet=\"\" header_3_font_size_phone=\"\" header_3_font_size_last_edited=\"on|phone\"]<h2>Apply to Speak<\/h2>\r\n<p>Once you find a session that aligns with your work or lived experience:<\/p>\r\n<ul>\r\n<li><a href=\"https:\/\/adaptationcanada2026.ca\/call-for-speakers\/\" target=\"_blank\" rel=\"noopener noreferrer\">Download and review the Speaker Information Guide<\/a> and Addendum, which includes more details on how to frame your proposal<\/li>\r\n<li><a href=\"https:\/\/site.pheedloop.com\/portal\/event\/EVEHXTGEVFSJO\/submission\/CALESCJ2RJP84SM\/application#start\/?lang=EN\" target=\"_blank\" rel=\"noopener noreferrer\">Complete a Speaker Submission Form<\/a> for the session you have selected<\/li>\r\n<li>Submit your application before Sunday, November 30, 2025, at 11:59 pm PT<\/li>\r\n<\/ul>\r\n<p>If you would like to apply to speak in multiple sessions, you can do so by submitting multiple Speaker Submission Forms. Note that the review process prioritizes a balanced speaker line-up, and the number of times that an individual or organization is accepted to speak will reflect this need for balance. For this reason, it is best to prioritize submitting applications to sessions where your contribution will have the biggest impact.<\/p>\r\n<p>If you have any questions about the application process, please reach out to <a href=\"mailto:ac2026@iclei.org\" target=\"_blank\" rel=\"noopener noreferrer\">ac2026@iclei.org<\/a>.<\/p>\r\n<blockquote><\/blockquote>[\/et_pb_text][\/et_pb_column][\/et_pb_row][\/et_pb_section][et_pb_section fb_built=\"1\" _builder_version=\"4.4.0\" custom_margin=\"||||false|false\" custom_padding=\"0px||||false|false\"][et_pb_row column_structure=\"1_3,1_3,1_3\" _builder_version=\"4.4.0\" background_enable_color=\"off\" background_image=\"https:\/\/icleicanada.org\/wp-content\/uploads\/2025\/09\/AC2026-2025-09-Blog-Feature-Image-1.png\" custom_margin=\"0px||40px||false|false\" custom_padding=\"40px|40px|40px|40px|false|true\" max_width__hover_enabled=\"on|desktop\"][et_pb_column type=\"1_3\" _builder_version=\"4.4.0\"][et_pb_image src=\"https:\/\/icleicanada.org\/wp-content\/uploads\/2025\/11\/2025-11-21-Adaptation-Canada-Images-3.png\" url=\"https:\/\/adaptationcanada2026.ca\/call-for-speakers\/\" url_new_window=\"on\" _builder_version=\"4.4.0\" width=\"70%\" module_alignment=\"center\" custom_padding_tablet=\"\" custom_padding_phone=\"\" custom_padding_last_edited=\"on|desktop\" hover_enabled=\"0\"][\/et_pb_image][et_pb_text _builder_version=\"4.4.0\" header_2_line_height=\"1.4em\" header_4_text_align=\"center\" header_4_line_height=\"1.4em\" background_layout=\"dark\" custom_margin=\"|20px||20px|false|false\" link_option_url=\"https:\/\/adaptationcanada2026.ca\/call-for-speakers\/\" link_option_url_new_window=\"on\" header_font_size_tablet=\"\" header_font_size_phone=\"27px\" header_font_size_last_edited=\"on|phone\" header_2_font_size_tablet=\"24px\" header_2_font_size_phone=\"23px\" header_2_font_size_last_edited=\"on|desktop\"]<h4>Download the Speaker Information Guide<\/h4>[\/et_pb_text][\/et_pb_column][et_pb_column type=\"1_3\" _builder_version=\"4.4.0\"][et_pb_image src=\"https:\/\/icleicanada.org\/wp-content\/uploads\/2025\/11\/2025-11-21-Adaptation-Canada-Images-1-1.png\" url=\"https:\/\/site.pheedloop.com\/portal\/event\/EVEHXTGEVFSJO\/submission\/CALESCJ2RJP84SM\/application#start\/\" url_new_window=\"on\" _builder_version=\"4.4.0\" width=\"70%\" module_alignment=\"center\" custom_padding_tablet=\"\" custom_padding_phone=\"\" custom_padding_last_edited=\"on|desktop\" hover_enabled=\"0\"][\/et_pb_image][et_pb_text _builder_version=\"4.4.0\" header_2_line_height=\"1.4em\" header_4_text_align=\"center\" header_4_line_height=\"1.4em\" background_layout=\"dark\" custom_margin=\"|20px||20px|false|false\" link_option_url=\"https:\/\/site.pheedloop.com\/portal\/event\/EVEHXTGEVFSJO\/submission\/CALESCJ2RJP84SM\/application#start\/\" link_option_url_new_window=\"on\" header_font_size_tablet=\"\" header_font_size_phone=\"27px\" header_font_size_last_edited=\"on|phone\" header_2_font_size_tablet=\"24px\" header_2_font_size_phone=\"23px\" header_2_font_size_last_edited=\"on|desktop\"]<h4>Complete a Speaker Submission Form<\/h4>[\/et_pb_text][\/et_pb_column][et_pb_column type=\"1_3\" _builder_version=\"4.4.0\"][et_pb_image src=\"https:\/\/icleicanada.org\/wp-content\/uploads\/2025\/11\/2025-11-21-Adaptation-Canada-Images-2.png\" url=\"https:\/\/mailchi.mp\/iclei.org\/adaptation-canada-email-list\" url_new_window=\"on\" _builder_version=\"4.4.0\" width=\"70%\" module_alignment=\"center\" custom_padding_tablet=\"\" custom_padding_phone=\"\" custom_padding_last_edited=\"on|desktop\" hover_enabled=\"0\"][\/et_pb_image][et_pb_text _builder_version=\"4.4.0\" header_2_line_height=\"1.4em\" header_4_text_align=\"center\" header_4_line_height=\"1.4em\" background_layout=\"dark\" custom_margin=\"|20px||20px|false|false\" link_option_url=\"https:\/\/mailchi.mp\/iclei.org\/adaptation-canada-email-list\" link_option_url_new_window=\"on\" header_font_size_tablet=\"\" header_font_size_phone=\"27px\" header_font_size_last_edited=\"on|phone\" header_2_font_size_tablet=\"24px\" header_2_font_size_phone=\"23px\" header_2_font_size_last_edited=\"on|desktop\"]<h4>Join Adaptation Canada's Email List<\/h4>[\/et_pb_text][\/et_pb_column][\/et_pb_row][et_pb_row _builder_version=\"4.4.0\"][et_pb_column type=\"4_4\" _builder_version=\"4.4.0\"][et_pb_image src=\"https:\/\/icleicanada.org\/wp-content\/uploads\/2025\/06\/AC26_LOGO_Colour-Small.png\" url=\"https:\/\/adaptationcanada2026.ca\/\" url_new_window=\"on\" align=\"center\" _builder_version=\"4.4.0\"][\/et_pb_image][et_pb_text _builder_version=\"4.4.0\" header_5_font=\"|600|||||||\" header_5_line_height=\"1.4em\" width=\"70%\" module_alignment=\"center\" custom_margin=\"40px||||false|false\" custom_padding=\"||||false|false\"]<div class=\"et_pb_module et_pb_text et_pb_text_4  et_pb_text_align_center et_pb_bg_layout_light\">\r\n<div class=\"et_pb_text_inner\">\r\n<p><em>Adaptation Canada 2026 is delivered by ICLEI Canada with support from a network of partners and sponsors. It is funded in part by the Government of Canada.\u00a0<\/em><\/p>\r\n<\/div>\r\n<\/div>[\/et_pb_text][\/et_pb_column][\/et_pb_row][\/et_pb_section][et_pb_section fb_built=\"1\" admin_label=\"Footer\" _builder_version=\"4.4.0\" background_color=\"#00646c\" background_enable_image=\"off\" custom_padding=\"86px||90px||false|false\" global_module=\"57114\" saved_tabs=\"all\"][et_pb_row column_structure=\"1_3,2_3\" use_custom_gutter=\"on\" make_equal=\"on\" _builder_version=\"3.25\" background_size=\"initial\" background_position=\"top_left\" background_repeat=\"repeat\" custom_padding=\"|||\"][et_pb_column type=\"1_3\" _builder_version=\"3.25\" background_color=\"#ffffff\" background_position=\"top_left\" custom_padding=\"50px|40px|50px|40px\" custom_padding__hover=\"|||\"][et_pb_text admin_label=\"Contact US Title\" _builder_version=\"4.4.0\" text_font_size=\"16px\" header_font=\"Montserrat||||\" header_text_color=\"#1f1f1f\" header_font_size=\"22px\" custom_padding=\"0px|0px|0px|0px\" animation_direction=\"bottom\"]<h1>Reach us<\/h1>\r\n<p style=\"text-align: center;\">[\/et_pb_text][et_pb_text admin_label=\"Contact US Text\" _builder_version=\"4.4.0\" text_font=\"|300|||||||\" text_font_size=\"16px\" text_line_height=\"1.8em\" header_font=\"||||||||\" header_text_color=\"#1f1f1f\" custom_margin=\"20px||40px|\" custom_padding=\"0px|0px|0px|0px\" animation_direction=\"bottom\"]Contact us to learn more about our\u00a0 network, services, and events.<\/p>\r\n<p style=\"text-align: center;\">[\/et_pb_text][et_pb_blurb title=\"ICLEI Canada \" use_icon=\"on\" font_icon=\"%%249%%\" icon_placement=\"left\" use_icon_font_size=\"on\" icon_font_size=\"28px\" icon_font_size_last_edited=\"off|desktop\" admin_label=\"Address\" _builder_version=\"4.4.0\" header_font=\"|300|||||||\" header_font_size=\"17px\" body_font=\"|300|||||||\" body_font_size=\"15px\" custom_margin=\"|||\" animation_direction=\"bottom\"]<p>401 Richmond St W (Suite 204)<br \/> Toronto, ON M5V 3A8<\/p>\r\n<p style=\"text-align: center;\">[\/et_pb_blurb][et_pb_blurb use_icon=\"on\" font_icon=\"%%238%%\" icon_placement=\"left\" use_icon_font_size=\"on\" icon_font_size=\"28px\" icon_font_size_last_edited=\"off|desktop\" admin_label=\"Email\" _builder_version=\"4.4.0\" body_font=\"|300|||||||\" body_font_size=\"16px\" custom_margin=\"|||\" animation_direction=\"bottom\"]iclei-canada@iclei.org<\/p>\r\n<p style=\"text-align: center;\">[\/et_pb_blurb][et_pb_social_media_follow admin_label=\"Facebook\" _builder_version=\"4.4.0\" text_orientation=\"center\" custom_margin=\"|||\" border_radii=\"on|100%|100%|100%|100%\" link_shape=\"circle\"][et_pb_social_media_follow_network social_network=\"linkedin\" url=\"https:\/\/www.linkedin.com\/company\/iclei-canada\/\" _builder_version=\"4.4.0\" background_color=\"#c1c1c1\" custom_margin=\"|0px||\" bg_color=\"#007bb6\" link_shape=\"circle\" follow_button=\"off\" url_new_window=\"on\"]linkedin[\/et_pb_social_media_follow_network][\/et_pb_social_media_follow][et_pb_social_media_follow _builder_version=\"3.0.87\"][\/et_pb_social_media_follow][\/et_pb_column][et_pb_column type=\"2_3\" _builder_version=\"3.25\" background_color=\"#ffffff\" background_position=\"top_left\" custom_padding=\"50px|40px|50px|40px\" custom_padding__hover=\"|||\"][et_pb_text admin_label=\"Contact US Title\" _builder_version=\"4.4.0\" text_font_size=\"16px\" header_font=\"Montserrat||||\" header_text_color=\"#1f1f1f\" header_font_size=\"22px\" custom_padding=\"0px|0px|0px|0px\" animation_direction=\"bottom\"]<h1>Join our email list<\/h1>\r\n<p style=\"text-align: center;\">[\/et_pb_text][et_pb_code _builder_version=\"4.4.0\"]<!-- Begin Mailchimp Signup Form --><!-- [et_pb_line_break_holder] --><link href=\"\/\/cdn-images.mailchimp.com\/embedcode\/classic-071822.css\" rel=\"stylesheet\" type=\"text\/css\"><!-- [et_pb_line_break_holder] --><style type=\"text\/css\"><!-- [et_pb_line_break_holder] -->\t#mc_embed_signup{background:#fff; clear:left; font:14px Helvetica,Arial,sans-serif; }<!-- [et_pb_line_break_holder] -->\t\/* Add your own Mailchimp form style overrides in your site stylesheet or in this style block.<!-- [et_pb_line_break_holder] -->\t   We recommend moving this block and the preceding CSS link to the HEAD of your HTML file. *\/<!-- [et_pb_line_break_holder] --><\/style><!-- [et_pb_line_break_holder] --><div id=\"mc_embed_signup\"><!-- [et_pb_line_break_holder] -->    <form action=\"https:\/\/icleicanada.us12.list-manage.com\/subscribe\/post?u=e3cc0564d955ddfa1ae97cb81&id=45fdde9fdb&f_id=008ab0e0f0\" method=\"post\" id=\"mc-embedded-subscribe-form\" name=\"mc-embedded-subscribe-form\" class=\"validate\" target=\"_blank\" novalidate><!-- [et_pb_line_break_holder] -->        <div id=\"mc_embed_signup_scroll\"><!-- [et_pb_line_break_holder] -->        <div class=\"indicates-required\"><span class=\"asterisk\">*<\/span> indicates required<\/div><!-- [et_pb_line_break_holder] --><div class=\"mc-field-group\"><!-- [et_pb_line_break_holder] -->\t<label for=\"mce-EMAIL\">Email Address  <span class=\"asterisk\">*<\/span><!-- [et_pb_line_break_holder] --><\/label><!-- [et_pb_line_break_holder] -->\t<input type=\"email\" value=\"\" name=\"EMAIL\" class=\"required email\" id=\"mce-EMAIL\" required><!-- [et_pb_line_break_holder] -->\t<span id=\"mce-EMAIL-HELPERTEXT\" class=\"helper_text\"><\/span><!-- [et_pb_line_break_holder] --><\/div><!-- [et_pb_line_break_holder] --><div class=\"mc-field-group\"><!-- [et_pb_line_break_holder] -->\t<label for=\"mce-FNAME\">First Name  <span class=\"asterisk\">*<\/span><!-- [et_pb_line_break_holder] --><\/label><!-- [et_pb_line_break_holder] -->\t<input type=\"text\" value=\"\" name=\"FNAME\" class=\"required\" id=\"mce-FNAME\" required><!-- [et_pb_line_break_holder] -->\t<span id=\"mce-FNAME-HELPERTEXT\" class=\"helper_text\"><\/span><!-- [et_pb_line_break_holder] --><\/div><!-- [et_pb_line_break_holder] --><div class=\"mc-field-group\"><!-- [et_pb_line_break_holder] -->\t<label for=\"mce-LNAME\">Last Name <\/label><!-- [et_pb_line_break_holder] -->\t<input type=\"text\" value=\"\" name=\"LNAME\" class=\"\" id=\"mce-LNAME\"><!-- [et_pb_line_break_holder] -->\t<span id=\"mce-LNAME-HELPERTEXT\" class=\"helper_text\"><\/span><!-- [et_pb_line_break_holder] --><\/div><!-- [et_pb_line_break_holder] --><div class=\"mc-field-group\"><!-- [et_pb_line_break_holder] -->\t<label for=\"mce-MMERGE6\">Organization <\/label><!-- [et_pb_line_break_holder] -->\t<input type=\"text\" value=\"\" name=\"MMERGE6\" class=\"\" id=\"mce-MMERGE6\"><!-- [et_pb_line_break_holder] -->\t<span id=\"mce-MMERGE6-HELPERTEXT\" class=\"helper_text\"><\/span><!-- [et_pb_line_break_holder] --><\/div><!-- [et_pb_line_break_holder] -->\t<div id=\"mce-responses\" class=\"clear\"><!-- [et_pb_line_break_holder] -->\t\t<div class=\"response\" id=\"mce-error-response\" style=\"display:none\"><\/div><!-- [et_pb_line_break_holder] -->\t\t<div class=\"response\" id=\"mce-success-response\" style=\"display:none\"><\/div><!-- [et_pb_line_break_holder] -->\t<\/div>    <!-- real people should not fill this in and expect good things - do not remove this or risk form bot signups--><!-- [et_pb_line_break_holder] -->    <div style=\"position: absolute; left: -5000px;\" aria-hidden=\"true\"><input type=\"text\" name=\"b_e3cc0564d955ddfa1ae97cb81_45fdde9fdb\" tabindex=\"-1\" value=\"\"><\/div><!-- [et_pb_line_break_holder] -->    <div class=\"clear\"><input type=\"submit\" value=\"Subscribe\" name=\"subscribe\" id=\"mc-embedded-subscribe\" class=\"button\"><\/div><!-- [et_pb_line_break_holder] -->    <\/div><!-- [et_pb_line_break_holder] --><\/form><!-- [et_pb_line_break_holder] --><\/div><!-- [et_pb_line_break_holder] --><script type='text\/javascript' src='\/\/s3.amazonaws.com\/downloads.mailchimp.com\/js\/mc-validate.js'><\/script><script type='text\/javascript'>(function($) {window.fnames = new Array(); window.ftypes = new Array();fnames[0]='EMAIL';ftypes[0]='email';fnames[1]='FNAME';ftypes[1]='text';fnames[2]='LNAME';ftypes[2]='text';fnames[3]='ADDRESS';ftypes[3]='address';fnames[4]='PHONE';ftypes[4]='phone';fnames[5]='MMERGE5';ftypes[5]='text';fnames[6]='MMERGE6';ftypes[6]='text';}(jQuery));var $mcj = jQuery.noConflict(true);<\/script><!-- [et_pb_line_break_holder] --><!--End mc_embed_signup-->[\/et_pb_code][\/et_pb_column][\/et_pb_row][\/et_pb_section]","_et_gb_content_width":"","footnotes":""},"categories":[93],"tags":[],"class_list":["post-64176","post","type-post","status-publish","format-standard","has-post-thumbnail","hentry","category-nouvelles"],"_links":{"self":[{"href":"https:\/\/icleicanada.org\/fr\/wp-json\/wp\/v2\/posts\/64176","targetHints":{"allow":["GET"]}}],"collection":[{"href":"https:\/\/icleicanada.org\/fr\/wp-json\/wp\/v2\/posts"}],"about":[{"href":"https:\/\/icleicanada.org\/fr\/wp-json\/wp\/v2\/types\/post"}],"author":[{"embeddable":true,"href":"https:\/\/icleicanada.org\/fr\/wp-json\/wp\/v2\/users\/18"}],"replies":[{"embeddable":true,"href":"https:\/\/icleicanada.org\/fr\/wp-json\/wp\/v2\/comments?post=64176"}],"version-history":[{"count":14,"href":"https:\/\/icleicanada.org\/fr\/wp-json\/wp\/v2\/posts\/64176\/revisions"}],"predecessor-version":[{"id":64202,"href":"https:\/\/icleicanada.org\/fr\/wp-json\/wp\/v2\/posts\/64176\/revisions\/64202"}],"wp:featuredmedia":[{"embeddable":true,"href":"https:\/\/icleicanada.org\/fr\/wp-json\/wp\/v2\/media\/64157"}],"wp:attachment":[{"href":"https:\/\/icleicanada.org\/fr\/wp-json\/wp\/v2\/media?parent=64176"}],"wp:term":[{"taxonomy":"category","embeddable":true,"href":"https:\/\/icleicanada.org\/fr\/wp-json\/wp\/v2\/categories?post=64176"},{"taxonomy":"post_tag","embeddable":true,"href":"https:\/\/icleicanada.org\/fr\/wp-json\/wp\/v2\/tags?post=64176"}],"curies":[{"name":"wp","href":"https:\/\/api.w.org\/{rel}","templated":true}]}}